{"id":2634,"date":"2014-10-21T10:19:10","date_gmt":"2014-10-21T08:19:10","guid":{"rendered":"https:\/\/blog.ilgiornale.it\/spirli\/?p=2634"},"modified":"2014-10-21T10:19:25","modified_gmt":"2014-10-21T08:19:25","slug":"basta-gay-in-prima-pagina","status":"publish","type":"post","link":"https:\/\/blog.ilgiornale.it\/spirli\/2014\/10\/21\/basta-gay-in-prima-pagina\/","title":{"rendered":"Basta gay in prima pagina!!!"},"content":{"rendered":"<p><strong>Marted\u00ec 21 ottobre 2014 &#8211; Senza Santi in Paradiso &#8211; Redazione SUD, Area industriale porto di Gioia Tauro<\/strong><\/p>\n<p><a href=\"https:\/\/blog.ilgiornale.it\/spirli\/files\/2014\/10\/gaypride-300x225.jpg\"><img loading=\"lazy\" class=\"alignnone size-full wp-image-2636\" src=\"https:\/\/blog.ilgiornale.it\/spirli\/files\/2014\/10\/gaypride-300x225.jpg\" alt=\"\" width=\"300\" height=\"225\" \/><\/a><\/p>\n<p>E trascrizioni s\u00ec, e trascrizioni no; e adozioni s\u00ec, e adozioni no; e unioni civili, incivili, morali, immorali\u2026 E comunione s\u00ec, e comunione no\u2026 BASTA!!!<\/p>\n<p>Ne abbiamo pieni i maroni di questa Frociata del terzo millennio. Siamo &#8211; e, questa volta, mi ci metto pure io &#8211; costantemente in Prima Pagina a difendere spesso l&#8217;indifendibile.<\/p>\n<p>E&#8217; chiaro che, poi, anche gli etero pi\u00f9 disponibili e pazienti si scoccino e ci diventino nemici. Mi sto frantumando le balle io, figuriamoci gli italiani che certe tematiche dovrebbero accettarle per empatia.<\/p>\n<p>E&#8217; un continuo: televisione, radio, giornali, angelus, social network, chiacchiere per strada\u2026 Mai stati sulla bocca di tutti, noi ricchioni, come in questo periodo.<\/p>\n<p>Ora sarebbe venuto, secondo me, il tempo dei silenzi. E delle decisioni. Quelle vere, magari. E non le promesse elettorali di politici furbacchioni o le minaccette dei Frocellini da gaypride.<\/p>\n<p><a href=\"https:\/\/blog.ilgiornale.it\/spirli\/files\/2014\/10\/gay2.jpg\"><img loading=\"lazy\" class=\"alignnone size-medium wp-image-2637\" src=\"https:\/\/blog.ilgiornale.it\/spirli\/files\/2014\/10\/gay2-300x168.jpg\" alt=\"\" width=\"300\" height=\"168\" srcset=\"https:\/\/blog.ilgiornale.it\/spirli\/files\/2014\/10\/gay2-300x168.jpg 300w, https:\/\/blog.ilgiornale.it\/spirli\/files\/2014\/10\/gay2.jpg 640w\" sizes=\"(max-width: 300px) 100vw, 300px\" \/><\/a><\/p>\n<p>N\u00e9 sono pi\u00f9 credibili i compromessi farisei di vamp da prima serata televisiva. Autoreferenzianti e sgraditi al buonsenso. E al buongusto.<\/p>\n<p>Stiamo colmando la misura, ecco! E gli italiani non lo perdonano. E fanno bene.<\/p>\n<p>Il lavoro \u00e8 sparito anche dai racconti a tavola, gli immigrati li trovi nella zuccheriera di casa, le malattie debellate in tutto l&#8217;Occidente da cent&#8217;anni tornano parlando lingue estere, le case degli italiani &#8211; costruite a cazzo di cane per decenni &#8211; crollano sotto l&#8217;impeto dei fiumi senza letto, i governi non eletti promettono l&#8217;impromettibile, e noi froci ululiamo da ogni pulpito.<\/p>\n<p>S\u00ec! I diritti sono sacrosanti! Ma, cos\u00ec sbandierati stanno rompendo le scatole a chiunque.<\/p>\n<p>E\u2026 Tanto per dirla\u2026 Non sar\u00e0 troppo &#8220;anomala&#8221; questa sterzata sinodale? Di colpo, ti\u00e8h!, anche la Chiesa sbroccola i diversi fra i diversi e il loro diritto a comunicarsi. Quando si dice le lobbies\u2026<\/p>\n<p>Io mi comunico da sempre e non ho mai confessato come peccato la mia omosessualit\u00e0: sfido qualsiasi prete a rifiutarmi il Corpo di Cristo. In nome di cosa potrebbe farlo? Della Chiesa cattolica che santifica e beatifica froci ad ogni messa cantata?<\/p>\n<p>Ma la cosa che mi spacca gli intestini \u00e8 che, poi, quando li intervisti, i ghei, sono sempre di spalle oppure preferiscono non parlare di s\u00e9 perch\u00e9 la famiglia non sa, o perch\u00e9 non vogliono esporsi, e negano anche la loro vera natura. E quella degli amici, che ricondurrebbe alla loro. Una sorta di menzogna lunga quanto un corteo da gaypride ben riuscito.<\/p>\n<p><a href=\"https:\/\/blog.ilgiornale.it\/spirli\/files\/2014\/10\/gay-oscar_wilde_bosie.jpg\"><img loading=\"lazy\" class=\"alignnone size-medium wp-image-2638\" src=\"https:\/\/blog.ilgiornale.it\/spirli\/files\/2014\/10\/gay-oscar_wilde_bosie-300x212.jpg\" alt=\"\" width=\"300\" height=\"212\" srcset=\"https:\/\/blog.ilgiornale.it\/spirli\/files\/2014\/10\/gay-oscar_wilde_bosie-300x212.jpg 300w, https:\/\/blog.ilgiornale.it\/spirli\/files\/2014\/10\/gay-oscar_wilde_bosie.jpg 330w\" sizes=\"(max-width: 300px) 100vw, 300px\" \/><\/a>(Oscar Wilde e Lord Alfred Douglas &#8220;Bosie&#8221;)<\/p>\n<p>&nbsp;<\/p>\n<p>&nbsp;<\/p>\n<p>&nbsp;<\/p>\n<p>&nbsp;<\/p>\n<p>&nbsp;<\/p>\n<p>&nbsp;<\/p>\n<p>Dunque, tutti a casa. A lavorare seriamente. Ch\u00e9 di carnevalate ne abbiamo patite gi\u00e0 abbastanza.<\/p>\n<p>Ah, inimitabile Wilde!!!<\/p>\n<p>Fra me e me. Omosessuale non petulante!<\/p>\n<p>&nbsp;<\/p>\n<p>&nbsp;<\/p>\n","protected":false},"excerpt":{"rendered":"<p><p>Marted\u00ec 21 ottobre 2014 &#8211; Senza Santi in Paradiso &#8211; Redazione SUD, Area industriale porto di Gioia Tauro E trascrizioni s\u00ec, e trascrizioni no; e adozioni s\u00ec, e adozioni no; e unioni civili, incivili, morali, immorali\u2026 E comunione s\u00ec, e comunione no\u2026 BASTA!!! Ne abbiamo pieni i maroni di questa Frociata del terzo millennio. Siamo &#8211; e, questa volta, mi ci metto pure io &#8211; costantemente in Prima Pagina a difendere spesso l&#8217;indifendibile. E&#8217; chiaro che, poi, anche gli etero pi\u00f9 disponibili e pazienti si scoccino e ci diventino nemici. Mi sto frantumando le balle io, figuriamoci gli italiani che [&hellip;]<\/p>\n&nbsp;&nbsp;<div class=\"readmore\"><a href=\"https:\/\/blog.ilgiornale.it\/spirli\/2014\/10\/21\/basta-gay-in-prima-pagina\/\">Continua a leggere...<\/a><\/div><\/p>","protected":false},"author":1022,"featured_media":0,"comment_status":"open","ping_status":"closed","sticky":false,"template":"","format":"standard","meta":[],"categories":[34304,34319],"tags":[44090,125,58282,8204,58281,21510],"_links":{"self":[{"href":"https:\/\/blog.ilgiornale.it\/spirli\/wp-json\/wp\/v2\/posts\/2634"}],"collection":[{"href":"https:\/\/blog.ilgiornale.it\/spirli\/wp-json\/wp\/v2\/posts"}],"about":[{"href":"https:\/\/blog.ilgiornale.it\/spirli\/wp-json\/wp\/v2\/types\/post"}],"author":[{"embeddable":true,"href":"https:\/\/blog.ilgiornale.it\/spirli\/wp-json\/wp\/v2\/users\/1022"}],"replies":[{"embeddable":true,"href":"https:\/\/blog.ilgiornale.it\/spirli\/wp-json\/wp\/v2\/comments?post=2634"}],"version-history":[{"count":11,"href":"https:\/\/blog.ilgiornale.it\/spirli\/wp-json\/wp\/v2\/posts\/2634\/revisions"}],"predecessor-version":[{"id":2648,"href":"https:\/\/blog.ilgiornale.it\/spirli\/wp-json\/wp\/v2\/posts\/2634\/revisions\/2648"}],"wp:attachment":[{"href":"https:\/\/blog.ilgiornale.it\/spirli\/wp-json\/wp\/v2\/media?parent=2634"}],"wp:term":[{"taxonomy":"category","embeddable":true,"href":"https:\/\/blog.ilgiornale.it\/spirli\/wp-json\/wp\/v2\/categories?post=2634"},{"taxonomy":"post_tag","embeddable":true,"href":"https:\/\/blog.ilgiornale.it\/spirli\/wp-json\/wp\/v2\/tags?post=2634"}],"curies":[{"name":"wp","href":"https:\/\/api.w.org\/{rel}","templated":true}]}}