{"id":2705,"date":"2014-11-01T12:00:57","date_gmt":"2014-11-01T10:00:57","guid":{"rendered":"https:\/\/blog.ilgiornale.it\/spirli\/?p=2705"},"modified":"2014-11-01T12:00:57","modified_gmt":"2014-11-01T10:00:57","slug":"bambini-rumeni-narcotizzati-per-farli-mendicare-arrestate-sei-persone","status":"publish","type":"post","link":"https:\/\/blog.ilgiornale.it\/spirli\/2014\/11\/01\/bambini-rumeni-narcotizzati-per-farli-mendicare-arrestate-sei-persone\/","title":{"rendered":"Bambini rumeni narcotizzati per farli mendicare. Arrestate sei persone."},"content":{"rendered":"<p><strong>Sabato 1 novembre 2014 &#8211; Ognissanti &#8211; Taurianova<\/strong><\/p>\n<p><a href=\"https:\/\/blog.ilgiornale.it\/spirli\/files\/2014\/11\/operazionearneo.jpg\"><img loading=\"lazy\" class=\"alignnone size-medium wp-image-2706\" src=\"https:\/\/blog.ilgiornale.it\/spirli\/files\/2014\/11\/operazionearneo-300x265.jpg\" alt=\"\" width=\"300\" height=\"265\" srcset=\"https:\/\/blog.ilgiornale.it\/spirli\/files\/2014\/11\/operazionearneo-300x265.jpg 300w, https:\/\/blog.ilgiornale.it\/spirli\/files\/2014\/11\/operazionearneo.jpg 485w\" sizes=\"(max-width: 300px) 100vw, 300px\" \/><\/a><\/p>\n<p>Eccoli! Sono loro i sei arrestati con l&#8217;accusa di aver narcotizzato, per farli mendicare, i loro stessi figli e altri bimbi a loro affidati.<\/p>\n<p>Sono tutti rumeni e vivono in Calabria, a Limbadi. Ma, come loro, ce ne sono ovunque. E, spesso, agiscono indisturbati. Perch\u00e9 nessuno li denuncia.<\/p>\n<p>Questa volta \u00e8 accaduto a Gioia Tauro, nel parco di un grande centro commerciale, ma gli \u00e8 andata malissimo. Decine di segnalazioni di cittadini scandalizzati per il maltrattamento dei bambini, sempre ma soprattutto nei caldissimi mesi estivi, hanno portato all&#8217;individuazione dei responsabili e al loro arresto. Due sono in cella. Quattro, purtroppo, ai domiciliari. Io li avrei delicatamente fatti avvicinare ad un pozzo e, senza spezzargli un osso, li avrei delicatamente calati gi\u00f9 in attesa di giudizio. Severo giudizio. Ma questo non si pu\u00f2 dire, perch\u00e9 risulta disumano. Mentre disumano non \u00e8 stato, per questa ciurma di delinquenti, trattare peggio che da bestie dei bambini a cui, peraltro, hanno dato la vita.<\/p>\n<p>Che ce li teniamo a fare, sul suolo italiano, questi schifosi? Bisogna caricarli su un mezzo di trasporto qualsiasi, magari anche le loro stesse scarpe a spinta con calci in culo, e accompagnarli fino al loro Paese. L\u00ec, consegnarli alle loro autorit\u00e0 e alle loro leggi, suppongo pi\u00f9 restrittive delle nostre, se questi furbi ne scappano, e vietargli in ogni modo di rientrare in Italia. Dove non dovrebbero essere graditi. Se, invece, ritornassero, allora, fine pena mai. Eterno pozzo senza fondo.<\/p>\n<p>I bambini, no! I bambini li terrei qui. Li rimetterei in sesto, con l&#8217;aiuto di una buona equipe medica. Li manderei a scuola. Li presenterei agli altri bambini della loro stessa et\u00e0. Gli racconterei le stesse favole che racconto ai miei nipotini. Giocherei con loro e gli insegnerei l&#8217;italiano e ne farei dei buoni cittadini europei. Con quello che hanno passato, lo saranno sicuramente.<\/p>\n<p>L&#8217;operazione che ha portato all&#8217;arresto dei sei \u00e8 iniziata nel mese di Luglio scorso. Cittadini italiani inteneriti da quei bambini evidentemente narcotizzati, ne hanno segnalato la presenza all&#8217;interno di un grande parco commerciale di Gioia Tauro. I Carabinieri, coordinati dalla Procura della Repubblica di Palmi, hanno iniziato ad indagare. L&#8217;evidenza dei fatti era inconfutabile. Bimbi di et\u00e0 compresa fra i 2 e i 12 anni venivano maltrattati e usati per l&#8217;accattonaggio. Lasciati a mendicare in uno stato igienico sanitario da schifo, senza cibo n\u00e9 acqua, scalzi, semivestiti. Vicino ai bidoni della spazzatura. Nel caldo mortale di un&#8217;estate tropicale. Le indagini sono state lunghe. Ma, alla fine, i bambini sono stati salvati. La loro gestione passa, ora, alla Procura di Catanzaro, che dovr\u00e0 decidere sulla decadenza della potest\u00e0 genitoriale.<\/p>\n<p>E speriamo che facciano in fretta.<\/p>\n<p>Un&#8217;ultima considerazione: cacciamoli via!<\/p>\n<p>Fra me e me. Perch\u00e9 i bambini non si toccano!<\/p>\n<p>&nbsp;<\/p>\n<p>&nbsp;<\/p>\n<p>&nbsp;<\/p>\n","protected":false},"excerpt":{"rendered":"<p><p>Sabato 1 novembre 2014 &#8211; Ognissanti &#8211; Taurianova Eccoli! Sono loro i sei arrestati con l&#8217;accusa di aver narcotizzato, per farli mendicare, i loro stessi figli e altri bimbi a loro affidati. Sono tutti rumeni e vivono in Calabria, a Limbadi. Ma, come loro, ce ne sono ovunque. E, spesso, agiscono indisturbati. Perch\u00e9 nessuno li denuncia. Questa volta \u00e8 accaduto a Gioia Tauro, nel parco di un grande centro commerciale, ma gli \u00e8 andata malissimo. Decine di segnalazioni di cittadini scandalizzati per il maltrattamento dei bambini, sempre ma soprattutto nei caldissimi mesi estivi, hanno portato all&#8217;individuazione dei responsabili e al [&hellip;]<\/p>\n&nbsp;&nbsp;<div class=\"readmore\"><a href=\"https:\/\/blog.ilgiornale.it\/spirli\/2014\/11\/01\/bambini-rumeni-narcotizzati-per-farli-mendicare-arrestate-sei-persone\/\">Continua a leggere...<\/a><\/div><\/p>","protected":false},"author":1022,"featured_media":0,"comment_status":"open","ping_status":"closed","sticky":false,"template":"","format":"standard","meta":[],"categories":[34304,34319],"tags":[58300,58299,34338,58302,51109,58301],"_links":{"self":[{"href":"https:\/\/blog.ilgiornale.it\/spirli\/wp-json\/wp\/v2\/posts\/2705"}],"collection":[{"href":"https:\/\/blog.ilgiornale.it\/spirli\/wp-json\/wp\/v2\/posts"}],"about":[{"href":"https:\/\/blog.ilgiornale.it\/spirli\/wp-json\/wp\/v2\/types\/post"}],"author":[{"embeddable":true,"href":"https:\/\/blog.ilgiornale.it\/spirli\/wp-json\/wp\/v2\/users\/1022"}],"replies":[{"embeddable":true,"href":"https:\/\/blog.ilgiornale.it\/spirli\/wp-json\/wp\/v2\/comments?post=2705"}],"version-history":[{"count":7,"href":"https:\/\/blog.ilgiornale.it\/spirli\/wp-json\/wp\/v2\/posts\/2705\/revisions"}],"predecessor-version":[{"id":2713,"href":"https:\/\/blog.ilgiornale.it\/spirli\/wp-json\/wp\/v2\/posts\/2705\/revisions\/2713"}],"wp:attachment":[{"href":"https:\/\/blog.ilgiornale.it\/spirli\/wp-json\/wp\/v2\/media?parent=2705"}],"wp:term":[{"taxonomy":"category","embeddable":true,"href":"https:\/\/blog.ilgiornale.it\/spirli\/wp-json\/wp\/v2\/categories?post=2705"},{"taxonomy":"post_tag","embeddable":true,"href":"https:\/\/blog.ilgiornale.it\/spirli\/wp-json\/wp\/v2\/tags?post=2705"}],"curies":[{"name":"wp","href":"https:\/\/api.w.org\/{rel}","templated":true}]}}