{"id":2813,"date":"2014-11-24T16:25:34","date_gmt":"2014-11-24T14:25:34","guid":{"rendered":"https:\/\/blog.ilgiornale.it\/spirli\/?p=2813"},"modified":"2014-11-24T16:26:22","modified_gmt":"2014-11-24T14:26:22","slug":"la-calabria-non-ha-votato","status":"publish","type":"post","link":"https:\/\/blog.ilgiornale.it\/spirli\/2014\/11\/24\/la-calabria-non-ha-votato\/","title":{"rendered":"La Calabria (non) ha votato"},"content":{"rendered":"<p><strong>Luned\u00ec 24 novembre 2014 &#8211; Cristo Re &#8211; Redazione SUD, Area industriale Porto Gioia Tauro<\/strong><\/p>\n<p>E&#8217; finita. Per i prossimi cinque anni la Calabria (non) ha scelto. A (non) amministrare non sar\u00e0 il Centro Destra di Wanda Ferro.<\/p>\n<p><a href=\"https:\/\/blog.ilgiornale.it\/spirli\/files\/2014\/11\/WANDA.jpg\"><img loading=\"lazy\" class=\"alignnone size-medium wp-image-2819\" src=\"https:\/\/blog.ilgiornale.it\/spirli\/files\/2014\/11\/WANDA-300x99.jpg\" alt=\"\" width=\"300\" height=\"99\" srcset=\"https:\/\/blog.ilgiornale.it\/spirli\/files\/2014\/11\/WANDA-300x99.jpg 300w, https:\/\/blog.ilgiornale.it\/spirli\/files\/2014\/11\/WANDA.jpg 665w\" sizes=\"(max-width: 300px) 100vw, 300px\" \/><\/a><\/p>\n<p>I pochi votanti hanno deciso per tutti. Hanno &#8220;abbracciato la croce&#8221; (si fa per dire) che il 56% dei corregionali ha posto loro sul groppone e hanno demandato agli avversari del CentroDestra di Wanda Ferro di occuparsi dell&#8217;amministrazione della Cosa Nostra.<\/p>\n<p>Di noi calabresi, dico.<\/p>\n<p>E quella corposa treccia di avversari del CentroDestra di Wanda Ferro, fatta di fili multicolore totalmente spaiati fra loro, oggi brinda a novello 2014. Accompagnato da ndujia e peperoncino, cipolla e sardella, cuddhuri e viscott&#8217;i &#8216;ranu.<\/p>\n<p>Quello che i Titolisti si aspettavano e in cui speravano, probabilmente, per non dover sudare a cercare fra le proposte serie di eventuali eletti d&#8217;altra pasta.<\/p>\n<p>Ahhh! Quant&#8217;\u00e8 contenta l&#8217;Akalahabryhijiah, ora! Questo ritorno al saracenismo \u00e8 una sorta di toccasana. Magari una porta aperta al nuovo che avanza in terra di Siria e Iraq.<\/p>\n<p>Altri sogni. Altre speranze sono state sepolte dalla pigrizia e dal menefottismo incarnato in un popolo appassito e rincitrullito da pomeriggi televisionari e serate annoiate di pizzeria e app da cellulare al tavolino di pub.<\/p>\n<p>Magari le nostre donne vestiranno di nero e torneranno a sedere sul &#8220;pizz\u00f2lo&#8221; davanti alla porta di casa. I ragazzini torneranno a giocare con il &#8220;pir\u00f2ci&#8221; o palorgio, che dir si voglia. I nostri anziani, barritta in testa e ddubbotti in spalla, si faranno fotografare da cronisti in visita nella &#8220;terra di ieri&#8221;, come comparse da film sul brigante Musolino.<\/p>\n<p><a href=\"https:\/\/blog.ilgiornale.it\/spirli\/files\/2014\/11\/MUSOLINO.jpg\"><img loading=\"lazy\" class=\"alignnone size-medium wp-image-2818\" src=\"https:\/\/blog.ilgiornale.it\/spirli\/files\/2014\/11\/MUSOLINO-300x190.jpg\" alt=\"\" width=\"300\" height=\"190\" srcset=\"https:\/\/blog.ilgiornale.it\/spirli\/files\/2014\/11\/MUSOLINO-300x190.jpg 300w, https:\/\/blog.ilgiornale.it\/spirli\/files\/2014\/11\/MUSOLINO.jpg 400w\" sizes=\"(max-width: 300px) 100vw, 300px\" \/><\/a><\/p>\n<p>Uno sciaguratamente &#8220;sano&#8221; ritorno al passato. Alle radici tanto faticosamente dimenticate. Senza tanti grilli moderni per la testa.<\/p>\n<p>Anche il ciao sparir\u00e0. Per lasciare spazio al pi\u00f9 tradizionale &#8220;Bongiornu, Vossignur\u00eca, Signuri e Cavaleri&#8221;, che rende sempre meglio\u2026<\/p>\n<p>Dallo Stretto arriver\u00e0 in ossequio il cinematografico &#8220;baciamo le mani a Voss\u00eca&#8221;, da Roma la benedizione della Curiazza grassa, da Nova Iorch i p\u00eccciuli.<\/p>\n<p>Viva la Calabria che (non) ha votato.<\/p>\n<p>Viva la Calabria con le case di cemento e mattoni. A vista.<\/p>\n<p><a href=\"https:\/\/blog.ilgiornale.it\/spirli\/files\/2014\/11\/281.jpg\"><img loading=\"lazy\" class=\"alignnone size-medium wp-image-2821\" src=\"https:\/\/blog.ilgiornale.it\/spirli\/files\/2014\/11\/281-300x200.jpg\" alt=\"\" width=\"300\" height=\"200\" srcset=\"https:\/\/blog.ilgiornale.it\/spirli\/files\/2014\/11\/281-300x200.jpg 300w, https:\/\/blog.ilgiornale.it\/spirli\/files\/2014\/11\/281.jpg 698w\" sizes=\"(max-width: 300px) 100vw, 300px\" \/><\/a><\/p>\n<p>Fra me e me. Che ancora ci credo.<\/p>\n<p>&nbsp;<\/p>\n<p>&nbsp;<\/p>\n","protected":false},"excerpt":{"rendered":"<p><p>Luned\u00ec 24 novembre 2014 &#8211; Cristo Re &#8211; Redazione SUD, Area industriale Porto Gioia Tauro E&#8217; finita. Per i prossimi cinque anni la Calabria (non) ha scelto. A (non) amministrare non sar\u00e0 il Centro Destra di Wanda Ferro. I pochi votanti hanno deciso per tutti. Hanno &#8220;abbracciato la croce&#8221; (si fa per dire) che il 56% dei corregionali ha posto loro sul groppone e hanno demandato agli avversari del CentroDestra di Wanda Ferro di occuparsi dell&#8217;amministrazione della Cosa Nostra. Di noi calabresi, dico. E quella corposa treccia di avversari del CentroDestra di Wanda Ferro, fatta di fili multicolore totalmente spaiati [&hellip;]<\/p>\n&nbsp;&nbsp;<div class=\"readmore\"><a href=\"https:\/\/blog.ilgiornale.it\/spirli\/2014\/11\/24\/la-calabria-non-ha-votato\/\">Continua a leggere...<\/a><\/div><\/p>","protected":false},"author":1022,"featured_media":0,"comment_status":"open","ping_status":"closed","sticky":false,"template":"","format":"standard","meta":[],"categories":[34319],"tags":[58323,58322,13580,43462,58321,58291],"_links":{"self":[{"href":"https:\/\/blog.ilgiornale.it\/spirli\/wp-json\/wp\/v2\/posts\/2813"}],"collection":[{"href":"https:\/\/blog.ilgiornale.it\/spirli\/wp-json\/wp\/v2\/posts"}],"about":[{"href":"https:\/\/blog.ilgiornale.it\/spirli\/wp-json\/wp\/v2\/types\/post"}],"author":[{"embeddable":true,"href":"https:\/\/blog.ilgiornale.it\/spirli\/wp-json\/wp\/v2\/users\/1022"}],"replies":[{"embeddable":true,"href":"https:\/\/blog.ilgiornale.it\/spirli\/wp-json\/wp\/v2\/comments?post=2813"}],"version-history":[{"count":14,"href":"https:\/\/blog.ilgiornale.it\/spirli\/wp-json\/wp\/v2\/posts\/2813\/revisions"}],"predecessor-version":[{"id":2832,"href":"https:\/\/blog.ilgiornale.it\/spirli\/wp-json\/wp\/v2\/posts\/2813\/revisions\/2832"}],"wp:attachment":[{"href":"https:\/\/blog.ilgiornale.it\/spirli\/wp-json\/wp\/v2\/media?parent=2813"}],"wp:term":[{"taxonomy":"category","embeddable":true,"href":"https:\/\/blog.ilgiornale.it\/spirli\/wp-json\/wp\/v2\/categories?post=2813"},{"taxonomy":"post_tag","embeddable":true,"href":"https:\/\/blog.ilgiornale.it\/spirli\/wp-json\/wp\/v2\/tags?post=2813"}],"curies":[{"name":"wp","href":"https:\/\/api.w.org\/{rel}","templated":true}]}}