{"id":2902,"date":"2014-12-05T18:45:17","date_gmt":"2014-12-05T16:45:17","guid":{"rendered":"https:\/\/blog.ilgiornale.it\/spirli\/?p=2902"},"modified":"2014-12-05T18:45:17","modified_gmt":"2014-12-05T16:45:17","slug":"milano-forestiera-anzi-straniera","status":"publish","type":"post","link":"https:\/\/blog.ilgiornale.it\/spirli\/2014\/12\/05\/milano-forestiera-anzi-straniera\/","title":{"rendered":"Milano forestiera. Anzi, straniera."},"content":{"rendered":"<p><strong>Venerd\u00ec 5 dicembre 2014 &#8211; San Giulio &#8211; Redazione SUD, Area industriale Gioia Tauro<\/strong><\/p>\n<p><a href=\"https:\/\/blog.ilgiornale.it\/spirli\/files\/2014\/12\/jdhhieig.jpg\"><img loading=\"lazy\" class=\"alignnone size-medium wp-image-2905\" src=\"https:\/\/blog.ilgiornale.it\/spirli\/files\/2014\/12\/jdhhieig-300x87.jpg\" alt=\"\" width=\"300\" height=\"87\" srcset=\"https:\/\/blog.ilgiornale.it\/spirli\/files\/2014\/12\/jdhhieig-300x87.jpg 300w, https:\/\/blog.ilgiornale.it\/spirli\/files\/2014\/12\/jdhhieig-1024x297.jpg 1024w, https:\/\/blog.ilgiornale.it\/spirli\/files\/2014\/12\/jdhhieig.jpg 1925w\" sizes=\"(max-width: 300px) 100vw, 300px\" \/><\/a><\/p>\n<p><strong>Due giorni a Milano, due soli giorni molto intensi. Il tempo di siglare un accordo &#8220;familiare&#8221;.<\/strong><\/p>\n<p>SUD, la tiv\u00f9 che mi onoro di aver fondato e di dirigere, la tiv\u00f9 figlia di quella TVEsse che, per prima, negli anni Settanta\/Ottanta nacque in queste contrade, si \u00e8 gemellata a Il Giornale OFF, che ho visto nascere e che sento come nipote quanto SUD \u00e8 figlia.<\/p>\n<p>Un brindisi italiano in uno dei locali pi\u00f9 garbati e fini della citt\u00e0 meneghina, una stretta di mano e tanti amici a sostegno di un grande progetto che prender\u00e0 forma nelle prossime settimane, nei prossimi mesi.<\/p>\n<p><a href=\"https:\/\/blog.ilgiornale.it\/spirli\/files\/2014\/12\/logo-vero1.jpg\"><img loading=\"lazy\" class=\"alignnone size-medium wp-image-2906\" src=\"https:\/\/blog.ilgiornale.it\/spirli\/files\/2014\/12\/logo-vero1-300x226.jpg\" alt=\"\" width=\"300\" height=\"226\" srcset=\"https:\/\/blog.ilgiornale.it\/spirli\/files\/2014\/12\/logo-vero1-300x226.jpg 300w, https:\/\/blog.ilgiornale.it\/spirli\/files\/2014\/12\/logo-vero1.jpg 960w\" sizes=\"(max-width: 300px) 100vw, 300px\" \/><\/a><\/p>\n<p>Ma di italiano, appunto, nella citt\u00e0 della Madonnina, fatta eccezione per il nostro brindisi (volutamente con vino italiano), resta, faticosamente, poco. L&#8217;animo dei suoi abitanti, la loro tenacia, il sogno di poter mangiare panettone ancora per qualche decennio. <strong>Per il resto, c&#8217;\u00e8 il kebabbaro. La kasbah intorno alla Stazione centrale.<\/strong> Le migliaia di non milanesi che sciamano ovunque. Perfino in Galleria, dove sventolano, arroganti ma con falsa timidezza, sciarpe similvuitt\u00f2n come fossero muletas. Ne venderanno? Non lo so. Ma danno fastidio. Come quell&#8217;odore forte e dolciastro di cipolla stufata in salsa di soia o spezie orientali, che si espande per mezza Milano, mentre l&#8217;altra met\u00e0 patisce i belati dei montoni scannati.<\/p>\n<p><a href=\"https:\/\/blog.ilgiornale.it\/spirli\/files\/2014\/12\/immigrati-milano.jpg\"><img loading=\"lazy\" class=\"alignnone size-medium wp-image-2907\" src=\"https:\/\/blog.ilgiornale.it\/spirli\/files\/2014\/12\/immigrati-milano-300x194.jpg\" alt=\"\" width=\"300\" height=\"194\" srcset=\"https:\/\/blog.ilgiornale.it\/spirli\/files\/2014\/12\/immigrati-milano-300x194.jpg 300w, https:\/\/blog.ilgiornale.it\/spirli\/files\/2014\/12\/immigrati-milano.jpg 540w\" sizes=\"(max-width: 300px) 100vw, 300px\" \/><\/a><\/p>\n<p><strong>Mi aspettavo i piccioni, davanti al Duomo: c&#8217;erano dei tamil con dei cosi di plastica<\/strong> che, sparati nel cielo, scendendo si illuminano. #robacinese<\/p>\n<p>Nelle vetrine dei ristoranti, soprattutto pesce crudo che muore su palline di riso: sushi giapponese in tutte le salse. Per gustare e godermi un risotto con l&#8217;ossobuco ho dovuto chiedere ai miei amici, che hanno individuato, a fatica, un rist\u00f2 chicchissimo, dove mi son potuto tuffare su un piatto della tradizione.<\/p>\n<p>La passeggiata pomeridiana per le vie del Centro me le ha fatte sentire tutte, le lingue periferiche del mondo. Dal filippino all&#8217;hindi, dall&#8217;arabo al wolof, al bambar\u00e0\u2026 Al roman\u00ec, la pi\u00f9 bisbigliata in metro e sui bus.<\/p>\n<p><strong>Altro che <em>el nost Milan! <\/em><\/strong>Qui, oltre ai lombardi, mancano anche gli Italiani!<\/p>\n<p>La Citt\u00e0 \u00e8 un formicare di non italiani, qui pi\u00f9 che altrove, che, devo dire, preoccupa.<\/p>\n<p><strong>Sar\u00f2 razzista, ma a me sembrano un po&#8217; troppi, sotto le guglie del candido Duomo.<\/strong> Poi, magari, mi sbaglio pure. Per\u00f2, rispetto agli anni in cui ero ragazzino, e venivo a Milano per perdermi con gli occhi davanti alle gigantesche cotolette delle trattorie familiari, i forestieri hanno lasciato il posto agli stranieri. Tanto da aver snaturato anche l&#8217;aria che si respira. Nuovi profumi, nuovi aromi, nuove puzze. Anche il naso, oltre al cuore, ne patisce. Perch\u00e9 a Milano, la Violetta di Parma ha ceduto il passo all&#8217;essenza di sandalo e patchouli. Spesso anche al muschio di cervo.<\/p>\n<p><strong>Insomma, dov&#8217;\u00e8 Milano? Dove, se posso, quello spavaldo &#8220;Non si affittano case ai meridionali&#8221;, che tanti ne ha offesi negli anni dell&#8217;immigrazione interna?<\/strong> Cos&#8217;\u00e8 successo ai milanesi, che sopportano, anzi accolgono ben altri meridionali? Forse non se ne accorgono di questa corposa invasione multietnica? O, magari, l&#8217;hanno gi\u00e0 digerita?<\/p>\n<p>L&#8217;Umanit\u00e0, si sa, \u00e8 capace di grande pazienza.<\/p>\n<p>Milano, crocevia del mondo del domani, dunque.<\/p>\n<p><strong>Per il momento, continuo a scrivere in italiano.<\/strong><\/p>\n<p><strong>Fra me e me. Sognando il panettone, mentre mangio, a malincuore, chebakia.<\/strong><\/p>\n<p>&nbsp;<\/p>\n<p>&nbsp;<\/p>\n<p>&nbsp;<\/p>\n","protected":false},"excerpt":{"rendered":"<p><p>Venerd\u00ec 5 dicembre 2014 &#8211; San Giulio &#8211; Redazione SUD, Area industriale Gioia Tauro Due giorni a Milano, due soli giorni molto intensi. Il tempo di siglare un accordo &#8220;familiare&#8221;. SUD, la tiv\u00f9 che mi onoro di aver fondato e di dirigere, la tiv\u00f9 figlia di quella TVEsse che, per prima, negli anni Settanta\/Ottanta nacque in queste contrade, si \u00e8 gemellata a Il Giornale OFF, che ho visto nascere e che sento come nipote quanto SUD \u00e8 figlia. Un brindisi italiano in uno dei locali pi\u00f9 garbati e fini della citt\u00e0 meneghina, una stretta di mano e tanti amici a [&hellip;]<\/p>\n&nbsp;&nbsp;<div class=\"readmore\"><a href=\"https:\/\/blog.ilgiornale.it\/spirli\/2014\/12\/05\/milano-forestiera-anzi-straniera\/\">Continua a leggere...<\/a><\/div><\/p>","protected":false},"author":1022,"featured_media":0,"comment_status":"open","ping_status":"closed","sticky":false,"template":"","format":"standard","meta":[],"categories":[34304],"tags":[34456,78,58340,58341,249,41319,8204],"_links":{"self":[{"href":"https:\/\/blog.ilgiornale.it\/spirli\/wp-json\/wp\/v2\/posts\/2902"}],"collection":[{"href":"https:\/\/blog.ilgiornale.it\/spirli\/wp-json\/wp\/v2\/posts"}],"about":[{"href":"https:\/\/blog.ilgiornale.it\/spirli\/wp-json\/wp\/v2\/types\/post"}],"author":[{"embeddable":true,"href":"https:\/\/blog.ilgiornale.it\/spirli\/wp-json\/wp\/v2\/users\/1022"}],"replies":[{"embeddable":true,"href":"https:\/\/blog.ilgiornale.it\/spirli\/wp-json\/wp\/v2\/comments?post=2902"}],"version-history":[{"count":7,"href":"https:\/\/blog.ilgiornale.it\/spirli\/wp-json\/wp\/v2\/posts\/2902\/revisions"}],"predecessor-version":[{"id":2912,"href":"https:\/\/blog.ilgiornale.it\/spirli\/wp-json\/wp\/v2\/posts\/2902\/revisions\/2912"}],"wp:attachment":[{"href":"https:\/\/blog.ilgiornale.it\/spirli\/wp-json\/wp\/v2\/media?parent=2902"}],"wp:term":[{"taxonomy":"category","embeddable":true,"href":"https:\/\/blog.ilgiornale.it\/spirli\/wp-json\/wp\/v2\/categories?post=2902"},{"taxonomy":"post_tag","embeddable":true,"href":"https:\/\/blog.ilgiornale.it\/spirli\/wp-json\/wp\/v2\/tags?post=2902"}],"curies":[{"name":"wp","href":"https:\/\/api.w.org\/{rel}","templated":true}]}}