{"id":3399,"date":"2015-03-05T16:43:24","date_gmt":"2015-03-05T14:43:24","guid":{"rendered":"https:\/\/blog.ilgiornale.it\/spirli\/?p=3399"},"modified":"2015-03-05T16:43:24","modified_gmt":"2015-03-05T14:43:24","slug":"gesu-cristo-non-piace-ai-cretini","status":"publish","type":"post","link":"https:\/\/blog.ilgiornale.it\/spirli\/2015\/03\/05\/gesu-cristo-non-piace-ai-cretini\/","title":{"rendered":"Ges\u00f9 Cristo non piace ai cretini"},"content":{"rendered":"<p><strong>Gioved\u00ec 5 marzo 2015 &#8211; Compleanno Marco &#8211; Redazione SUD, canale 656 dt &#8211; Area industriale Porto di Gioia Tauro<\/strong><\/p>\n<p><a href=\"https:\/\/blog.ilgiornale.it\/spirli\/files\/2015\/03\/12pintoricchio2b1.jpg\"><img loading=\"lazy\" class=\"alignnone size-medium wp-image-3406\" src=\"https:\/\/blog.ilgiornale.it\/spirli\/files\/2015\/03\/12pintoricchio2b1-201x300.jpg\" alt=\"12pintoricchio2b1\" width=\"201\" height=\"300\" srcset=\"https:\/\/blog.ilgiornale.it\/spirli\/files\/2015\/03\/12pintoricchio2b1-201x300.jpg 201w, https:\/\/blog.ilgiornale.it\/spirli\/files\/2015\/03\/12pintoricchio2b1.jpg 400w\" sizes=\"(max-width: 201px) 100vw, 201px\" \/><\/a><\/p>\n<p><strong>Scelgo volutamente di scrivere nel giorno del compleanno di mio nipote Marco<\/strong> (oggi festeggiamo i suoi 25 anni), perch\u00e9 ricordo ancora la gioia e l&#8217;entusiasmo dell&#8217;intera Famiglia quel 5 marzo 1990. <strong>Per noi, era Natale<\/strong>. Ogni volta che si \u00e8 verificata una nascita nella nostra Famiglia \u00e8 stato Natale. <strong>E Natale sar\u00e0 ancora per ogni nascita futura.<\/strong><\/p>\n<p><strong>Come per tutte le Famiglie cristiane, in tutte le parti del mondo.<\/strong><\/p>\n<p>Perch\u00e9 quel giorno simbolico, quel 25 dicembre di 2015 anni fa, \u00e8 entrato nel nostro DNA. Lo abbiamo assimilato tanto che \u00e8 carne e spirito di ognuno di noi. <strong>Cos\u00ec come ce lo ha chiesto e ce lo chiede quotidianamente con l&#8217;Eucarestia, siamo tutti Ges\u00f9 Cristo.<\/strong> Ci cibiamo di Lui e ne diventiamo parte e tutto.<\/p>\n<p>Ah, il mistero della fiducia senza voler oltrepassare il limite umano! Eppure, con la Sua vita, il Suo passaggio fra noi, il Nazareno ha voluto insegnarci qualcosa di importante. <strong>La necessit\u00e0 di sentirsi scientemente parte del creato e del Creatore. La necessit\u00e0 di avere dei dubbi, per conquistare le certezze. La necessit\u00e0 di chiedere per ricevere. Di confrontarsi per imparare.\u00a0<\/strong>Ci ha insegnato il rispetto delle regole e delle leggi. Ci ha accompagnato per mano verso la democrazia, la solidariet\u00e0, la fratellanza. <strong>Donandosi, ci ha costretti a saper ricevere. Accogliendoci, ci ha spinti a saperci donare.<\/strong><\/p>\n<p>Potrei scrivere per ore, giorni, anni, di Cristo: non sarebbe mai abbastanza.<\/p>\n<p><a href=\"https:\/\/blog.ilgiornale.it\/spirli\/files\/2015\/03\/NAZARENO_DE_SAN_PABLO_4.jpg\"><img loading=\"lazy\" class=\"alignnone size-medium wp-image-3401\" src=\"https:\/\/blog.ilgiornale.it\/spirli\/files\/2015\/03\/NAZARENO_DE_SAN_PABLO_4-300x200.jpg\" alt=\"NAZARENO_DE_SAN_PABLO_4\" width=\"300\" height=\"200\" srcset=\"https:\/\/blog.ilgiornale.it\/spirli\/files\/2015\/03\/NAZARENO_DE_SAN_PABLO_4-300x200.jpg 300w, https:\/\/blog.ilgiornale.it\/spirli\/files\/2015\/03\/NAZARENO_DE_SAN_PABLO_4.jpg 595w\" sizes=\"(max-width: 300px) 100vw, 300px\" \/><\/a><\/p>\n<p><strong>Il Figlio dell&#8217;Immacolata segna il tempo, vince sulle divisioni, unisce l&#8217;Umanit\u00e0. Eppure, cosa ha fatto di cos\u00ec eclatante?<\/strong> Ha, forse, capitanato eserciti in armi? Ha conquistato popoli mozzando le teste? Ha imposto il terrore nel nome di un qualsiasi dio?<\/p>\n<p><strong>Nulla di tutto questo: ha semplicemente vissuto. Da uomo.<\/strong> E si \u00e8 presentato al giudizio malevolo della folla e alla morte vestito solo di Se stesso.<\/p>\n<p><strong>Questo fa paura ai cretini di ogni secolo. La Sua normalit\u00e0. Il coraggio divino. La potenza dell&#8217;Amore.<\/strong><\/p>\n<p>Oggi, si discute scioccamente se tenere o distruggere i crocifissi nelle scuole e nei luoghi pubblici, <a href=\"https:\/\/www.ilgiornale.it\/news\/cronache\/bologna-no-benedizioni-pasqua-scuola-prof-e-docenti-fanno-1101839.html\">se celebrare o meno le messe di ringraziamento fra gli studenti<\/a>, se consegnare o meno alle nuove generazioni l&#8217;arma potente della Fede.<\/p>\n<p><strong>Ne parlano i cretini. Gli altri pregano. Preghiamo.<\/strong><\/p>\n<p><strong>Fra me e me. Fedele<\/strong><\/p>\n<p><a href=\"https:\/\/blog.ilgiornale.it\/spirli\/files\/2015\/03\/1resurrez.jpg\"><img loading=\"lazy\" class=\"alignnone size-medium wp-image-3405\" src=\"https:\/\/blog.ilgiornale.it\/spirli\/files\/2015\/03\/1resurrez-249x300.jpg\" alt=\"1resurrez\" width=\"249\" height=\"300\" srcset=\"https:\/\/blog.ilgiornale.it\/spirli\/files\/2015\/03\/1resurrez-249x300.jpg 249w, https:\/\/blog.ilgiornale.it\/spirli\/files\/2015\/03\/1resurrez.jpg 300w\" sizes=\"(max-width: 249px) 100vw, 249px\" \/><\/a><\/p>\n","protected":false},"excerpt":{"rendered":"<p><p>Gioved\u00ec 5 marzo 2015 &#8211; Compleanno Marco &#8211; Redazione SUD, canale 656 dt &#8211; Area industriale Porto di Gioia Tauro Scelgo volutamente di scrivere nel giorno del compleanno di mio nipote Marco (oggi festeggiamo i suoi 25 anni), perch\u00e9 ricordo ancora la gioia e l&#8217;entusiasmo dell&#8217;intera Famiglia quel 5 marzo 1990. Per noi, era Natale. Ogni volta che si \u00e8 verificata una nascita nella nostra Famiglia \u00e8 stato Natale. E Natale sar\u00e0 ancora per ogni nascita futura. Come per tutte le Famiglie cristiane, in tutte le parti del mondo. Perch\u00e9 quel giorno simbolico, quel 25 dicembre di 2015 anni fa, [&hellip;]<\/p>\n&nbsp;&nbsp;<div class=\"readmore\"><a href=\"https:\/\/blog.ilgiornale.it\/spirli\/2015\/03\/05\/gesu-cristo-non-piace-ai-cretini\/\">Continua a leggere...<\/a><\/div><\/p>","protected":false},"author":1022,"featured_media":0,"comment_status":"open","ping_status":"closed","sticky":false,"template":"","format":"standard","meta":[],"categories":[34304],"tags":[66390,48261,48264,44087,66389,25890],"_links":{"self":[{"href":"https:\/\/blog.ilgiornale.it\/spirli\/wp-json\/wp\/v2\/posts\/3399"}],"collection":[{"href":"https:\/\/blog.ilgiornale.it\/spirli\/wp-json\/wp\/v2\/posts"}],"about":[{"href":"https:\/\/blog.ilgiornale.it\/spirli\/wp-json\/wp\/v2\/types\/post"}],"author":[{"embeddable":true,"href":"https:\/\/blog.ilgiornale.it\/spirli\/wp-json\/wp\/v2\/users\/1022"}],"replies":[{"embeddable":true,"href":"https:\/\/blog.ilgiornale.it\/spirli\/wp-json\/wp\/v2\/comments?post=3399"}],"version-history":[{"count":4,"href":"https:\/\/blog.ilgiornale.it\/spirli\/wp-json\/wp\/v2\/posts\/3399\/revisions"}],"predecessor-version":[{"id":3407,"href":"https:\/\/blog.ilgiornale.it\/spirli\/wp-json\/wp\/v2\/posts\/3399\/revisions\/3407"}],"wp:attachment":[{"href":"https:\/\/blog.ilgiornale.it\/spirli\/wp-json\/wp\/v2\/media?parent=3399"}],"wp:term":[{"taxonomy":"category","embeddable":true,"href":"https:\/\/blog.ilgiornale.it\/spirli\/wp-json\/wp\/v2\/categories?post=3399"},{"taxonomy":"post_tag","embeddable":true,"href":"https:\/\/blog.ilgiornale.it\/spirli\/wp-json\/wp\/v2\/tags?post=3399"}],"curies":[{"name":"wp","href":"https:\/\/api.w.org\/{rel}","templated":true}]}}