{"id":3452,"date":"2015-03-23T12:29:08","date_gmt":"2015-03-23T10:29:08","guid":{"rendered":"https:\/\/blog.ilgiornale.it\/spirli\/?p=3452"},"modified":"2015-03-23T12:29:08","modified_gmt":"2015-03-23T10:29:08","slug":"quei-vergognosi-tribunali-televisivi","status":"publish","type":"post","link":"https:\/\/blog.ilgiornale.it\/spirli\/2015\/03\/23\/quei-vergognosi-tribunali-televisivi\/","title":{"rendered":"Quei vergognosi tribunali televisivi"},"content":{"rendered":"<p><strong>Luned\u00ec 23 marzo 2015 &#8211; San Turibio &#8211; Redazione SUD, digitale terrestre canale 656, Area Industriale Porto Gioia Tauro<\/strong><\/p>\n<p><a href=\"https:\/\/blog.ilgiornale.it\/spirli\/files\/2015\/03\/programmi-tv-stasera.jpg\"><img loading=\"lazy\" class=\"alignnone size-medium wp-image-3453\" src=\"https:\/\/blog.ilgiornale.it\/spirli\/files\/2015\/03\/programmi-tv-stasera-300x225.jpg\" alt=\"programmi-tv-stasera\" width=\"300\" height=\"225\" srcset=\"https:\/\/blog.ilgiornale.it\/spirli\/files\/2015\/03\/programmi-tv-stasera-300x225.jpg 300w, https:\/\/blog.ilgiornale.it\/spirli\/files\/2015\/03\/programmi-tv-stasera.jpg 745w\" sizes=\"(max-width: 300px) 100vw, 300px\" \/><\/a><\/p>\n<p>Senza freni, ormai. A tutte le ore. Da tutte le bocche. Anche quelle pi\u00f9 peccaminose. Anche le pi\u00f9 lucide e ritoccate. O quelle pi\u00f9 baffute, pelose, rasate di fresco.<\/p>\n<p>I fatti da tribunale sono diventati argomento quotidiano di programmi televisivi di ogni genere. Dall&#8217;appoltronato talk show al programmino similmusicale, dall&#8217;approfondimento giornalistico al salottino enogastronomico. Ovunque, di striscio o di piatto si parla di fatti di cronaca che diventano &#8220;caso nazionale&#8221; solo per dare notoriet\u00e0 e lustro a questa o quella conduttrice, questo o quel &#8220;nuovo volto televisivo&#8221;.<\/p>\n<p>E le vite di vittime e carnefici diventano carne squartata e stesa al sole della curiosit\u00e0 altrui. Di un malato voyeurismo italico nato, in tempi di crisi di valori e soldi, nella peggior televisione che si potesse immaginare. C&#8217;\u00e8 chi si rivolge &#8220;alle signore&#8221;, chi tira la giacchetta ai giovani o ai pensionati annoiati, chi si sente gi\u00e0 pi\u00f9 magistrato dei magistrati e parla, ogni giorno di pi\u00f9, di &#8220;interessanti nuove rivelazioni&#8221;, &#8220;nuove verit\u00e0&#8221;, &#8220;testimonianze esclusive&#8221;\u2026 Un luna park di stupidit\u00e0 e, spesso, di falsit\u00e0 che, se non danneggiano, quantomeno inquinano il corso delle vere indagini. Quelle che spettano alle Forze dell&#8217;Ordine. Alla Magistratura.<\/p>\n<p>Come mettere fine a questo scempio? Non lo far\u00e0 la gente, che, costretta a scegliere fra Pinco e Pallino, uno dei due sceglie. Sono gli editori che devono bloccare interi team di autori senza fantasia, senza alcuna capacit\u00e0 creativa. Sono gli editori che devono pretendere, da chi porta a casa fior di euro senza provare il sudore della miniera, un vero impegno professionale e non un copia e incolla di pagine di cronaca nera dai quotidiani, a cui si somma l&#8217;opinione personale, non sempre intelligente, di quella pletora di opinionisti globe-trotter, prezzemolini di ogni tv.<\/p>\n<p><a href=\"https:\/\/blog.ilgiornale.it\/spirli\/files\/2015\/03\/albaparietti_ggds.jpg\"><img loading=\"lazy\" class=\"alignnone size-medium wp-image-3457\" src=\"https:\/\/blog.ilgiornale.it\/spirli\/files\/2015\/03\/albaparietti_ggds-167x300.jpg\" alt=\"albaparietti_ggds\" width=\"167\" height=\"300\" srcset=\"https:\/\/blog.ilgiornale.it\/spirli\/files\/2015\/03\/albaparietti_ggds-167x300.jpg 167w, https:\/\/blog.ilgiornale.it\/spirli\/files\/2015\/03\/albaparietti_ggds.jpg 217w\" sizes=\"(max-width: 167px) 100vw, 167px\" \/><\/a><\/p>\n<p>Sono gli editori che dovrebbero tornare a quella televisione &#8220;alla vecchia maniera&#8221; rispettosa delle bugie, del &#8220;verosimile&#8221;, che tanto bene hanno fatto per decenni alla televisione stessa, ai suoi autori, agli italiani.<\/p>\n<p>Fra me e me, per oltre un decennio autore di Forum su Retequattro e Canale 5.<\/p>\n","protected":false},"excerpt":{"rendered":"<p><p>Luned\u00ec 23 marzo 2015 &#8211; San Turibio &#8211; Redazione SUD, digitale terrestre canale 656, Area Industriale Porto Gioia Tauro Senza freni, ormai. A tutte le ore. Da tutte le bocche. Anche quelle pi\u00f9 peccaminose. Anche le pi\u00f9 lucide e ritoccate. O quelle pi\u00f9 baffute, pelose, rasate di fresco. I fatti da tribunale sono diventati argomento quotidiano di programmi televisivi di ogni genere. Dall&#8217;appoltronato talk show al programmino similmusicale, dall&#8217;approfondimento giornalistico al salottino enogastronomico. Ovunque, di striscio o di piatto si parla di fatti di cronaca che diventano &#8220;caso nazionale&#8221; solo per dare notoriet\u00e0 e lustro a questa o quella conduttrice, [&hellip;]<\/p>\n&nbsp;&nbsp;<div class=\"readmore\"><a href=\"https:\/\/blog.ilgiornale.it\/spirli\/2015\/03\/23\/quei-vergognosi-tribunali-televisivi\/\">Continua a leggere...<\/a><\/div><\/p>","protected":false},"author":1022,"featured_media":0,"comment_status":"open","ping_status":"closed","sticky":false,"template":"","format":"standard","meta":[],"categories":[247],"tags":[66408,51217,66410,51127,30393,66407],"_links":{"self":[{"href":"https:\/\/blog.ilgiornale.it\/spirli\/wp-json\/wp\/v2\/posts\/3452"}],"collection":[{"href":"https:\/\/blog.ilgiornale.it\/spirli\/wp-json\/wp\/v2\/posts"}],"about":[{"href":"https:\/\/blog.ilgiornale.it\/spirli\/wp-json\/wp\/v2\/types\/post"}],"author":[{"embeddable":true,"href":"https:\/\/blog.ilgiornale.it\/spirli\/wp-json\/wp\/v2\/users\/1022"}],"replies":[{"embeddable":true,"href":"https:\/\/blog.ilgiornale.it\/spirli\/wp-json\/wp\/v2\/comments?post=3452"}],"version-history":[{"count":4,"href":"https:\/\/blog.ilgiornale.it\/spirli\/wp-json\/wp\/v2\/posts\/3452\/revisions"}],"predecessor-version":[{"id":3458,"href":"https:\/\/blog.ilgiornale.it\/spirli\/wp-json\/wp\/v2\/posts\/3452\/revisions\/3458"}],"wp:attachment":[{"href":"https:\/\/blog.ilgiornale.it\/spirli\/wp-json\/wp\/v2\/media?parent=3452"}],"wp:term":[{"taxonomy":"category","embeddable":true,"href":"https:\/\/blog.ilgiornale.it\/spirli\/wp-json\/wp\/v2\/categories?post=3452"},{"taxonomy":"post_tag","embeddable":true,"href":"https:\/\/blog.ilgiornale.it\/spirli\/wp-json\/wp\/v2\/tags?post=3452"}],"curies":[{"name":"wp","href":"https:\/\/api.w.org\/{rel}","templated":true}]}}