{"id":3460,"date":"2015-03-27T11:45:06","date_gmt":"2015-03-27T09:45:06","guid":{"rendered":"https:\/\/blog.ilgiornale.it\/spirli\/?p=3460"},"modified":"2015-03-27T15:32:53","modified_gmt":"2015-03-27T13:32:53","slug":"in-calabria-vedono-la-madonna","status":"publish","type":"post","link":"https:\/\/blog.ilgiornale.it\/spirli\/2015\/03\/27\/in-calabria-vedono-la-madonna\/","title":{"rendered":"In Calabria vedono la Madonna"},"content":{"rendered":"<p><strong>Venerd\u00ec 27 marzo 2015 &#8211; Sant&#8217;Augusto &#8211; Redazione SUD, canale 656 dt &#8211; Area industriale Porto di Gioia Tauro<\/strong><\/p>\n<p><a href=\"https:\/\/blog.ilgiornale.it\/spirli\/files\/2015\/03\/scopelliti.jpg\"><img loading=\"lazy\" class=\"alignnone size-full wp-image-3461\" src=\"https:\/\/blog.ilgiornale.it\/spirli\/files\/2015\/03\/scopelliti.jpg\" alt=\"scopelliti\" width=\"275\" height=\"183\" \/><\/a><\/p>\n<p><strong>E ci risiamo!<\/strong><\/p>\n<p><strong>Un tempo si diceva &#8220;Scherza con i fanti,<\/strong> ma lascia stare i Santi!&#8221; Oggi, sembra si provi pi\u00f9 piacere ad andare a stuzzicare i Celesti che a tenere i piedi per terra. E fioriscono, cos\u00ec, luoghi di nuovo culto, popolare, scomposto e senza fondamento spirituale, se non quella devozione a tempo che rende tutti santi dalle alle.<\/p>\n<p><strong>Nasce quella Fede che non disturba<\/strong>; forte per qualche ora di suggestione collettiva, ma che non lascia strascichi nella vita di tutti i giorni. I nuovi fedeli accorrono in auto, bus, moto, sul luogo del prodigio. Si beano dei farfugliamenti misticomediatici di presunti veggenti e tornano alle proprie faccende con una confusione in pi\u00f9. Nulla o poco cambia nei comportamenti, negli intenti, negli animi pi\u00f9 intimi.<\/p>\n<p><strong>Le madonne di gesso piangono rosso o cristallino,<\/strong> i pianeti e i satelliti lasciano le orbite sacrosante per dedicarsi alle danze non misurate da alcuno strumento, le voci del Cielo trapassano i luoghi e i tempi, ma vengono udite solo da qualche sporadico fortunato prescelto illuminato. Una sorta di investitura, un po&#8217; dittatoriale, di stampo medievale, che, comunque, lascia perplessi.<\/p>\n<p><strong>Molto perplessi.<\/strong><\/p>\n<p><a href=\"https:\/\/blog.ilgiornale.it\/spirli\/files\/2015\/03\/scopelliti-2.jpg\"><img loading=\"lazy\" class=\"alignnone size-medium wp-image-3462\" src=\"https:\/\/blog.ilgiornale.it\/spirli\/files\/2015\/03\/scopelliti-2-300x140.jpg\" alt=\"scopelliti 2\" width=\"300\" height=\"140\" srcset=\"https:\/\/blog.ilgiornale.it\/spirli\/files\/2015\/03\/scopelliti-2-300x140.jpg 300w, https:\/\/blog.ilgiornale.it\/spirli\/files\/2015\/03\/scopelliti-2.jpg 329w\" sizes=\"(max-width: 300px) 100vw, 300px\" \/><\/a><\/p>\n<p>Da credente e praticante, devoto alla Madre Celeste, pellegrino a Lourdes e coperto dallo Scapolare del Carmelo, dubito. Non condanno, ma dubito fortemente. <strong>Mi inteneriscono il cuore le unghie laccate delle nuove veggenti.<\/strong> Il rosso Chanel alle labbra e i monili lucidi e in bella vista. Ma questo, diranno i seguaci, non conta. Ha pi\u00f9 importanza la profondit\u00e0 e la solennit\u00e0 del messaggio che molti di questi medium attribuiscono alla Sacra Famiglia.<\/p>\n<p><strong>Tutti vedono Ges\u00f9, Sua Madre, un qualche Santo<\/strong> di cui sentono anche il profumo, l&#8217;odore. Molti patiscono le piaghe della settimana santa, i chiodi e le spine. Mi chiedo: CHE NE SANNO??? <strong>E, soprattutto, quando vanno dall&#8217;estetista patiscono allo stesso modo per lo strappo della ceretta?<\/strong><\/p>\n<p><strong>Ora \u00e8 il turno delle campagne di Quarantano, nella Piana di Gioia Tauro<\/strong>, sul territorio del Comune di Oppido Mamertina, la citt\u00e0 in cui scoppi\u00f2 il caso dell&#8217;ormai famigerato inchino della Statua della Vergine ad altre meno sante potenze. Ci fu o non ci fu, anche l\u00ec il dubbio rimane. Fatto sta che, a poche settimane da quell&#8217;evento da dimenticare, <strong>una signora ha cominciato a vedere e parlare con la Madre di D*o. Tremo e temo.<\/strong><\/p>\n<p>Oggi, a pochi mesi, c&#8217;\u00e8 una pagina Fb, blog, articoli sulla stampa locale e interviste alla signora che vede.<\/p>\n<p><a href=\"https:\/\/blog.ilgiornale.it\/spirli\/files\/2015\/03\/bernadette1.jpg\"><img loading=\"lazy\" class=\"alignnone size-full wp-image-3467\" src=\"https:\/\/blog.ilgiornale.it\/spirli\/files\/2015\/03\/bernadette1.jpg\" alt=\"bernadette\" width=\"183\" height=\"275\" \/><\/a><\/p>\n<p><strong>Ah, Bernadette Soubirous!<\/strong> Povera, analfabeta, sporca e malata. Maltrattata e soffocata dai potenti. Quanta fede, in uno scricciolo di montagna!<\/p>\n<p>&nbsp;<\/p>\n<p>&nbsp;<\/p>\n<p>&nbsp;<\/p>\n<p>&nbsp;<\/p>\n<p>&nbsp;<\/p>\n<p><strong>Oggi, la fede \u00e8 tenuta al caldo dei piumini<\/strong> e decorata con polveri e cere colorate e profumate\u2026<\/p>\n<p>[youtube uSV7zukiejU]<\/p>\n<p><strong>Forse, non sono questi i segni che ci aspettiamo, noi, fedeli di Cristo, coperti da dubbi e patimenti interiori.\u00a0<\/strong><\/p>\n<p><strong>Forse, ci farebbe bene il silenzio, la contemplazione. La speranza della rivelazione del Mistero della Fede.\u00a0<\/strong><\/p>\n<p><strong>Senza medium.\u00a0<\/strong><\/p>\n<p><strong>Fra me e me, in cammino sul sentiero pi\u00f9 scosceso della montagna della fede.<\/strong><\/p>\n<p>[youtube C-4iFU1M7vY]<\/p>\n<p>&nbsp;<\/p>\n<p><strong>\u00a0<\/strong><\/p>\n<p>&nbsp;<\/p>\n<p>&nbsp;<\/p>\n","protected":false},"excerpt":{"rendered":"<p><p>Venerd\u00ec 27 marzo 2015 &#8211; Sant&#8217;Augusto &#8211; Redazione SUD, canale 656 dt &#8211; Area industriale Porto di Gioia Tauro E ci risiamo! Un tempo si diceva &#8220;Scherza con i fanti, ma lascia stare i Santi!&#8221; Oggi, sembra si provi pi\u00f9 piacere ad andare a stuzzicare i Celesti che a tenere i piedi per terra. E fioriscono, cos\u00ec, luoghi di nuovo culto, popolare, scomposto e senza fondamento spirituale, se non quella devozione a tempo che rende tutti santi dalle alle. Nasce quella Fede che non disturba; forte per qualche ora di suggestione collettiva, ma che non lascia strascichi nella vita di [&hellip;]<\/p>\n&nbsp;&nbsp;<div class=\"readmore\"><a href=\"https:\/\/blog.ilgiornale.it\/spirli\/2015\/03\/27\/in-calabria-vedono-la-madonna\/\">Continua a leggere...<\/a><\/div><\/p>","protected":false},"author":1022,"featured_media":0,"comment_status":"open","ping_status":"closed","sticky":false,"template":"","format":"standard","meta":[],"categories":[34304],"tags":[66411,66415,51154,66412,66414,66372,66413],"_links":{"self":[{"href":"https:\/\/blog.ilgiornale.it\/spirli\/wp-json\/wp\/v2\/posts\/3460"}],"collection":[{"href":"https:\/\/blog.ilgiornale.it\/spirli\/wp-json\/wp\/v2\/posts"}],"about":[{"href":"https:\/\/blog.ilgiornale.it\/spirli\/wp-json\/wp\/v2\/types\/post"}],"author":[{"embeddable":true,"href":"https:\/\/blog.ilgiornale.it\/spirli\/wp-json\/wp\/v2\/users\/1022"}],"replies":[{"embeddable":true,"href":"https:\/\/blog.ilgiornale.it\/spirli\/wp-json\/wp\/v2\/comments?post=3460"}],"version-history":[{"count":9,"href":"https:\/\/blog.ilgiornale.it\/spirli\/wp-json\/wp\/v2\/posts\/3460\/revisions"}],"predecessor-version":[{"id":3475,"href":"https:\/\/blog.ilgiornale.it\/spirli\/wp-json\/wp\/v2\/posts\/3460\/revisions\/3475"}],"wp:attachment":[{"href":"https:\/\/blog.ilgiornale.it\/spirli\/wp-json\/wp\/v2\/media?parent=3460"}],"wp:term":[{"taxonomy":"category","embeddable":true,"href":"https:\/\/blog.ilgiornale.it\/spirli\/wp-json\/wp\/v2\/categories?post=3460"},{"taxonomy":"post_tag","embeddable":true,"href":"https:\/\/blog.ilgiornale.it\/spirli\/wp-json\/wp\/v2\/tags?post=3460"}],"curies":[{"name":"wp","href":"https:\/\/api.w.org\/{rel}","templated":true}]}}