{"id":3476,"date":"2015-03-31T15:03:36","date_gmt":"2015-03-31T13:03:36","guid":{"rendered":"https:\/\/blog.ilgiornale.it\/spirli\/?p=3476"},"modified":"2015-03-31T15:03:36","modified_gmt":"2015-03-31T13:03:36","slug":"da-omosessuale-ai-gay-avete-rotto-le-scatole","status":"publish","type":"post","link":"https:\/\/blog.ilgiornale.it\/spirli\/2015\/03\/31\/da-omosessuale-ai-gay-avete-rotto-le-scatole\/","title":{"rendered":"Da omosessuale ai gay: avete rotto le scatole!"},"content":{"rendered":"<p><strong>Marted\u00ec 31 marzo 2015 &#8211; San Beniamino m. &#8211; <a title=\"Redazione SUD\" href=\"http:\/\/www.sud656.tv\">Redazione SUD<\/a>, canale 656 dt &#8211; Area industriale Porto Gioia Tauro\u00a0<\/strong><\/p>\n<p><a href=\"https:\/\/blog.ilgiornale.it\/spirli\/files\/2015\/03\/2.jpg\"><img loading=\"lazy\" class=\"alignnone size-medium wp-image-3478\" src=\"https:\/\/blog.ilgiornale.it\/spirli\/files\/2015\/03\/2-300x200.jpg\" alt=\"2\" width=\"300\" height=\"200\" srcset=\"https:\/\/blog.ilgiornale.it\/spirli\/files\/2015\/03\/2-300x200.jpg 300w, https:\/\/blog.ilgiornale.it\/spirli\/files\/2015\/03\/2-1024x683.jpg 1024w, https:\/\/blog.ilgiornale.it\/spirli\/files\/2015\/03\/2.jpg 1620w\" sizes=\"(max-width: 300px) 100vw, 300px\" \/><\/a><\/p>\n<p><strong>Grazie a D*o, sono nato. Ed \u00e8 gi\u00e0 un regalo.<\/strong> Grazie a D*o, ho due genitori magnifici. Ed \u00e8 il secondo regalo. Una Famiglia invidiabile. Ancora un dono. E potrei essere soddisfatto cos\u00ec. Ma ho il privilegio di avere gli amati Amici. Umani e non. E, soprattutto la Fede in D*o. Quel meraviglioso filo d&#8217;oro trasparente che mi lega al resto del Creato e mi fa sentire costantemente in compagnia.<\/p>\n<p>Detto questo, <strong>come ogni umano ho le mie simpatie<\/strong>, le antipatie (che cerco di mitigare con la vicinanza alla fede), qualche virt\u00f9, pi\u00f9 di una sregolatezza. Ho un carattere duttile con la povera gente e con gli umili, ma d&#8217;acciaio con gli arroganti e i prepotenti. Mi reputo coraggioso, ma sono pronto a gettare le armi se serve a salvare un&#8217;anima.<\/p>\n<p>Non amo le regole imposte, n\u00e9 le categorizzazioni. <strong>Mi definisco libero, sperando di esserlo o\u00a0di poterlo diventare.<\/strong> Vivo la vita e non temo la morte. Arriva per tutti, prima o poi. Non mi fa paura neanche la sofferenza: l&#8217;ho imparato da mio Padre, che se n&#8217;\u00e8 andato patendo. Con dignit\u00e0. Per me, Lui \u00e8 stato il mio personale Ges\u00f9 Cristo.<\/p>\n<p><a href=\"https:\/\/blog.ilgiornale.it\/spirli\/files\/2015\/03\/10Nino003.jpg\"><img loading=\"lazy\" class=\"alignnone size-medium wp-image-3479\" src=\"https:\/\/blog.ilgiornale.it\/spirli\/files\/2015\/03\/10Nino003-300x200.jpg\" alt=\"10Nino003\" width=\"300\" height=\"200\" srcset=\"https:\/\/blog.ilgiornale.it\/spirli\/files\/2015\/03\/10Nino003-300x200.jpg 300w, https:\/\/blog.ilgiornale.it\/spirli\/files\/2015\/03\/10Nino003.jpg 900w\" sizes=\"(max-width: 300px) 100vw, 300px\" \/><\/a><\/p>\n<p><strong>Mi sono sentito omosessuale, per la prima volta, dopo i vent&#8217;anni. Onestamente, mi sono turbato,<\/strong> poi ne ho parlato proprio con mio Padre. Mi chiese &#8220;Sei felice? Se lo sei, noi siamo felici per te!&#8221; Non si pose il problema: mi amava troppo. Continu\u00f2 a spedirmi i pacchi pieni di leccornie calabresi con i pullman di linea. Roma profumava di pomodori secchi e pane cotto a legna. Ha accolto i miei compagni con lo stesso amore e rispetto che riservava a noi figli.<\/p>\n<p>Alla Sua morte, mi sentii solo. Ma si fece subito sentire, per tranquillizzarmi. <strong>E mi sta ancora a fianco, Lui, Padre eterosessuale, a me, figlio omosessuale.<\/strong><\/p>\n<p><strong>Lo stesso fa mia Madre, Mamma eterosessuale, con me, figlio omosessuale. Mi chiamo Nino, con la O finale<\/strong> e non faccio caso, vestendomi, se indosso una sciallessa o un giubbotto. Uso, alternando, profumi da donna o da uomo. Amo gli anelli. Tanti. Ma non consento a nessuno di sindacalizzarmi (*significato Treccani), n\u00e9 di catalogarmi. <strong>Mi chiamo Nino con la O finale e non sculetto<\/strong> (almeno non volutamente), non cinguetto quando parlo e non ho la Esse sibilante tipica della &#8220;categoria&#8221;.<\/p>\n<p><strong>Mi sono un po&#8217; rotto, quello s\u00ec, di tutto questo parlare dei e sui gay<\/strong>. Mi sono scocciato di queste pretese INNATURALI di forzare la famiglia verso canoni che non le appartengono. Ho i maroni pieni di tutta questa campagna violenta e volgare contro chi non si piega alle nuove teorie (che tali restano) sui nuovi generi.<\/p>\n<p>Ancora una volta, l&#8217;uomo si sta facendo infinocchiare da un qualche misterioso presunto profeta\u00a0che, oggi e non ieri, predica l&#8217;appiattimento della magnificenza del Creato, la desertificazione dei sentimenti, la solitudine dell&#8217;anima e dei corpi. <strong>Mai la Libert\u00e0, e la coscienza di essa, arriv\u00f2 a tale abominio.\u00a0<\/strong><\/p>\n<p><a href=\"https:\/\/blog.ilgiornale.it\/spirli\/files\/2015\/03\/Nino-by-Antonuccio.jpg\"><img loading=\"lazy\" class=\"alignnone size-medium wp-image-3480\" src=\"https:\/\/blog.ilgiornale.it\/spirli\/files\/2015\/03\/Nino-by-Antonuccio-300x193.jpg\" alt=\"Nino by Antonuccio\" width=\"300\" height=\"193\" srcset=\"https:\/\/blog.ilgiornale.it\/spirli\/files\/2015\/03\/Nino-by-Antonuccio-300x193.jpg 300w, https:\/\/blog.ilgiornale.it\/spirli\/files\/2015\/03\/Nino-by-Antonuccio.jpg 960w\" sizes=\"(max-width: 300px) 100vw, 300px\" \/><\/a><\/p>\n<p><strong>Io resto come sono<\/strong>, semplice come un fiore\u00a0di campo, complesso come il mistero della nascita, devoto come un bambino alla Fonte. Non mi chiedo perch\u00e9: la risposta la so. Sono come servo. Alla Natura, all&#8217;equilibrio delle cose, a me e agli altri. \u00a0E mi auguro sia cos\u00ec per tutti. Forse, cos\u00ec potrebbero finire le guerre. Io parto da me.<\/p>\n<p><strong>Considerazione intima di un signore di 53 anni, casualmente anche omosessuale. Ma non solamente tale.<\/strong><\/p>\n<p>&nbsp;<\/p>\n","protected":false},"excerpt":{"rendered":"<p><p>Marted\u00ec 31 marzo 2015 &#8211; San Beniamino m. &#8211; Redazione SUD, canale 656 dt &#8211; Area industriale Porto Gioia Tauro\u00a0 Grazie a D*o, sono nato. Ed \u00e8 gi\u00e0 un regalo. Grazie a D*o, ho due genitori magnifici. Ed \u00e8 il secondo regalo. Una Famiglia invidiabile. Ancora un dono. E potrei essere soddisfatto cos\u00ec. Ma ho il privilegio di avere gli amati Amici. Umani e non. E, soprattutto la Fede in D*o. Quel meraviglioso filo d&#8217;oro trasparente che mi lega al resto del Creato e mi fa sentire costantemente in compagnia. Detto questo, come ogni umano ho le mie simpatie, le [&hellip;]<\/p>\n&nbsp;&nbsp;<div class=\"readmore\"><a href=\"https:\/\/blog.ilgiornale.it\/spirli\/2015\/03\/31\/da-omosessuale-ai-gay-avete-rotto-le-scatole\/\">Continua a leggere...<\/a><\/div><\/p>","protected":false},"author":1022,"featured_media":0,"comment_status":"open","ping_status":"closed","sticky":false,"template":"","format":"standard","meta":[],"categories":[34304],"tags":[125,44087,34420,66416,66417,51127],"_links":{"self":[{"href":"https:\/\/blog.ilgiornale.it\/spirli\/wp-json\/wp\/v2\/posts\/3476"}],"collection":[{"href":"https:\/\/blog.ilgiornale.it\/spirli\/wp-json\/wp\/v2\/posts"}],"about":[{"href":"https:\/\/blog.ilgiornale.it\/spirli\/wp-json\/wp\/v2\/types\/post"}],"author":[{"embeddable":true,"href":"https:\/\/blog.ilgiornale.it\/spirli\/wp-json\/wp\/v2\/users\/1022"}],"replies":[{"embeddable":true,"href":"https:\/\/blog.ilgiornale.it\/spirli\/wp-json\/wp\/v2\/comments?post=3476"}],"version-history":[{"count":4,"href":"https:\/\/blog.ilgiornale.it\/spirli\/wp-json\/wp\/v2\/posts\/3476\/revisions"}],"predecessor-version":[{"id":3483,"href":"https:\/\/blog.ilgiornale.it\/spirli\/wp-json\/wp\/v2\/posts\/3476\/revisions\/3483"}],"wp:attachment":[{"href":"https:\/\/blog.ilgiornale.it\/spirli\/wp-json\/wp\/v2\/media?parent=3476"}],"wp:term":[{"taxonomy":"category","embeddable":true,"href":"https:\/\/blog.ilgiornale.it\/spirli\/wp-json\/wp\/v2\/categories?post=3476"},{"taxonomy":"post_tag","embeddable":true,"href":"https:\/\/blog.ilgiornale.it\/spirli\/wp-json\/wp\/v2\/tags?post=3476"}],"curies":[{"name":"wp","href":"https:\/\/api.w.org\/{rel}","templated":true}]}}