{"id":3485,"date":"2015-04-11T21:33:06","date_gmt":"2015-04-11T19:33:06","guid":{"rendered":"https:\/\/blog.ilgiornale.it\/spirli\/?p=3485"},"modified":"2015-04-11T21:33:06","modified_gmt":"2015-04-11T19:33:06","slug":"opera-via-gli-zingari","status":"publish","type":"post","link":"https:\/\/blog.ilgiornale.it\/spirli\/2015\/04\/11\/opera-via-gli-zingari\/","title":{"rendered":"Opera? Via gli zingari!"},"content":{"rendered":"<p><strong>Sabato 11 Aprile 2015 &#8211; Senza Santi in Paradiso &#8211; Redazione SUD, canale 656 dt, Area industriale Porto di Gioia Tauro<\/strong><\/p>\n<p>[youtube Cf-zEYep1tg]<\/p>\n<p><strong>Chi del Gitano i giorni abbella? La Zingarella!<\/strong><\/p>\n<p>[youtube c3bHC8B5o-k]<\/p>\n<p><strong>Noi siamo zingarelle venute da lontano\u2026<\/strong><\/p>\n<p>[youtube waCqVg42eNY]<\/p>\n<p><strong>..\u00a0\u2026 e i casi del futuro sappiamo altrui predir\u2026<\/strong><\/p>\n<p>[youtube 6o3IoHPt8WU]<\/p>\n<p><strong>Zingara. A nessuno io parlo di me\u2026<\/strong><\/p>\n<p><strong>Da quando in qua &#8220;zingaro&#8221; \u00e8 un&#8217;offesa?<\/strong> Un&#8217;ingiuria? La Letteratura \u00e8 piena di zingari e zingare, spesso eroi romantici. Il mistero del &#8220;da dove&#8221; e &#8220;verso dove&#8221; ha, da sempre, avvolto di un particolare fascino i nomadi. Chiaramente, nel bene e nel male.<\/p>\n<p><strong><span style=\"line-height: 1.5\">Rom, sinti, tziganes, gitanos, zingari, zigeuner, cig\u00e0nos. Perch\u00e9 mai dovrebbero incazzarsi di essere quel che sono? (<\/span><\/strong><span style=\"line-height: 1.5\">Scrissi di loro tempo fa: <a title=\"leggi qui\" href=\"https:\/\/blog.ilgiornale.it\/spirli\/2014\/01\/22\/zingari-carichi-doro-con-case-ed-utenze-gratis-paga-litalia\/\">leggi qui<\/a><\/span><strong><span style=\"line-height: 1.5\">)<\/span><\/strong><\/p>\n<p><span style=\"line-height: 1.5\"><strong>Quand&#8217;ero piccolo, al passaggio delle zingare con le gonne lunghe e gli orecchini pesantissimi a cerchio, le nostre mamme ci chiudevano in casa, per timore dei rapimenti.<\/strong> In realt\u00e0, nessuno di noi \u00e8 mai stato rapito. Ma i furti in casa, quelli aumentavano, s\u00ec. Innegabile. Sar\u00e0 pure stato un caso, ma l&#8217;oro e l&#8217;argento sparivano dai nascondigli pi\u00f9 improbabili. La mano svelta del forestiero era pi\u00f9 diabolica della mente pi\u00f9 fervida del paesano.<\/span><\/p>\n<p><strong>Alla partenza, lasciavano fiumi di lacrime e scie di maledizioni.<\/strong> Fino al successivo ritorno.<\/p>\n<p><strong>Chiss\u00e0 se sia sempre stata cos\u00ec la vita dei camminanti.<\/strong> Me lo sono chiesto mille volte. E non ho mai trovato una risposta esaustiva. Per un certo verso mi piacerebbe ancora oggi trovare un motivo per farmeli piacere come mi piace l&#8217;arrivo delle zingarelle in casa di Flora, nel secondo atto di Traviata. <strong>Vorrei amarli quanto amo Azucena e il suo dramma. Ma devo essere onesto, non mi riesce.<\/strong>\u00a0I casi della cronaca contemporanea hanno il sopravvento. Troppa violenza, arroganza, malavita. <strong>No, resto saldo al mio sogno: accompagnarli all&#8217;uscita, che siano le Alpi o la linea virtuale tracciata fra le onde dei nostri mari<\/strong>, e riconsegnarli alla non patria da cui provengono.<\/p>\n<p><strong>A quelli nati nel mio Paese, invece, ricordo che la Legge \u00e8 UGUALE PER TUTTI. Anche per loro.<\/strong> E questo lo ricordo anche a quella schiera di politici e politicanti, benefattori di parata e tonacone vaticane che straparlano col culo e la pancia piena. <strong>Noi, gli italiani dei mille euro se tutto va bene, non lo troviamo giusto, no, questo buonismo volgare e irrispettoso<\/strong> nei confronti di quegli Eroi che per la nostra Patria hanno offerto la vita; non ci piace questo doppio binario di tolleranza. Da una parte noi, tartassati e costretti per indole al rispetto delle regole, sull&#8217;altro marciapiede chi non ci ama, spesso ci deruba dei nostri piccoli beni e, oggi, ci scippa della libert\u00e0 di amare il resto dell&#8217;Umanit\u00e0, zingari stessi compresi.<\/p>\n<p>Questo non so perdonare. <strong>Come non capisco e non perdono la violenza nei confronti della mia lingua, del mio meraviglioso italiano. In tutti i suoi vocaboli.<\/strong>\u00a0Le sue parole. Anche quelle che non piacciono a chi, come gli zingari, mi chiama gag\u00e9 (coglione).<\/p>\n<p><strong>Fra me e me. E Viva l&#8217;Italia!<\/strong><\/p>\n<p>&nbsp;<\/p>\n","protected":false},"excerpt":{"rendered":"<p><p>Sabato 11 Aprile 2015 &#8211; Senza Santi in Paradiso &#8211; Redazione SUD, canale 656 dt, Area industriale Porto di Gioia Tauro [youtube Cf-zEYep1tg] Chi del Gitano i giorni abbella? La Zingarella! [youtube c3bHC8B5o-k] Noi siamo zingarelle venute da lontano\u2026 [youtube waCqVg42eNY] ..\u00a0\u2026 e i casi del futuro sappiamo altrui predir\u2026 [youtube 6o3IoHPt8WU] Zingara. A nessuno io parlo di me\u2026 Da quando in qua &#8220;zingaro&#8221; \u00e8 un&#8217;offesa? Un&#8217;ingiuria? La Letteratura \u00e8 piena di zingari e zingare, spesso eroi romantici. Il mistero del &#8220;da dove&#8221; e &#8220;verso dove&#8221; ha, da sempre, avvolto di un particolare fascino i nomadi. Chiaramente, nel bene e [&hellip;]<\/p>\n&nbsp;&nbsp;<div class=\"readmore\"><a href=\"https:\/\/blog.ilgiornale.it\/spirli\/2015\/04\/11\/opera-via-gli-zingari\/\">Continua a leggere...<\/a><\/div><\/p>","protected":false},"author":1022,"featured_media":0,"comment_status":"open","ping_status":"closed","sticky":false,"template":"","format":"standard","meta":[],"categories":[34304],"tags":[66418,66421,43236,158,66420,66419,159],"_links":{"self":[{"href":"https:\/\/blog.ilgiornale.it\/spirli\/wp-json\/wp\/v2\/posts\/3485"}],"collection":[{"href":"https:\/\/blog.ilgiornale.it\/spirli\/wp-json\/wp\/v2\/posts"}],"about":[{"href":"https:\/\/blog.ilgiornale.it\/spirli\/wp-json\/wp\/v2\/types\/post"}],"author":[{"embeddable":true,"href":"https:\/\/blog.ilgiornale.it\/spirli\/wp-json\/wp\/v2\/users\/1022"}],"replies":[{"embeddable":true,"href":"https:\/\/blog.ilgiornale.it\/spirli\/wp-json\/wp\/v2\/comments?post=3485"}],"version-history":[{"count":7,"href":"https:\/\/blog.ilgiornale.it\/spirli\/wp-json\/wp\/v2\/posts\/3485\/revisions"}],"predecessor-version":[{"id":3492,"href":"https:\/\/blog.ilgiornale.it\/spirli\/wp-json\/wp\/v2\/posts\/3485\/revisions\/3492"}],"wp:attachment":[{"href":"https:\/\/blog.ilgiornale.it\/spirli\/wp-json\/wp\/v2\/media?parent=3485"}],"wp:term":[{"taxonomy":"category","embeddable":true,"href":"https:\/\/blog.ilgiornale.it\/spirli\/wp-json\/wp\/v2\/categories?post=3485"},{"taxonomy":"post_tag","embeddable":true,"href":"https:\/\/blog.ilgiornale.it\/spirli\/wp-json\/wp\/v2\/tags?post=3485"}],"curies":[{"name":"wp","href":"https:\/\/api.w.org\/{rel}","templated":true}]}}