{"id":3549,"date":"2015-04-28T00:34:51","date_gmt":"2015-04-27T22:34:51","guid":{"rendered":"https:\/\/blog.ilgiornale.it\/spirli\/?p=3549"},"modified":"2015-04-28T00:34:51","modified_gmt":"2015-04-27T22:34:51","slug":"benito-mussolini-il-coraggio-del-ricordo","status":"publish","type":"post","link":"https:\/\/blog.ilgiornale.it\/spirli\/2015\/04\/28\/benito-mussolini-il-coraggio-del-ricordo\/","title":{"rendered":"Benito Mussolini. Il coraggio del Ricordo."},"content":{"rendered":"<p><strong>Marted\u00ec 28 Aprile 2015 &#8211; Senza santi in paradiso &#8211; Nella casa Paterna<\/strong><\/p>\n<p><a href=\"https:\/\/blog.ilgiornale.it\/spirli\/files\/2015\/04\/Benito_Mussolini_3.jpg\"><img loading=\"lazy\" class=\"alignnone size-medium wp-image-3550\" src=\"https:\/\/blog.ilgiornale.it\/spirli\/files\/2015\/04\/Benito_Mussolini_3-300x225.jpg\" alt=\"Benito_Mussolini_3\" width=\"300\" height=\"225\" srcset=\"https:\/\/blog.ilgiornale.it\/spirli\/files\/2015\/04\/Benito_Mussolini_3-300x225.jpg 300w, https:\/\/blog.ilgiornale.it\/spirli\/files\/2015\/04\/Benito_Mussolini_3.jpg 1024w\" sizes=\"(max-width: 300px) 100vw, 300px\" \/><\/a><\/p>\n<p><strong>Conobbi Romano Mussolini in Calabria<\/strong>, tantissimi anni fa, durante un suo concerto in un locale della mio paese. Jazzista meraviglioso, incant\u00f2 il pubblico seduto e gli avventori occasionali. Sia per la bravura, che per l&#8217;umanit\u00e0. Quando smise di suonare, e ce ne volle considerati i numerosi bis concessi, <strong>venne a sedersi al tavolo che occupavo con una piccola comitiva di amici.\u00a0<\/strong><\/p>\n<p><strong>Parlammo a lungo delle note, dei musicisti, della pittura, dei viaggi. Del Duce, poco.<\/strong> Diventava schivo, se si nominava la Famiglia. Capimmo che lo era per una sorta di timidezza innata. Lo si notava da mille cose. Dallo sguardo, soprattutto. Aveva gli occhi dolci di Sua Madre, Donna Rachele, piuttosto che quelli penetranti e tosti di Suo Padre. <strong>Ma lo fece anche per smorzare gli ardenti spiriti di un gruppo di giovanissimi, che, a quell&#8217;et\u00e0 avrebbero potuto fare pessimo uso della familiarit\u00e0 col figlio di Benito Mussolini.<\/strong> Lui lo sapeva e ci parl\u00f2 d&#8217;arte e di vita.<\/p>\n<p><a href=\"https:\/\/blog.ilgiornale.it\/spirli\/files\/2015\/04\/b-romano_mossolini_1449425c.jpg\"><img loading=\"lazy\" class=\"alignnone size-medium wp-image-3551\" src=\"https:\/\/blog.ilgiornale.it\/spirli\/files\/2015\/04\/b-romano_mossolini_1449425c-300x188.jpg\" alt=\"b romano_mossolini_1449425c\" width=\"300\" height=\"188\" srcset=\"https:\/\/blog.ilgiornale.it\/spirli\/files\/2015\/04\/b-romano_mossolini_1449425c-300x188.jpg 300w, https:\/\/blog.ilgiornale.it\/spirli\/files\/2015\/04\/b-romano_mossolini_1449425c.jpg 460w\" sizes=\"(max-width: 300px) 100vw, 300px\" \/><\/a><\/p>\n<p><strong>Mi rimase impresso nella memoria quell&#8217;incontro.<\/strong> Perch\u00e9 poche volte mi capit\u00f2, in seguito, di incontrare cos\u00ec tanta eleganza in un uomo.<\/p>\n<p><strong>Lo incontrai ancora, tanti anni dopo, per molte volte.<\/strong> Veniva spesso a seguire in diretta, in studio, il programma televisivo di cui ero autore. Gli piaceva tanto, e, dunque, <strong>dimenticando chi fosse, veniva a sedere in mezzo al pubblico di giovanissimi universitari e pensionati ministeriali. Semplicemente.<\/strong> Senza farsi quasi notare. Mai in prima fila, per non mettere a disagio la conduttrice, che, pure, lo salutava ad ogni puntata. La produzione non approvava, ma sopportava. Anzi, un giorno, vista la mia familiarit\u00e0, mi chiese di convincerlo a desistere dal presenziare. Non glielo dissi mai. Avevo troppo piacere di vederlo e scambiare quattro chiacchiere con Lui.<\/p>\n<p><strong>Durante quegli incontri, parlammo anche del Suo Pap\u00e0. Me ne parl\u00f2 con affetto filiale, ma, soprattutto, con devozione.<\/strong> E rispetto. Non riusc\u00ec a nascondere il dolore per la sua fine e, soprattutto, per le offese ricevute dopo la morte.<\/p>\n<p><a href=\"https:\/\/blog.ilgiornale.it\/spirli\/files\/2015\/04\/Benito-Mussolini-1.jpg\"><img loading=\"lazy\" class=\"alignnone size-medium wp-image-3552\" src=\"https:\/\/blog.ilgiornale.it\/spirli\/files\/2015\/04\/Benito-Mussolini-1-300x300.jpg\" alt=\"Benito Mussolini 1\" width=\"300\" height=\"300\" srcset=\"https:\/\/blog.ilgiornale.it\/spirli\/files\/2015\/04\/Benito-Mussolini-1.jpg 300w, https:\/\/blog.ilgiornale.it\/spirli\/files\/2015\/04\/Benito-Mussolini-1-150x150.jpg 150w\" sizes=\"(max-width: 300px) 100vw, 300px\" \/><\/a><\/p>\n<p>Eh, s\u00ec! Perch\u00e9 \u00e8 vero, Romano Caro, che<strong> lo scempio di piazzale loreto rester\u00e0 una delle pi\u00f9 gravi vergogne della storia d&#8217;Italia. Una sorta di monumento all&#8217;odio che nessuno mai ebbe, ed ha, il coraggio di biasimare. Tranne, chiaramente, chi di quel giorno e di quel circo infernale ne ha fatto un dolore personale. Appunto.<\/strong><\/p>\n<p><strong>La vera frattura nel popolo italiano cominci\u00f2 proprio da l\u00ec.<\/strong> Perch\u00e9, se prima di quella maledetta fiera dell&#8217;orrore gli italiani erano divisi dalla differente ideologia politica, <strong>da quel momento in poi la piet\u00e0 decise le sorti. Chi la prov\u00f2, pianse e preg\u00f2. Chi non ne sent\u00ec la divina necessit\u00e0, comp\u00ec sacrilegio.<\/strong> <strong>Perch\u00e9 un corpo morto \u00e8 cosa sacra. Chiunque lo abbia indossato.<\/strong><\/p>\n<p><strong>E questo vale per i milioni di morti di ogni guerra e persecuzione. Nessuno escluso. Dunque, anche per Benito Mussolini.<\/strong><\/p>\n<p><a href=\"https:\/\/blog.ilgiornale.it\/spirli\/files\/2015\/04\/Ben.jpg\"><img loading=\"lazy\" class=\"alignnone size-medium wp-image-3553\" src=\"https:\/\/blog.ilgiornale.it\/spirli\/files\/2015\/04\/Ben-225x300.jpg\" alt=\"Ben\" width=\"225\" height=\"300\" srcset=\"https:\/\/blog.ilgiornale.it\/spirli\/files\/2015\/04\/Ben-225x300.jpg 225w, https:\/\/blog.ilgiornale.it\/spirli\/files\/2015\/04\/Ben.jpg 720w\" sizes=\"(max-width: 225px) 100vw, 225px\" \/><\/a><\/p>\n<p><strong>Fra me e me, ricordando il Padre di un Amico. E l&#8217;Amico.<\/strong><\/p>\n<p>&nbsp;<\/p>\n<p>&nbsp;<\/p>\n<p>&nbsp;<\/p>\n","protected":false},"excerpt":{"rendered":"<p><p>Marted\u00ec 28 Aprile 2015 &#8211; Senza santi in paradiso &#8211; Nella casa Paterna Conobbi Romano Mussolini in Calabria, tantissimi anni fa, durante un suo concerto in un locale della mio paese. Jazzista meraviglioso, incant\u00f2 il pubblico seduto e gli avventori occasionali. Sia per la bravura, che per l&#8217;umanit\u00e0. Quando smise di suonare, e ce ne volle considerati i numerosi bis concessi, venne a sedersi al tavolo che occupavo con una piccola comitiva di amici.\u00a0 Parlammo a lungo delle note, dei musicisti, della pittura, dei viaggi. Del Duce, poco. Diventava schivo, se si nominava la Famiglia. Capimmo che lo era per [&hellip;]<\/p>\n&nbsp;&nbsp;<div class=\"readmore\"><a href=\"https:\/\/blog.ilgiornale.it\/spirli\/2015\/04\/28\/benito-mussolini-il-coraggio-del-ricordo\/\">Continua a leggere...<\/a><\/div><\/p>","protected":false},"author":1022,"featured_media":0,"comment_status":"open","ping_status":"closed","sticky":false,"template":"","format":"standard","meta":[],"categories":[34304,87],"tags":[23361,66429,23362,66430,43319,43317],"_links":{"self":[{"href":"https:\/\/blog.ilgiornale.it\/spirli\/wp-json\/wp\/v2\/posts\/3549"}],"collection":[{"href":"https:\/\/blog.ilgiornale.it\/spirli\/wp-json\/wp\/v2\/posts"}],"about":[{"href":"https:\/\/blog.ilgiornale.it\/spirli\/wp-json\/wp\/v2\/types\/post"}],"author":[{"embeddable":true,"href":"https:\/\/blog.ilgiornale.it\/spirli\/wp-json\/wp\/v2\/users\/1022"}],"replies":[{"embeddable":true,"href":"https:\/\/blog.ilgiornale.it\/spirli\/wp-json\/wp\/v2\/comments?post=3549"}],"version-history":[{"count":1,"href":"https:\/\/blog.ilgiornale.it\/spirli\/wp-json\/wp\/v2\/posts\/3549\/revisions"}],"predecessor-version":[{"id":3554,"href":"https:\/\/blog.ilgiornale.it\/spirli\/wp-json\/wp\/v2\/posts\/3549\/revisions\/3554"}],"wp:attachment":[{"href":"https:\/\/blog.ilgiornale.it\/spirli\/wp-json\/wp\/v2\/media?parent=3549"}],"wp:term":[{"taxonomy":"category","embeddable":true,"href":"https:\/\/blog.ilgiornale.it\/spirli\/wp-json\/wp\/v2\/categories?post=3549"},{"taxonomy":"post_tag","embeddable":true,"href":"https:\/\/blog.ilgiornale.it\/spirli\/wp-json\/wp\/v2\/tags?post=3549"}],"curies":[{"name":"wp","href":"https:\/\/api.w.org\/{rel}","templated":true}]}}