{"id":3564,"date":"2015-05-04T11:02:25","date_gmt":"2015-05-04T09:02:25","guid":{"rendered":"https:\/\/blog.ilgiornale.it\/spirli\/?p=3564"},"modified":"2015-05-04T11:02:25","modified_gmt":"2015-05-04T09:02:25","slug":"quelle-spiagge-troppo-calabresi","status":"publish","type":"post","link":"https:\/\/blog.ilgiornale.it\/spirli\/2015\/05\/04\/quelle-spiagge-troppo-calabresi\/","title":{"rendered":"Quelle spiagge troppo calabresi"},"content":{"rendered":"<p><strong>Luned\u00ec 4 Maggio 2015 &#8211; San Silvano &#8211; Redazione SUD, can. 656 d.t., Area industriale Porto Gioia Tauro<\/strong><\/p>\n<p><a href=\"https:\/\/blog.ilgiornale.it\/spirli\/files\/2015\/05\/Mare.jpg\"><img loading=\"lazy\" class=\"alignnone size-medium wp-image-3565\" src=\"https:\/\/blog.ilgiornale.it\/spirli\/files\/2015\/05\/Mare-300x224.jpg\" alt=\"Mare\" width=\"300\" height=\"224\" srcset=\"https:\/\/blog.ilgiornale.it\/spirli\/files\/2015\/05\/Mare-300x224.jpg 300w, https:\/\/blog.ilgiornale.it\/spirli\/files\/2015\/05\/Mare.jpg 960w\" sizes=\"(max-width: 300px) 100vw, 300px\" \/><\/a><\/p>\n<p><strong>Tre maggio, primo vero giorno di mare. Il caldo \u00e8 africano.\u00a0<\/strong><\/p>\n<p><strong>Questo mare pulito, questa spiaggia semideserta, questo sole a picco\u2026 Bellezze insopportabili!<\/strong> Quasi quasi me ne andrei in una di quelle fotografie da ufficio turistico di altri mari, di altri soli, di altre spiagge. Dove l&#8217;acqua non sia cos\u00ec trasparente, quasi da bere, e la sabbia sia di quelle che ti si appiccicano ai maroni, manco fosse farina 00, ma di quelle fastidiose. Mi tufferei in quegli scatti di abili fotografi che cercano di filtrare la tristezza e la povert\u00e0 dei luoghi. Dove le pensioni senza stelle sembrano grand hotel da petrolarabi. Dove una eremitica soglioletta dell&#8217;atlantico, vecchia di pesca e di ghiaccio, viene servita come fosse solo addormentata &#8220;su un letto di verdure d&#8217;orto&#8221;: da dove altro dovrebbero venire, le verdure?<\/p>\n<p>Qui, da me, in questa terra di Calabria, sicuramente dall&#8217;orto vero. Quello di mia zia Angelina, zia Montagna (in onore alla Vergine di Polsi), o del signore &#8220;dei polli&#8221;, quelli ruspanti (e quali altri?) allevati liberi in campagna.<\/p>\n<p><a href=\"https:\/\/blog.ilgiornale.it\/spirli\/files\/2015\/05\/rovaglioso.jpg\"><img loading=\"lazy\" class=\"alignnone size-medium wp-image-3566\" src=\"https:\/\/blog.ilgiornale.it\/spirli\/files\/2015\/05\/rovaglioso-300x188.jpg\" alt=\"rovaglioso\" width=\"300\" height=\"188\" srcset=\"https:\/\/blog.ilgiornale.it\/spirli\/files\/2015\/05\/rovaglioso-300x188.jpg 300w, https:\/\/blog.ilgiornale.it\/spirli\/files\/2015\/05\/rovaglioso.jpg 640w\" sizes=\"(max-width: 300px) 100vw, 300px\" \/><\/a><\/p>\n<p><strong>Il vero pesce fresco, invece, lo pesca Saverio e me lo porta fino a casa,<\/strong> prima che gli altri abitanti del mare si accorgano dell&#8217;assenza del povero sfortunato pescato. L&#8217;ultimo polpo, oltre tre chili, era cos\u00ec tenero che le patate nel piatto sembravano granito dell&#8217;Aspromonte.<\/p>\n<p><strong>Mi bagno le chiappe e tutto il resto in questo mare e mi sento ricco, felice e divino.<\/strong> Eh, s\u00ec! Tocco il cielo con lo sguardo e mi immergo nelle acque della Genesi. Esagerato? No, no: fortunato. Altri, molti altri, lo vanno a cercare e, spesso, non lo trovano questo Paradiso.<\/p>\n<p><strong>Eppure\u2026<\/strong><\/p>\n<p><strong>Qui il turismo non arriva.<\/strong> Almeno quello medio e medio basso: preferisce altre acque e altri agi. La Calabria &#8220;non \u00e8 attrezzata&#8221;, &#8220;non si \u00e8 mai organizzata&#8221;, &#8220;non c&#8217;\u00e8 nulla, oltre quello che la Natura le ha dato&#8221;. <strong>&#8220;Sar\u00e0 la ndrangheta che non vuole il turismo: laggi\u00f9 si ammazzano ogni giorno\u2026&#8221;<\/strong><\/p>\n<p>Ne potrei scrivere mille e mille, di cazzate simili: le ho sentite, in questi 54 anni di vita, a iosa. Qualcuno si \u00e8 spinto oltre: <strong>&#8220;ero di passaggio in Calabria e ho visto nella piazza di un paese, pure grandetto, passare un vecchio con la scoppoletta in testa e la lupara sulla spalla.<\/strong> E tutti si inchinavano al suo passaggio. Era agosto\u2026 O luglio\u2026 Non ricordo bene\u2026&#8221;<\/p>\n<p><strong>E ricordi malissimo, coglione!<\/strong> Qui, le scoppolette e le lupare si vedono solo in tv, nelle fiction di merda che continuano a dipingerci come fossimo nell&#8217;800. E nemmeno\u2026<\/p>\n<p><a href=\"https:\/\/blog.ilgiornale.it\/spirli\/files\/2015\/05\/marinella.jpg\"><img loading=\"lazy\" class=\"alignnone size-medium wp-image-3568\" src=\"https:\/\/blog.ilgiornale.it\/spirli\/files\/2015\/05\/marinella-300x225.jpg\" alt=\"marinella\" width=\"300\" height=\"225\" srcset=\"https:\/\/blog.ilgiornale.it\/spirli\/files\/2015\/05\/marinella-300x225.jpg 300w, https:\/\/blog.ilgiornale.it\/spirli\/files\/2015\/05\/marinella-1024x768.jpg 1024w, https:\/\/blog.ilgiornale.it\/spirli\/files\/2015\/05\/marinella.jpg 1440w\" sizes=\"(max-width: 300px) 100vw, 300px\" \/><\/a><\/p>\n<p><strong>Mi fa piacere che certo turismo, questo turismo, non ci arrivi, da queste parti. Non ne abbiamo bisogno. Viviamo benissimo anche senza.<\/strong><\/p>\n<p><strong>Ci godiamo le nostre ricchezze<\/strong>, ci spalmiamo la pelle d&#8217;olio d&#8217;oliva, ci imbalsamiamo con le essenze di zagara e bergamotto. Godiamo delle prelibatezze della nostra cucina, forte di agrumi, erbe, spezie rarissime, come lo zafferano dell&#8217;Aspromonte.<\/p>\n<p><strong>Stiamo bene &#8220;senza&#8221;.<\/strong><\/p>\n<p><strong>Senza hamburger e patatine<\/strong>, senza morti del sabato sera, senza impiccati per solitudine, senza anziani abbandonati nei condomini o sotto i ponti.<\/p>\n<p>Stiamo bene senza troppi &#8220;piscioni&#8221; nel nostro mare. A volte, smeraldo, a volte, viola, a volte trasparente. Sempre cristallino.<\/p>\n<p><strong>Fra me e me. A mare.<\/strong><\/p>\n<p><strong>Le foto sono state scattate a Palmi (1 La Tonnara con lo scoglio dell&#8217;ulivo, 2 Rovaglioso, 3 La Marinella)<\/strong><\/p>\n<p><strong>\u00a0<\/strong><\/p>\n<p>&nbsp;<\/p>\n","protected":false},"excerpt":{"rendered":"<p><p>Luned\u00ec 4 Maggio 2015 &#8211; San Silvano &#8211; Redazione SUD, can. 656 d.t., Area industriale Porto Gioia Tauro Tre maggio, primo vero giorno di mare. Il caldo \u00e8 africano.\u00a0 Questo mare pulito, questa spiaggia semideserta, questo sole a picco\u2026 Bellezze insopportabili! Quasi quasi me ne andrei in una di quelle fotografie da ufficio turistico di altri mari, di altri soli, di altre spiagge. Dove l&#8217;acqua non sia cos\u00ec trasparente, quasi da bere, e la sabbia sia di quelle che ti si appiccicano ai maroni, manco fosse farina 00, ma di quelle fastidiose. Mi tufferei in quegli scatti di abili fotografi [&hellip;]<\/p>\n&nbsp;&nbsp;<div class=\"readmore\"><a href=\"https:\/\/blog.ilgiornale.it\/spirli\/2015\/05\/04\/quelle-spiagge-troppo-calabresi\/\">Continua a leggere...<\/a><\/div><\/p>","protected":false},"author":1022,"featured_media":0,"comment_status":"open","ping_status":"closed","sticky":false,"template":"","format":"standard","meta":[],"categories":[34304],"tags":[34336,13580,66438,66439,66440,66441],"_links":{"self":[{"href":"https:\/\/blog.ilgiornale.it\/spirli\/wp-json\/wp\/v2\/posts\/3564"}],"collection":[{"href":"https:\/\/blog.ilgiornale.it\/spirli\/wp-json\/wp\/v2\/posts"}],"about":[{"href":"https:\/\/blog.ilgiornale.it\/spirli\/wp-json\/wp\/v2\/types\/post"}],"author":[{"embeddable":true,"href":"https:\/\/blog.ilgiornale.it\/spirli\/wp-json\/wp\/v2\/users\/1022"}],"replies":[{"embeddable":true,"href":"https:\/\/blog.ilgiornale.it\/spirli\/wp-json\/wp\/v2\/comments?post=3564"}],"version-history":[{"count":4,"href":"https:\/\/blog.ilgiornale.it\/spirli\/wp-json\/wp\/v2\/posts\/3564\/revisions"}],"predecessor-version":[{"id":3571,"href":"https:\/\/blog.ilgiornale.it\/spirli\/wp-json\/wp\/v2\/posts\/3564\/revisions\/3571"}],"wp:attachment":[{"href":"https:\/\/blog.ilgiornale.it\/spirli\/wp-json\/wp\/v2\/media?parent=3564"}],"wp:term":[{"taxonomy":"category","embeddable":true,"href":"https:\/\/blog.ilgiornale.it\/spirli\/wp-json\/wp\/v2\/categories?post=3564"},{"taxonomy":"post_tag","embeddable":true,"href":"https:\/\/blog.ilgiornale.it\/spirli\/wp-json\/wp\/v2\/tags?post=3564"}],"curies":[{"name":"wp","href":"https:\/\/api.w.org\/{rel}","templated":true}]}}