{"id":3621,"date":"2015-05-19T23:46:28","date_gmt":"2015-05-19T21:46:28","guid":{"rendered":"https:\/\/blog.ilgiornale.it\/spirli\/?p=3621"},"modified":"2015-05-19T23:46:28","modified_gmt":"2015-05-19T21:46:28","slug":"gesu-ferito-dal-politically-incorrect","status":"publish","type":"post","link":"https:\/\/blog.ilgiornale.it\/spirli\/2015\/05\/19\/gesu-ferito-dal-politically-incorrect\/","title":{"rendered":"Ges\u00f9 ferito dal politically (in)correct"},"content":{"rendered":"<p><strong>Mercoled\u00ec 20 maggio 2015 &#8211; San Bernardino da Siena &#8211; a casa, a Taurianova<\/strong><\/p>\n<p><strong><a href=\"https:\/\/blog.ilgiornale.it\/spirli\/files\/2015\/05\/Mantegna_Andrea_Dead_Christ.jpg\"><img loading=\"lazy\" class=\"alignnone size-medium wp-image-3622\" src=\"https:\/\/blog.ilgiornale.it\/spirli\/files\/2015\/05\/Mantegna_Andrea_Dead_Christ-300x253.jpg\" alt=\"Mantegna_Andrea_Dead_Christ\" width=\"300\" height=\"253\" \/><\/a><\/strong><\/p>\n<p><strong>No, Dio non \u00e8 morto. Non Ges\u00f9 Cristo. Nessuno pu\u00f2 ucciderlo.<\/strong> Lui che resistette alla crocifissione e alla sepoltura. Alla cattiveria dei sapienti e dei potenti. Non pu\u00f2 morire e non muore. Patisce. Quello, s\u00ec! Perch\u00e9 scelse di indossare la carne e le umane miserie. Come ognuno di noi, sent\u00ec e sente la sofferenza dell&#8217;offesa e del tradimento, prima che il dolore dei chiodi e delle fruste.<\/p>\n<p><strong>Oggi pi\u00f9 che mai.<\/strong><\/p>\n<p><strong>In questi tempi di superficialit\u00e0 e negazione. Di parzialit\u00e0 e malafede.<\/strong> In questi giorni in cui una piccola croce di legno appesa ad un chiodo su una parete spaventa pi\u00f9 di una condanna a morte. In questo mondo in cui una capanna di sughero e tre statuine riescono a spaventare tanto da essere considerate immorali e offensive di chiss\u00e0 quale umano equilibrio zoppo, cieco e sordo.<\/p>\n<p><strong>Un mondo di finta fratellanza, accoglienza, condivisione, compassione.<\/strong> Un mondo in cui un profugo \u00e8, in verit\u00e0, un sorta di bancomat per la malavita e la delinquenza politica. In cui i poveri chiudono gli occhi e consegnano l&#8217;anima sui marciapiedi delle citt\u00e0 troppo veloci e disattente. In cui non c&#8217;\u00e8 perdono per chi sbaglia, ma catene per chi non soggiace.<\/p>\n<p><a href=\"https:\/\/blog.ilgiornale.it\/spirli\/files\/2015\/05\/transfig.jpg\"><img loading=\"lazy\" class=\"alignnone size-medium wp-image-3626\" src=\"https:\/\/blog.ilgiornale.it\/spirli\/files\/2015\/05\/transfig-300x200.jpg\" alt=\"transfig\" width=\"300\" height=\"200\" srcset=\"https:\/\/blog.ilgiornale.it\/spirli\/files\/2015\/05\/transfig-300x200.jpg 300w, https:\/\/blog.ilgiornale.it\/spirli\/files\/2015\/05\/transfig.jpg 976w\" sizes=\"(max-width: 300px) 100vw, 300px\" \/><\/a><\/p>\n<p><strong>Ges\u00f9 Cristo, il Nazareno, nostro Fratello, Padre, Figlio e Amico, patisce. S\u00ec.<\/strong> Per la leggerezza con cui si pretende di cancellare duemila anni di cammino dell&#8217;Uomo sulla strada luminosissima di Dio (e lo scrivo senza pi\u00f9 l&#8217;* di D*o), per la violenza delle menti contorte di ignoranti intellettuali inutilmente senza fede, per il doppiogiochismo di chi si vende al mercato della falsa fede malamente seminata da falsi profeti sui terreni pi\u00f9 aridi dell&#8217;animo umano. Patisce una seconda croce quando i silenzi politici consentono migliaia di morti che avrebbero potuto essere evitate. Subisce il dolore lancinante dei chiodi del supplizio quando la maggior parte del suo gregge finisce i propri giorni nell&#8217;incantamento dei cellulari e dei computer, senza pi\u00f9 godere della bellezza della preghiera.<\/p>\n<p><strong>Soffoca nel buio dello spirito del sepolcro dell&#8217;umanit\u00e0,<\/strong> quando volge lo sguardo verso di noi e ci scorge immersi nella ricerca esasperata di altri olimpi da accostare al Suo gioioso Paradiso.<\/p>\n<p><a href=\"https:\/\/blog.ilgiornale.it\/spirli\/files\/2015\/05\/Perugino_nativit\u00e0_collegio_del_cambio.jpg\"><img loading=\"lazy\" class=\"alignnone size-medium wp-image-3627\" src=\"https:\/\/blog.ilgiornale.it\/spirli\/files\/2015\/05\/Perugino_nativit\u00e0_collegio_del_cambio-261x300.jpg\" alt=\"Perugino,_nativit\u00e0,_collegio_del_cambio\" width=\"261\" height=\"300\" srcset=\"https:\/\/blog.ilgiornale.it\/spirli\/files\/2015\/05\/Perugino_nativit\u00e0_collegio_del_cambio-261x300.jpg 261w, https:\/\/blog.ilgiornale.it\/spirli\/files\/2015\/05\/Perugino_nativit\u00e0_collegio_del_cambio.jpg 521w\" sizes=\"(max-width: 261px) 100vw, 261px\" \/><\/a><\/p>\n<p><strong>No, Dio non ha bisogno del politicamente corretto. Dio \u00e8 scelta.<\/strong><\/p>\n<p><strong>Fra me e me. Forte dell&#8217;Anima mia.<\/strong><\/p>\n","protected":false},"excerpt":{"rendered":"<p><p>Mercoled\u00ec 20 maggio 2015 &#8211; San Bernardino da Siena &#8211; a casa, a Taurianova No, Dio non \u00e8 morto. Non Ges\u00f9 Cristo. Nessuno pu\u00f2 ucciderlo. Lui che resistette alla crocifissione e alla sepoltura. Alla cattiveria dei sapienti e dei potenti. Non pu\u00f2 morire e non muore. Patisce. Quello, s\u00ec! Perch\u00e9 scelse di indossare la carne e le umane miserie. Come ognuno di noi, sent\u00ec e sente la sofferenza dell&#8217;offesa e del tradimento, prima che il dolore dei chiodi e delle fruste. Oggi pi\u00f9 che mai. In questi tempi di superficialit\u00e0 e negazione. Di parzialit\u00e0 e malafede. In questi giorni in [&hellip;]<\/p>\n&nbsp;&nbsp;<div class=\"readmore\"><a href=\"https:\/\/blog.ilgiornale.it\/spirli\/2015\/05\/19\/gesu-ferito-dal-politically-incorrect\/\">Continua a leggere...<\/a><\/div><\/p>","protected":false},"author":1022,"featured_media":0,"comment_status":"open","ping_status":"closed","sticky":false,"template":"","format":"standard","meta":[],"categories":[34304,87],"tags":[5316,44087,25890,14910,66459,66460],"_links":{"self":[{"href":"https:\/\/blog.ilgiornale.it\/spirli\/wp-json\/wp\/v2\/posts\/3621"}],"collection":[{"href":"https:\/\/blog.ilgiornale.it\/spirli\/wp-json\/wp\/v2\/posts"}],"about":[{"href":"https:\/\/blog.ilgiornale.it\/spirli\/wp-json\/wp\/v2\/types\/post"}],"author":[{"embeddable":true,"href":"https:\/\/blog.ilgiornale.it\/spirli\/wp-json\/wp\/v2\/users\/1022"}],"replies":[{"embeddable":true,"href":"https:\/\/blog.ilgiornale.it\/spirli\/wp-json\/wp\/v2\/comments?post=3621"}],"version-history":[{"count":5,"href":"https:\/\/blog.ilgiornale.it\/spirli\/wp-json\/wp\/v2\/posts\/3621\/revisions"}],"predecessor-version":[{"id":3629,"href":"https:\/\/blog.ilgiornale.it\/spirli\/wp-json\/wp\/v2\/posts\/3621\/revisions\/3629"}],"wp:attachment":[{"href":"https:\/\/blog.ilgiornale.it\/spirli\/wp-json\/wp\/v2\/media?parent=3621"}],"wp:term":[{"taxonomy":"category","embeddable":true,"href":"https:\/\/blog.ilgiornale.it\/spirli\/wp-json\/wp\/v2\/categories?post=3621"},{"taxonomy":"post_tag","embeddable":true,"href":"https:\/\/blog.ilgiornale.it\/spirli\/wp-json\/wp\/v2\/tags?post=3621"}],"curies":[{"name":"wp","href":"https:\/\/api.w.org\/{rel}","templated":true}]}}