{"id":3641,"date":"2015-05-27T12:35:28","date_gmt":"2015-05-27T10:35:28","guid":{"rendered":"https:\/\/blog.ilgiornale.it\/spirli\/?p=3641"},"modified":"2015-05-27T13:55:21","modified_gmt":"2015-05-27T11:55:21","slug":"tonache-e-omosessuali","status":"publish","type":"post","link":"https:\/\/blog.ilgiornale.it\/spirli\/2015\/05\/27\/tonache-e-omosessuali\/","title":{"rendered":"Tonache e omosessuali"},"content":{"rendered":"<p><strong>Mercoled\u00ec 27 maggio 2015 &#8211; Sant&#8217;Agostino &#8211; Redazione SUD, can 656 d.t. &#8211; Area industriale Porto di Gioia Tauro<\/strong><\/p>\n<p><a href=\"https:\/\/blog.ilgiornale.it\/spirli\/files\/2015\/05\/preti-gay.jpg\"><img loading=\"lazy\" class=\"alignnone size-full wp-image-3642\" src=\"https:\/\/blog.ilgiornale.it\/spirli\/files\/2015\/05\/preti-gay.jpg\" alt=\"preti-gay\" width=\"180\" height=\"264\" \/><\/a><\/p>\n<p><strong>Tonache e omosessuali. Tonache. Omosessuali. Tonache omosessuali.<\/strong> Una sorta di corsa all&#8217;acchiappo. Chi rincorre chi, lo sapremo solo vivendo. Sono millenni che la Chiesa e la pratica omosessuale si intrecciano e si respingono. Un braccio di ferro ipocrita e patetico che, nel terzo millennio dell&#8217;era cristiana, comincia a scocciare. Ma, forse, a dare i suoi frutti migliori.<\/p>\n<p><strong>Se volgo lo sguardo attorno alla mia piccolissima persona, colgo la richiesta di complicit\u00e0 muta di decine di sacerdoti consacrati per forza.<\/strong> Ad una visione pi\u00f9 attenta, invece, non sfuggono i froci fatti preti per furbizia: coloro i quali hanno pensato di nascondere sotto la tonaca (magari alla famiglia e agli amici) il desiderio dell&#8217;altro. Ma quel desiderio \u00e8 fatto di vapore, a lungo andare &#8220;schiuma&#8221;, erutta, schizza (tanto per restare in tema) come il soffio del geyser.<\/p>\n<p>Ecco, s\u00ec: l&#8217;immagine \u00e8 appropriata. <strong>Molto spesso, fra una benedizione e un&#8217;omelia, si ha come l&#8217;impressione che sugli altari, anche durante le celebrazioni pi\u00f9 sentite, la ricchionaggine di preti, vescovi, cardinali e papi esploda come un soffio d&#8217;inferno<\/strong> che provenga dalle viscere della Terra e accentri su di s\u00e9 l&#8217;attenzione del popolo altrettanto fariseo.<\/p>\n<p><a href=\"https:\/\/blog.ilgiornale.it\/spirli\/files\/2015\/05\/geyser_and_vent_geyser_in_Yellowstone_National_park.jpg\"><img loading=\"lazy\" class=\"alignnone size-medium wp-image-3647\" src=\"https:\/\/blog.ilgiornale.it\/spirli\/files\/2015\/05\/geyser_and_vent_geyser_in_Yellowstone_National_park-300x275.jpg\" alt=\"geyser_and_vent_geyser_in_Yellowstone_National_park\" width=\"300\" height=\"275\" srcset=\"https:\/\/blog.ilgiornale.it\/spirli\/files\/2015\/05\/geyser_and_vent_geyser_in_Yellowstone_National_park-300x275.jpg 300w, https:\/\/blog.ilgiornale.it\/spirli\/files\/2015\/05\/geyser_and_vent_geyser_in_Yellowstone_National_park.jpg 653w\" sizes=\"(max-width: 300px) 100vw, 300px\" \/><\/a><\/p>\n<p><strong>Lo sanno tutti i parrocchiani e tutte le beghine che quel prete &#8220;\u00e8 un po&#8217; cos\u00ec..&#8221;,<\/strong> ma tutti e tutte fanno finta che &#8220;quel cos\u00ec\u2026&#8221; sia una sorta di elegante timidezza coperta dai ricami delle casule. E dal pastore difettoso vanno pure a confessarsi. A raccontare le proprie colpe, i propri errori a quel sacco di bugie, al quale, per\u00f2, si perdona tutto sull&#8217;altare e si rimprovera tutto nel mormorio domestico\u00a0del pettegolezzo. Eppure, quando si comincia a parlare di &#8220;apertura verso i ghei&#8221;, apriti cielo! Finirebbe il passatempo del gossip e anche il &#8220;quieto vivere&#8221; nel quale si equilibrano il silenzio sul prete e quello sui peccati del resto del popolo di Dio. Se comprendiamo e perdoniamo il pastore, le pecore stesse sono chiamate a confessare pubblicamente i propri vizi, molto pi\u00f9 numerosi delle virt\u00f9\u2026<\/p>\n<p><strong>E, cos\u00ec, la Chiesa di Roma, tomba di ogni verit\u00e0, truccata come una vecchia meretrice, ornata di nefandezze inconfessabili, calzata di peccati imperdonabili, cibata di ipocrisie sataniche, tuona ad ogni pi\u00e8 sospinto contro gli omosessuali.<\/strong><\/p>\n<p>E io ci metterei un freno! Eccome!<\/p>\n<p><strong>Molti di noi omosessuali viviamo sforzandoci di seguire gli insegnamenti del Cristo. Come fanno molti eterosessuali. Come fanno molti asessuali. Insomma, come molti.<\/strong> Molti, ma non tutti. Teniamo ben presenti i comandamenti, le regole e i dogmi. Alcuni, li ingoiamo per Fede. Su altri, ci ragioniamo. Altri ancora li accettiamo col sorriso compassionevole sulle labbra. Compassione verso i medievalismi di certi dottori della chiesa, di certi mistici un po&#8217; esaltati. Ma, se la preghiera \u00e8 bella, la recitiamo perdonando i cilici inutilmente indossati.<\/p>\n<p><a href=\"https:\/\/blog.ilgiornale.it\/spirli\/files\/2015\/05\/Cilicio.jpg\"><img loading=\"lazy\" class=\"alignnone size-medium wp-image-3648\" src=\"https:\/\/blog.ilgiornale.it\/spirli\/files\/2015\/05\/Cilicio-300x183.jpg\" alt=\"Cilicio\" width=\"300\" height=\"183\" srcset=\"https:\/\/blog.ilgiornale.it\/spirli\/files\/2015\/05\/Cilicio-300x183.jpg 300w, https:\/\/blog.ilgiornale.it\/spirli\/files\/2015\/05\/Cilicio.jpg 346w\" sizes=\"(max-width: 300px) 100vw, 300px\" \/><\/a><\/p>\n<p><strong>Non perdoniamo, e non lo faccio nemmeno io, le mitre dalla lingua biforcuta.<\/strong> Quelle sciarpe paonazze strette a pance stragonfie di carne di porco che offendono chi muore di fame anelando l&#8217;amore di Ges\u00f9. I cardinaloni che sciamano come processionarie affamate di ori e potere per i larghi e affrescati corridoi della cosiddetta santa sede. Sede, s\u00ec, ma santa direi proprio di no, se anche un papa filoproletario come il gesuita Bergoglio, preferisce la pi\u00f9 sobria sede dedicata a santa Marta.<\/p>\n<p><strong>Parlano e straparlano, i vescovi e gli arci, e dicono cose senza senso, senza alcun collegamento con la realt\u00e0. Condannano l&#8217;amore, ma trombano come macachi<\/strong> e accumulano scandali quanto elemosine. Frustano i loro soldati e tutti i cristiani, ma non rinunciano a nessun privilegio. Qualunque esso sia. Fosse anche la fortuna di godere di un pasto completo a pranzo e cena.<\/p>\n<p><strong>Per dirla tutta: anche io, come molti italiani, non riteniamo che il matrimonio fra persone dello stesso sesso sia necessit\u00e0 primaria per il nostro Paese, in questo momento.<\/strong> Ma la tutela dei diritti della coppia, s\u00ec. Perch\u00e9, al di l\u00e0 del significato delle parole, due persone che stanno insieme e condividono lo stesso tetto, le gioie e, soprattutto, le difficolt\u00e0 e i dolori, devono essere garantite nei propri diritti. Sia in coppia che singolarmente. Poi, sul resto ne parliamo.<\/p>\n<p><strong>Ma nessun umano pu\u00f2 permettersi di offendere i sentimenti.<\/strong> Nessun cardinale cretino pu\u00f2 sentenziare su ci\u00f2 che \u00e8 ordine e ci\u00f2 che \u00e8 disordine morale, quando egli stesso \u00e8 simbolo incarnato di uno fra i pi\u00f9 grandi contenitori di depravati e immorali.<\/p>\n<p><a href=\"https:\/\/blog.ilgiornale.it\/spirli\/files\/2015\/05\/Monse\u00f1or_Pietro_Parolin_2012.jpg\"><img loading=\"lazy\" class=\"alignnone size-medium wp-image-3649\" src=\"https:\/\/blog.ilgiornale.it\/spirli\/files\/2015\/05\/Monse\u00f1or_Pietro_Parolin_2012-300x225.jpg\" alt=\"Monse\u00f1or_Pietro_Parolin,_2012\" width=\"300\" height=\"225\" srcset=\"https:\/\/blog.ilgiornale.it\/spirli\/files\/2015\/05\/Monse\u00f1or_Pietro_Parolin_2012-300x225.jpg 300w, https:\/\/blog.ilgiornale.it\/spirli\/files\/2015\/05\/Monse\u00f1or_Pietro_Parolin_2012-1024x768.jpg 1024w, https:\/\/blog.ilgiornale.it\/spirli\/files\/2015\/05\/Monse\u00f1or_Pietro_Parolin_2012.jpg 1440w\" sizes=\"(max-width: 300px) 100vw, 300px\" \/><\/a><\/p>\n<p><strong>Credere in Dio e amare la Sua Santa Sposa e Madre non significa doversi necessariamente inginocchiare davanti al primo scostumato consacrato. Provveda, la Chiesa, a cacciare a pedate tutti i debosciati. Poi ne riparliamo, signor Parolin.<\/strong><\/p>\n<p><strong>Fra me e me. Fedele al battesimo, serenamente abbandonato alla Misericordia di Dio.<\/strong><\/p>\n<p><strong>\u00a0<\/strong><\/p>\n<p>&nbsp;<\/p>\n","protected":false},"excerpt":{"rendered":"<p><p>Mercoled\u00ec 27 maggio 2015 &#8211; Sant&#8217;Agostino &#8211; Redazione SUD, can 656 d.t. &#8211; Area industriale Porto di Gioia Tauro Tonache e omosessuali. Tonache. Omosessuali. Tonache omosessuali. Una sorta di corsa all&#8217;acchiappo. Chi rincorre chi, lo sapremo solo vivendo. Sono millenni che la Chiesa e la pratica omosessuale si intrecciano e si respingono. Un braccio di ferro ipocrita e patetico che, nel terzo millennio dell&#8217;era cristiana, comincia a scocciare. Ma, forse, a dare i suoi frutti migliori. Se volgo lo sguardo attorno alla mia piccolissima persona, colgo la richiesta di complicit\u00e0 muta di decine di sacerdoti consacrati per forza. Ad una [&hellip;]<\/p>\n&nbsp;&nbsp;<div class=\"readmore\"><a href=\"https:\/\/blog.ilgiornale.it\/spirli\/2015\/05\/27\/tonache-e-omosessuali\/\">Continua a leggere...<\/a><\/div><\/p>","protected":false},"author":1022,"featured_media":0,"comment_status":"open","ping_status":"closed","sticky":false,"template":"","format":"standard","meta":[],"categories":[34319],"tags":[44090,66464,66467,44064,66465,66466],"_links":{"self":[{"href":"https:\/\/blog.ilgiornale.it\/spirli\/wp-json\/wp\/v2\/posts\/3641"}],"collection":[{"href":"https:\/\/blog.ilgiornale.it\/spirli\/wp-json\/wp\/v2\/posts"}],"about":[{"href":"https:\/\/blog.ilgiornale.it\/spirli\/wp-json\/wp\/v2\/types\/post"}],"author":[{"embeddable":true,"href":"https:\/\/blog.ilgiornale.it\/spirli\/wp-json\/wp\/v2\/users\/1022"}],"replies":[{"embeddable":true,"href":"https:\/\/blog.ilgiornale.it\/spirli\/wp-json\/wp\/v2\/comments?post=3641"}],"version-history":[{"count":8,"href":"https:\/\/blog.ilgiornale.it\/spirli\/wp-json\/wp\/v2\/posts\/3641\/revisions"}],"predecessor-version":[{"id":3653,"href":"https:\/\/blog.ilgiornale.it\/spirli\/wp-json\/wp\/v2\/posts\/3641\/revisions\/3653"}],"wp:attachment":[{"href":"https:\/\/blog.ilgiornale.it\/spirli\/wp-json\/wp\/v2\/media?parent=3641"}],"wp:term":[{"taxonomy":"category","embeddable":true,"href":"https:\/\/blog.ilgiornale.it\/spirli\/wp-json\/wp\/v2\/categories?post=3641"},{"taxonomy":"post_tag","embeddable":true,"href":"https:\/\/blog.ilgiornale.it\/spirli\/wp-json\/wp\/v2\/tags?post=3641"}],"curies":[{"name":"wp","href":"https:\/\/api.w.org\/{rel}","templated":true}]}}