{"id":3673,"date":"2015-06-07T11:39:43","date_gmt":"2015-06-07T09:39:43","guid":{"rendered":"https:\/\/blog.ilgiornale.it\/spirli\/?p=3673"},"modified":"2015-06-07T14:58:09","modified_gmt":"2015-06-07T12:58:09","slug":"estate-tempo-di-gaypride-inutili","status":"publish","type":"post","link":"https:\/\/blog.ilgiornale.it\/spirli\/2015\/06\/07\/estate-tempo-di-gaypride-inutili\/","title":{"rendered":"Estate. Tempo di gaypride. Inutili"},"content":{"rendered":"<p><strong>Domenica 7 giugno 2015 &#8211; Corpus Domini &#8211; a casa, a Taurianova<\/strong><\/p>\n<p><a href=\"https:\/\/blog.ilgiornale.it\/spirli\/files\/2015\/06\/human_pride_campagna1.jpg\"><img loading=\"lazy\" class=\"alignnone size-medium wp-image-3674\" src=\"https:\/\/blog.ilgiornale.it\/spirli\/files\/2015\/06\/human_pride_campagna1-192x300.jpg\" alt=\"human_pride_campagna1\" width=\"192\" height=\"300\" srcset=\"https:\/\/blog.ilgiornale.it\/spirli\/files\/2015\/06\/human_pride_campagna1-192x300.jpg 192w, https:\/\/blog.ilgiornale.it\/spirli\/files\/2015\/06\/human_pride_campagna1.jpg 491w\" sizes=\"(max-width: 192px) 100vw, 192px\" \/><\/a><\/p>\n<p><strong>Un tempo, il mese di giugno era dedicato alla devozione al Sacro Cuore, oggi si \u00e8 scesi un po&#8217; pi\u00f9 in basso, valicando l&#8217;ombelico e qualche pelo superfluo<\/strong>. E&#8217; la notte dei tempi, accettiamola per quello che \u00e8. Verr\u00e0, prima o poi, il tempo della seriet\u00e0\u2026<\/p>\n<p><strong>Non mi aspetto, quest&#8217;anno, le oltre ventimila maledizioni frocie del passato 2014:<\/strong> qualcuno, come da legge naturale, non ci sar\u00e0 pi\u00f9, altri sono volati all&#8217;estero, come altre migliaia di giovani italiani, in cerca di lavoro. Qualcuno avr\u00e0 trovato il tappo giusto per il proprio vaso di Pandora, uno o due avranno deposto le armi. Molti, ahim\u00e8, hanno indossato la tanto vituperata tonaca.<\/p>\n<p><strong>Eh, s\u00ec! Una grande folla di gay, pur odiando Santa Madre Chiesa, si prostra davanti all&#8217;altare per ricevere il dono (malriposto) del sacerdozio.<\/strong> Ne sono testimone, se mai ce ne fosse bisogno. Ho tanti amici froci preti e conosco anche altrettanti preti froci, a volte incattiviti dall&#8217;imposto silenzio. Insomma, in certi\u00a0casi \u00e8 solo questione di tempi: <strong>alcuni gay arrivano maturi al sacramento, altri maturano la propria diversit\u00e0 col vino dell&#8217;altare.<\/strong> Dio ci perdoni tutti: loro, sepolcri imbiancati, e noi, sepolcri imbiancati.<\/p>\n<p><a href=\"https:\/\/blog.ilgiornale.it\/spirli\/files\/2015\/06\/human_pride_campagna2.jpg\"><img loading=\"lazy\" class=\"alignnone size-medium wp-image-3675\" src=\"https:\/\/blog.ilgiornale.it\/spirli\/files\/2015\/06\/human_pride_campagna2-192x300.jpg\" alt=\"human_pride_campagna2\" width=\"192\" height=\"300\" srcset=\"https:\/\/blog.ilgiornale.it\/spirli\/files\/2015\/06\/human_pride_campagna2-192x300.jpg 192w, https:\/\/blog.ilgiornale.it\/spirli\/files\/2015\/06\/human_pride_campagna2.jpg 491w\" sizes=\"(max-width: 192px) 100vw, 192px\" \/><\/a><\/p>\n<p><strong>Ma torniamo alle processioni laiche<\/strong> (si fa per dire) dell&#8217;orgoglio omosessuale italico. In queste ore, hanno gi\u00e0 sfilato le bandiere arcobaleno in alcune citt\u00e0. Altre lo faranno nelle prossime settimane, fino al mese di agosto, nel resto della penisola.<\/p>\n<p><strong>Col caldo agostano, i sudori arcobaleno laveranno Reggio Calabria<\/strong>.<\/p>\n<p><strong>Ora, sui gay di Calabria avrei qualcosa da dire, essendo omosessuale e vivendo in questa terra.<\/strong> Mi chiedo dove stiano, a parte che nelle stanze del Palazzo, le associazioni per il resto dell&#8217;anno. Certamente non sulla Piana di Gioia Tauro (dove vivo e seguo le attivit\u00e0 della mia gente), n\u00e9 sul resto del territorio della regione, che non sia una qualche sede semistituzionale nei pressi di Corso Garibaldi a Reggio Calabria, per esempio, o qualche auletta di scuola dove si sussurri di uguaglianza\/diversit\u00e0, o qualche locale serale o notturno dove si esibiscano pi\u00f9 o meno brave o volgari dragqueen, pi\u00f9 o meno bravi o volgari presentatori.<\/p>\n<p><strong>Attivit\u00e0 tali da complimentarsi, no. Non se ne vedono.\u00a0<\/strong>Firme di patti ed alleanze politiche, quelle s\u00ec. A iosa. Con decine di foto pubblicate sapientemente sugli scandalosamente ignoranti social.<\/p>\n<p><strong>E&#8217; questa la grande lotta alla discriminazione?<\/strong> Il muro da costruire fra la disperazione e la vita felice? Due foto e una stretta di mano? Me lo chiedo e mi rispondo no. Faccio tutto da solo? Beh, forse s\u00ec. Come spesso capita, quando qualche giovane, uomo o donna, mi chiede come faccia, io, ad essere cos\u00ec sereno della mia omosessualit\u00e0. Gi\u00e0, come? La risposta me la e gliela consegno con la stessa serenit\u00e0: ho condiviso e condivido con la famiglia ogni istante della mia vita, lascio fuori i sindacalismi e non mi fido degli &#8220;avvocati&#8221;. Sono arrivato a 54 anni, orgoglioso delle vittorie e degli errori. Il tempo per correggerci la vita ce lo da, eccome. Per il resto c&#8217;\u00e8 Equitalia.<\/p>\n<p><a href=\"https:\/\/blog.ilgiornale.it\/spirli\/files\/2015\/06\/human_pride_campagna11.jpg\"><img loading=\"lazy\" class=\"alignnone size-medium wp-image-3677\" src=\"https:\/\/blog.ilgiornale.it\/spirli\/files\/2015\/06\/human_pride_campagna11-192x300.jpg\" alt=\"human_pride_campagna11\" width=\"192\" height=\"300\" srcset=\"https:\/\/blog.ilgiornale.it\/spirli\/files\/2015\/06\/human_pride_campagna11-192x300.jpg 192w, https:\/\/blog.ilgiornale.it\/spirli\/files\/2015\/06\/human_pride_campagna11.jpg 491w\" sizes=\"(max-width: 192px) 100vw, 192px\" \/><\/a><\/p>\n<p><strong>Ma sembra che la condivisione familiare, per molti gay, sia pi\u00f9 difficile dello sciamare, spesso scomposto, per le vie cittadine.<\/strong> Sembra che le peggiori brutture accadano fra le mura domestiche, piuttosto che negli squallidi luoghi di ritrovo di categoria, nei lager del preservativo dimenticato, nelle tristezze della saune da piattola assicurata (quando va bene), negli angoli bui dove si cade accoltellati ed insanguinati come agnelli al macello. A detta di certo psicologiume da associazione pseudo umanitaria, &#8220;la famiglia \u00e8 un covo di vipere ed infelicit\u00e0: scappa se non puoi correggerla&#8221;.\u00a0Gi\u00e0! Cos\u00ec mi disse, durante una presentazione del mio <strong><em>Diario di una vecchia checca<\/em><\/strong>, un presunto psicologo di settore. &#8220;Lei, Spirl\u00ec, \u00e8 un miracolato ad avere una famiglia cos\u00ec collaborativa\u2026&#8221; Risposi che alla nobilt\u00e0 dei miei famigliari volevo aggiungere la mia voglia di condividere con loro, che amavo ed amo, ogni respiro\u00a0della mia esistenza\u2026<\/p>\n<p>Punti di vista? Sicuramente. <strong>Ma io continuo a credere che le risposte si trovino se si pongono le domande. Che gli equilibri si cerchino e si ottengano solo insieme. Insieme ai propri Cari.\u00a0<\/strong>Il resto \u00e8 fuffa. Spettacolo finto. Farsa politica.<\/p>\n<p><strong>Prima che omosessuale, Uomo. <\/strong><\/p>\n<p>Fra me e me<\/p>\n<p><strong><a href=\"https:\/\/blog.ilgiornale.it\/spirli\/files\/2015\/06\/jesuisspirl\u00ec.jpg\"><img loading=\"lazy\" class=\"alignnone size-medium wp-image-3676\" src=\"https:\/\/blog.ilgiornale.it\/spirli\/files\/2015\/06\/jesuisspirl\u00ec-221x300.jpg\" alt=\"jesuisspirl\u00ec\" width=\"221\" height=\"300\" srcset=\"https:\/\/blog.ilgiornale.it\/spirli\/files\/2015\/06\/jesuisspirl\u00ec-221x300.jpg 221w, https:\/\/blog.ilgiornale.it\/spirli\/files\/2015\/06\/jesuisspirl\u00ec.jpg 706w\" sizes=\"(max-width: 221px) 100vw, 221px\" \/><\/a><\/strong><\/p>\n<p>&nbsp;<\/p>\n","protected":false},"excerpt":{"rendered":"<p><p>Domenica 7 giugno 2015 &#8211; Corpus Domini &#8211; a casa, a Taurianova Un tempo, il mese di giugno era dedicato alla devozione al Sacro Cuore, oggi si \u00e8 scesi un po&#8217; pi\u00f9 in basso, valicando l&#8217;ombelico e qualche pelo superfluo. E&#8217; la notte dei tempi, accettiamola per quello che \u00e8. Verr\u00e0, prima o poi, il tempo della seriet\u00e0\u2026 Non mi aspetto, quest&#8217;anno, le oltre ventimila maledizioni frocie del passato 2014: qualcuno, come da legge naturale, non ci sar\u00e0 pi\u00f9, altri sono volati all&#8217;estero, come altre migliaia di giovani italiani, in cerca di lavoro. Qualcuno avr\u00e0 trovato il tappo giusto per [&hellip;]<\/p>\n&nbsp;&nbsp;<div class=\"readmore\"><a href=\"https:\/\/blog.ilgiornale.it\/spirli\/2015\/06\/07\/estate-tempo-di-gaypride-inutili\/\">Continua a leggere...<\/a><\/div><\/p>","protected":false},"author":1022,"featured_media":0,"comment_status":"open","ping_status":"closed","sticky":false,"template":"","format":"standard","meta":[],"categories":[34304,34319],"tags":[34371,66480,38810,66479,34420,34412],"_links":{"self":[{"href":"https:\/\/blog.ilgiornale.it\/spirli\/wp-json\/wp\/v2\/posts\/3673"}],"collection":[{"href":"https:\/\/blog.ilgiornale.it\/spirli\/wp-json\/wp\/v2\/posts"}],"about":[{"href":"https:\/\/blog.ilgiornale.it\/spirli\/wp-json\/wp\/v2\/types\/post"}],"author":[{"embeddable":true,"href":"https:\/\/blog.ilgiornale.it\/spirli\/wp-json\/wp\/v2\/users\/1022"}],"replies":[{"embeddable":true,"href":"https:\/\/blog.ilgiornale.it\/spirli\/wp-json\/wp\/v2\/comments?post=3673"}],"version-history":[{"count":5,"href":"https:\/\/blog.ilgiornale.it\/spirli\/wp-json\/wp\/v2\/posts\/3673\/revisions"}],"predecessor-version":[{"id":3682,"href":"https:\/\/blog.ilgiornale.it\/spirli\/wp-json\/wp\/v2\/posts\/3673\/revisions\/3682"}],"wp:attachment":[{"href":"https:\/\/blog.ilgiornale.it\/spirli\/wp-json\/wp\/v2\/media?parent=3673"}],"wp:term":[{"taxonomy":"category","embeddable":true,"href":"https:\/\/blog.ilgiornale.it\/spirli\/wp-json\/wp\/v2\/categories?post=3673"},{"taxonomy":"post_tag","embeddable":true,"href":"https:\/\/blog.ilgiornale.it\/spirli\/wp-json\/wp\/v2\/tags?post=3673"}],"curies":[{"name":"wp","href":"https:\/\/api.w.org\/{rel}","templated":true}]}}