{"id":3690,"date":"2015-06-13T10:09:00","date_gmt":"2015-06-13T08:09:00","guid":{"rendered":"https:\/\/blog.ilgiornale.it\/spirli\/?p=3690"},"modified":"2015-06-13T10:12:22","modified_gmt":"2015-06-13T08:12:22","slug":"calabriacherema","status":"publish","type":"post","link":"https:\/\/blog.ilgiornale.it\/spirli\/2015\/06\/13\/calabriacherema\/","title":{"rendered":"#lacalabriacherema"},"content":{"rendered":"<p><strong>Sabato 13 giugno 2015 &#8211; Sant&#8217;Antonio da Padova &#8211; a casa, a Taurianova<\/strong><\/p>\n<p><a href=\"https:\/\/blog.ilgiornale.it\/spirli\/files\/2015\/06\/IMG_2781.jpg\"><img loading=\"lazy\" class=\"alignnone size-medium wp-image-3691\" src=\"https:\/\/blog.ilgiornale.it\/spirli\/files\/2015\/06\/IMG_2781-300x200.jpg\" alt=\"IMG_2781\" width=\"300\" height=\"200\" srcset=\"https:\/\/blog.ilgiornale.it\/spirli\/files\/2015\/06\/IMG_2781-300x200.jpg 300w, https:\/\/blog.ilgiornale.it\/spirli\/files\/2015\/06\/IMG_2781.jpg 800w\" sizes=\"(max-width: 300px) 100vw, 300px\" \/><\/a><\/p>\n<p><strong>Pensava, ingenuamente, la Calabria, di non dover patire pi\u00f9 le angosce del viaggio che hanno accompagnato le generazioni precedenti e successive all\u2019unit\u00e0 sabauda della penisola<\/strong>. Lo sperava, almeno. Ma, affidando i sogni all\u2019ANAS, ha toppato per l\u2019ennesima volta. L\u2019A3 non \u00e8 un angolo di paradiso. Non lo \u00e8 mai stato. Ma, oggi, \u00e8 il simbolo di una secolare presa per i fondelli per il popolo calabrese. Di una vergogna senza fine. Non sono ancora sgonfi i palloncini della festa d\u2019inaugurazione del tratto Palmi &#8211; Reggio Calabria, con le sue larghe ed illuminate gallerie al posto dei viadotti di carta velina e senza protezioni adeguate, che l\u2019Italia s\u2019\u00e8 presa la rivincita sulle gioie troppo poco contenute della sua regione pi\u00f9 estrema. In tutto.<\/p>\n<p><a href=\"https:\/\/blog.ilgiornale.it\/spirli\/files\/2015\/06\/IMG_2869.jpg\"><img loading=\"lazy\" class=\"alignnone size-medium wp-image-3692\" src=\"https:\/\/blog.ilgiornale.it\/spirli\/files\/2015\/06\/IMG_2869-300x200.jpg\" alt=\"IMG_2869\" width=\"300\" height=\"200\" srcset=\"https:\/\/blog.ilgiornale.it\/spirli\/files\/2015\/06\/IMG_2869-300x200.jpg 300w, https:\/\/blog.ilgiornale.it\/spirli\/files\/2015\/06\/IMG_2869.jpg 800w\" sizes=\"(max-width: 300px) 100vw, 300px\" \/><\/a><em>(viadotto Italia)<\/em><\/p>\n<p>&nbsp;<\/p>\n<p><strong>Lo scorso Marzo, il viadotto che, guarda caso, prende il nome proprio dal Paese, quel viadotto Italia tanto temuto da chi soffre di vertigini e agorafobia, s\u2019\u00e8 lacerato a met\u00e0 cammino.<\/strong> Separando ancora una volta l\u2019Italia dalla Calabria. Da quel maledetto giorno, il sentiero da seguire perch\u00e9 Roma raggiunga Reggio Calabria \u00e8 stretto e tortuoso e attraversa faticosamente le montagne intorno a Laino e Mormanno. Bello e buono per il trekking, meno per TIR, pullman di linea, viaggiatori in generale. Una frattura che offende, anche e soprattutto, la gi\u00e0 sofferente economia calabrese, vittima dell\u2019immobilismo politico e amministrativo e dell\u2019arrogante strapotere di vecchi satrapi d\u2019amministrazione incartapecoriti e arrugginiti intorno alla colonna dell\u2019autocelebrazione egocentrica e personale. Ma i giovani, no. Loro non ci stanno. E remano con vigore. Lo fanno con rabbia e tenacia. Coraggio e convinzione.<\/p>\n<p><a href=\"https:\/\/blog.ilgiornale.it\/spirli\/files\/2015\/06\/IMG_2751.jpg\"><img loading=\"lazy\" class=\"alignnone size-medium wp-image-3693\" src=\"https:\/\/blog.ilgiornale.it\/spirli\/files\/2015\/06\/IMG_2751-300x200.jpg\" alt=\"IMG_2751\" width=\"300\" height=\"200\" srcset=\"https:\/\/blog.ilgiornale.it\/spirli\/files\/2015\/06\/IMG_2751-300x200.jpg 300w, https:\/\/blog.ilgiornale.it\/spirli\/files\/2015\/06\/IMG_2751.jpg 800w\" sizes=\"(max-width: 300px) 100vw, 300px\" \/><\/a><em>(Giovanni Cosenza e Daniele Rossi)<\/em><\/p>\n<p>&nbsp;<\/p>\n<p><strong>E\u2019 il caso, eclatante oggi, degli appartenenti a #lacalabriacherema, prima un ashtag, oggi una vera e propria associazione di tutela della Calabria e dei suoi valori.<\/strong> Il combattivo <strong>Daniele Rossi<\/strong>, affermato imprenditore catanzarese e fondatore dell\u2019associazione, attento alle necessit\u00e0 della propria terra, ha convocato i suoi colleghi, i giornalisti e \u201cchi non ci sta\u201d e, a bordo di pullman che l\u2019associazione ha messo a disposizione, ha raggiunto il luogo della \u201cfrattura\u201d, scortato dal sindaco di Laino Castello, Giovanni Cosenza, per un sitin di protesta.<\/p>\n<p><strong>\u201cIl nostro obiettivo &#8211; ha affermato Daniele Rossi &#8211; \u00e8 quello di lanciare un messaggio forte, un monito alla partecipazione e al risveglio di una comunit\u00e0 che non pu\u00f2 pi\u00f9 vivere nel silenzio assecondando tutte quelle azioni che hanno portato al collasso l\u2019intero Paese.\u201d<\/strong><\/p>\n<p><strong>Da marzo, l\u2019Italia s\u2019\u00e8 fermata a Laino Borgo.<\/strong> L\u2019Italia arresta la sua corsa fra le montagne calabre, dove il cedimento strutturale del Viadotto, oltre a provocare la morte di un venticinquenne di origini romene, ha di fatto reso inagibile il tratto di strada che collega la Calabria al resto della penisola.<\/p>\n<p><a href=\"https:\/\/blog.ilgiornale.it\/spirli\/files\/2015\/06\/11401371_10153156995593961_4906082358824962371_n.jpg\"><img loading=\"lazy\" class=\"alignnone size-medium wp-image-3695\" src=\"https:\/\/blog.ilgiornale.it\/spirli\/files\/2015\/06\/11401371_10153156995593961_4906082358824962371_n-300x225.jpg\" alt=\"11401371_10153156995593961_4906082358824962371_n\" width=\"300\" height=\"225\" srcset=\"https:\/\/blog.ilgiornale.it\/spirli\/files\/2015\/06\/11401371_10153156995593961_4906082358824962371_n-300x225.jpg 300w, https:\/\/blog.ilgiornale.it\/spirli\/files\/2015\/06\/11401371_10153156995593961_4906082358824962371_n.jpg 960w\" sizes=\"(max-width: 300px) 100vw, 300px\" \/><\/a><\/p>\n<p><strong>La \u201crivoluzione degli onesti\u201d<\/strong>, dunque, \u00e8 partita da Laino, con in testa gli imprenditori calabresi.<\/p>\n<p>Ci sono i giovani, con la loro sete di cambiamento, ci sono i giornalisti coraggiosi, ci sono i calabresi che non ci stanno pi\u00f9!Il presidente Rossi ne \u00e8 convinto: <strong>\u201cLa Calabria si \u00e8 rotta, ma noi, come calabresi e come italiani, dobbiamo lavorare per ricostruirla.<\/strong> Dal Viadotto Italia i messaggi lanciati sono chiari e inequivocabili: la Calabria che rema ha bisogno di rivoluzione, ha fame di coraggio e partecipazione perch\u00e9 i remi sono pesanti e non bastano solo le parole per far navigare il Paese. Servono braccia forti e menti caparbie, serve unione e compattezza.\u201d<\/p>\n<p><strong>Fra me e me. Remando<\/strong><\/p>\n<p>&nbsp;<\/p>\n<p>&nbsp;<\/p>\n<p>&nbsp;<\/p>\n<p>&nbsp;<\/p>\n<p>&nbsp;<\/p>\n<p>&nbsp;<\/p>\n<p>&nbsp;<\/p>\n<p>&nbsp;<\/p>\n<p>&nbsp;<\/p>\n","protected":false},"excerpt":{"rendered":"<p><p>Sabato 13 giugno 2015 &#8211; Sant&#8217;Antonio da Padova &#8211; a casa, a Taurianova Pensava, ingenuamente, la Calabria, di non dover patire pi\u00f9 le angosce del viaggio che hanno accompagnato le generazioni precedenti e successive all\u2019unit\u00e0 sabauda della penisola. Lo sperava, almeno. Ma, affidando i sogni all\u2019ANAS, ha toppato per l\u2019ennesima volta. L\u2019A3 non \u00e8 un angolo di paradiso. Non lo \u00e8 mai stato. Ma, oggi, \u00e8 il simbolo di una secolare presa per i fondelli per il popolo calabrese. Di una vergogna senza fine. Non sono ancora sgonfi i palloncini della festa d\u2019inaugurazione del tratto Palmi &#8211; Reggio Calabria, con [&hellip;]<\/p>\n&nbsp;&nbsp;<div class=\"readmore\"><a href=\"https:\/\/blog.ilgiornale.it\/spirli\/2015\/06\/13\/calabriacherema\/\">Continua a leggere...<\/a><\/div><\/p>","protected":false},"author":1022,"featured_media":0,"comment_status":"open","ping_status":"closed","sticky":false,"template":"","format":"standard","meta":[],"categories":[34304,34319],"tags":[66492,66489,66487,66488,66491,66490],"_links":{"self":[{"href":"https:\/\/blog.ilgiornale.it\/spirli\/wp-json\/wp\/v2\/posts\/3690"}],"collection":[{"href":"https:\/\/blog.ilgiornale.it\/spirli\/wp-json\/wp\/v2\/posts"}],"about":[{"href":"https:\/\/blog.ilgiornale.it\/spirli\/wp-json\/wp\/v2\/types\/post"}],"author":[{"embeddable":true,"href":"https:\/\/blog.ilgiornale.it\/spirli\/wp-json\/wp\/v2\/users\/1022"}],"replies":[{"embeddable":true,"href":"https:\/\/blog.ilgiornale.it\/spirli\/wp-json\/wp\/v2\/comments?post=3690"}],"version-history":[{"count":3,"href":"https:\/\/blog.ilgiornale.it\/spirli\/wp-json\/wp\/v2\/posts\/3690\/revisions"}],"predecessor-version":[{"id":3698,"href":"https:\/\/blog.ilgiornale.it\/spirli\/wp-json\/wp\/v2\/posts\/3690\/revisions\/3698"}],"wp:attachment":[{"href":"https:\/\/blog.ilgiornale.it\/spirli\/wp-json\/wp\/v2\/media?parent=3690"}],"wp:term":[{"taxonomy":"category","embeddable":true,"href":"https:\/\/blog.ilgiornale.it\/spirli\/wp-json\/wp\/v2\/categories?post=3690"},{"taxonomy":"post_tag","embeddable":true,"href":"https:\/\/blog.ilgiornale.it\/spirli\/wp-json\/wp\/v2\/tags?post=3690"}],"curies":[{"name":"wp","href":"https:\/\/api.w.org\/{rel}","templated":true}]}}