{"id":3726,"date":"2015-06-26T11:39:18","date_gmt":"2015-06-26T09:39:18","guid":{"rendered":"https:\/\/blog.ilgiornale.it\/spirli\/?p=3726"},"modified":"2015-06-26T11:40:35","modified_gmt":"2015-06-26T09:40:35","slug":"calabria-manette-per-assessore-pd-e-senatore-ncd","status":"publish","type":"post","link":"https:\/\/blog.ilgiornale.it\/spirli\/2015\/06\/26\/calabria-manette-per-assessore-pd-e-senatore-ncd\/","title":{"rendered":"CALABRIA: MANETTE PER ASSESSORE PD E SENATORE NCD"},"content":{"rendered":"<p><strong>Venerd\u00ec 26 giugno 2015 &#8211; Senza santi in paradiso &#8211;<\/strong> <a href=\"http:\/\/www.sud656.tv\">Redazione SUD<\/a>, <strong>Gioia Tauro<\/strong><\/p>\n<p><a href=\"https:\/\/blog.ilgiornale.it\/spirli\/files\/2015\/06\/gaetano-k5tH-U43090980163626syF-593x443@Corriere-Web-Sezioni.jpg\"><img loading=\"lazy\" class=\"alignnone size-medium wp-image-3727\" src=\"https:\/\/blog.ilgiornale.it\/spirli\/files\/2015\/06\/gaetano-k5tH-U43090980163626syF-593x443@Corriere-Web-Sezioni-300x224.jpg\" alt=\"gaetano-k5tH-U43090980163626syF-593x443@Corriere-Web-Sezioni\" width=\"300\" height=\"224\" srcset=\"https:\/\/blog.ilgiornale.it\/spirli\/files\/2015\/06\/gaetano-k5tH-U43090980163626syF-593x443@Corriere-Web-Sezioni-300x224.jpg 300w, https:\/\/blog.ilgiornale.it\/spirli\/files\/2015\/06\/gaetano-k5tH-U43090980163626syF-593x443@Corriere-Web-Sezioni.jpg 593w\" sizes=\"(max-width: 300px) 100vw, 300px\" \/><\/a>(Nino De Gaetano, Assessore regionale ai Trasporti)<\/p>\n<p><strong>Detersivi, gioielli, viaggi all&#8217;estero, gratta e vinci, olio\u2026 Chiss\u00e0 se anche qualche panino con la ndujia tanto cara al governatore dimezzato della Calabria, Mario Oliverio.<\/strong> Di tutto, e tutto in nota spese della Rreggione Calabria. Mentre i calabresi si spartiscono, dignitosamente e, ahim\u00e8, miseramente, la pagnotta, di casa in casa, e si curano passandosi i medicinali dalla finestra, lo scialacqu\u00eco volgare e arrogante del Palazzo \u00e8 continuato senza nessuna vergogna. Senza la paura di far la stessa fine di centinaia di altri marioli italioti di altre regioni.<\/p>\n<p><strong>Per De Gaetano, assessore per forza, Mario Oliverio ha sempre garantito personalmente. Lo ha scelto, nominato, preteso, difeso, coccolato fino a litigare con mezza Sinistra.<\/strong> Il PD calabrese ha fatto quadrato sull&#8217;assessore anche quando Maria Carmela Lanzetta, guarda caso del PD anche lei, ha rifiutato la nomina ad assessore regionale proprio per non dover condividere la Giunta con lui, indagato. Di Nino si dice che abbia vicinanze pericolose, che suoi &#8220;santini&#8221; elettorali siano stati trovati, durante una perquisizione, in casa di un noto esponente della ndrangheta. #teparepoco ?<\/p>\n<p><strong>Personalmente, l&#8217;ho incontrato quando \u00e8 stato ospite a SUD.<\/strong> Prima e dopo di quell&#8217;oretta trascorsa negli studi, non giuro su cosa abbia potuto fare. Una cosa, per\u00f2, \u00e8 certa: questo discolaccio d&#8217;un assessore sta costando al suo padrino Oliverio la faccia e il posto a sedere sulla poltrona pi\u00f9 larga della Giunta regionale calabrese.<\/p>\n<p><strong>Eh, s\u00ec! Proprio la poltrona!<\/strong> Perch\u00e9 i calabresi, col capo cosparso di cenere (tossica), si stanno pentendo amaramente di non essere andati a votare e di aver permesso ad un pugno d&#8217;amici (si fa per dire) di scegliere malamente per tutti.<\/p>\n<p><strong>Certo, non era facile convincere il popolo ad andare alle urne:<\/strong> i precedenti governi regionali non avevano brillato (appunto!) per trasparenza. Lo stesso Scopelliti, in un impeto di autocelebrazione, s&#8217;era fatto circondare da una ciurma di inetti e strafottenti tirapiedi che lo ha fatto diventare una sorta di Divinit\u00e0 Irraggiungibile, diventando, di fatto, sospettabile e sospettato di qualsiasi indegnit\u00e0. Oggi, e in casa d&#8217;altri, mi sembra, \u00e8 peggio. Molto peggio.<\/p>\n<p><a href=\"https:\/\/blog.ilgiornale.it\/spirli\/files\/2015\/06\/bilardi-giovanni-371x240.jpg\"><img loading=\"lazy\" class=\"alignnone size-medium wp-image-3730\" src=\"https:\/\/blog.ilgiornale.it\/spirli\/files\/2015\/06\/bilardi-giovanni-371x240-300x194.jpg\" alt=\"bilardi-giovanni-371x240\" width=\"300\" height=\"194\" srcset=\"https:\/\/blog.ilgiornale.it\/spirli\/files\/2015\/06\/bilardi-giovanni-371x240-300x194.jpg 300w, https:\/\/blog.ilgiornale.it\/spirli\/files\/2015\/06\/bilardi-giovanni-371x240.jpg 371w\" sizes=\"(max-width: 300px) 100vw, 300px\" \/><\/a>(Sen. Giovanni Bilardi)<\/p>\n<p><strong>Dagli spifferi nei muri dei palazzi di Giustizia, sembra che\u00a0fra gli\u00a0indagati ci siano anche altri assessori dell&#8217;attuale Giunta<\/strong>: che brivido sta percorrendo la spina dorsale del Lupo Rosso Oliverio? Non voglio pensarci (pensandoci, eccome!). Fuor di dubbio \u00e8 che la faccia \u00e8 persa. Se colpevoli, speriamo si perdano anche &#8220;il posto sicuro&#8221; e la spietata arroganza.<\/p>\n<p><strong>Senza bisogno di spifferi, invece, n\u00e9 di conferme, \u00e8 la notizia che l&#8217;altro fermato eccellente sia Giovanni Bilardi, attuale senatore NCD<\/strong>, all&#8217;epoca dei fatti consigliere regionale <strong>e, ancora uno, l&#8217;ex assessore Fedele in quota, anch&#8217;egli, NCD.\u00a0<\/strong><\/p>\n<p><strong>Che partitone!<\/strong><\/p>\n<p><a href=\"https:\/\/blog.ilgiornale.it\/spirli\/files\/2015\/06\/Guccione_Oliverio_Ciconte.jpg\"><img loading=\"lazy\" class=\"alignnone size-medium wp-image-3732\" src=\"https:\/\/blog.ilgiornale.it\/spirli\/files\/2015\/06\/Guccione_Oliverio_Ciconte-300x200.jpg\" alt=\"Guccione_Oliverio_Ciconte\" width=\"300\" height=\"200\" srcset=\"https:\/\/blog.ilgiornale.it\/spirli\/files\/2015\/06\/Guccione_Oliverio_Ciconte-300x200.jpg 300w, https:\/\/blog.ilgiornale.it\/spirli\/files\/2015\/06\/Guccione_Oliverio_Ciconte.jpg 960w\" sizes=\"(max-width: 300px) 100vw, 300px\" \/><\/a>(Ass. Carlo Guccione, Presidente Regione Mario Oliverio, Ass. Vincenzo Ciconte)<\/p>\n<p><strong>Cosa resta da fare, dunque, al nostro povero Mario Oliverio, che, oggi, confesso, mi fa tenerezza, quasi compassione, Pena, magari?<\/strong> Io gli consiglierei, da non amico, ma leale, di consegnare le chiavi della scomodissima stanza che gli hanno assegnato dopo l&#8217;elezione, e di tornarsene al suo suppongo amato San Giovanni in Fiore. E&#8217; stata una brutta avventura, finalmente conclusa, di cui rester\u00e0 una piaga, ma non il pus. Restare sarebbe da kamikaze: <strong>Renzi (e lo sta dimostrando) non avr\u00e0 piet\u00e0 per lui fino a quando non lo avr\u00e0 fatto fuori politicamente. Fino a quando non avr\u00e0 fatto eleggere uno dei suoi fighettini depilati e profumati di Nuova DemoNcrazia Cristiana.<\/strong><\/p>\n<p>Tanto per parafrasare, oserei un &#8220;<strong>OLIVERIO DIMESSO SUBITO<\/strong>&#8221; di woytjliana memoria<\/p>\n<p>Chiedo troppo?<\/p>\n<p><strong>Fra me e me. Confidando nella Giustizia.<\/strong><\/p>\n","protected":false},"excerpt":{"rendered":"<p><p>Venerd\u00ec 26 giugno 2015 &#8211; Senza santi in paradiso &#8211; Redazione SUD, Gioia Tauro (Nino De Gaetano, Assessore regionale ai Trasporti) Detersivi, gioielli, viaggi all&#8217;estero, gratta e vinci, olio\u2026 Chiss\u00e0 se anche qualche panino con la ndujia tanto cara al governatore dimezzato della Calabria, Mario Oliverio. Di tutto, e tutto in nota spese della Rreggione Calabria. Mentre i calabresi si spartiscono, dignitosamente e, ahim\u00e8, miseramente, la pagnotta, di casa in casa, e si curano passandosi i medicinali dalla finestra, lo scialacqu\u00eco volgare e arrogante del Palazzo \u00e8 continuato senza nessuna vergogna. Senza la paura di far la stessa fine di [&hellip;]<\/p>\n&nbsp;&nbsp;<div class=\"readmore\"><a href=\"https:\/\/blog.ilgiornale.it\/spirli\/2015\/06\/26\/calabria-manette-per-assessore-pd-e-senatore-ncd\/\">Continua a leggere...<\/a><\/div><\/p>","protected":false},"author":1022,"featured_media":0,"comment_status":"open","ping_status":"closed","sticky":false,"template":"","format":"standard","meta":[],"categories":[34319,64],"tags":[66503,66501,66500,58292,66499,66502],"_links":{"self":[{"href":"https:\/\/blog.ilgiornale.it\/spirli\/wp-json\/wp\/v2\/posts\/3726"}],"collection":[{"href":"https:\/\/blog.ilgiornale.it\/spirli\/wp-json\/wp\/v2\/posts"}],"about":[{"href":"https:\/\/blog.ilgiornale.it\/spirli\/wp-json\/wp\/v2\/types\/post"}],"author":[{"embeddable":true,"href":"https:\/\/blog.ilgiornale.it\/spirli\/wp-json\/wp\/v2\/users\/1022"}],"replies":[{"embeddable":true,"href":"https:\/\/blog.ilgiornale.it\/spirli\/wp-json\/wp\/v2\/comments?post=3726"}],"version-history":[{"count":7,"href":"https:\/\/blog.ilgiornale.it\/spirli\/wp-json\/wp\/v2\/posts\/3726\/revisions"}],"predecessor-version":[{"id":3735,"href":"https:\/\/blog.ilgiornale.it\/spirli\/wp-json\/wp\/v2\/posts\/3726\/revisions\/3735"}],"wp:attachment":[{"href":"https:\/\/blog.ilgiornale.it\/spirli\/wp-json\/wp\/v2\/media?parent=3726"}],"wp:term":[{"taxonomy":"category","embeddable":true,"href":"https:\/\/blog.ilgiornale.it\/spirli\/wp-json\/wp\/v2\/categories?post=3726"},{"taxonomy":"post_tag","embeddable":true,"href":"https:\/\/blog.ilgiornale.it\/spirli\/wp-json\/wp\/v2\/tags?post=3726"}],"curies":[{"name":"wp","href":"https:\/\/api.w.org\/{rel}","templated":true}]}}