{"id":3807,"date":"2015-07-22T15:37:32","date_gmt":"2015-07-22T13:37:32","guid":{"rendered":"https:\/\/blog.ilgiornale.it\/spirli\/?p=3807"},"modified":"2015-07-22T15:37:32","modified_gmt":"2015-07-22T13:37:32","slug":"gabriella-martire-della-terra-dei-veleni","status":"publish","type":"post","link":"https:\/\/blog.ilgiornale.it\/spirli\/2015\/07\/22\/gabriella-martire-della-terra-dei-veleni\/","title":{"rendered":"Gabriella, Martire della Terra dei veleni"},"content":{"rendered":"<p><strong>Mercoled\u00ec 22 luglio 2015 &#8211; Santa Maria Maddalena &#8211; Amato di Taurianova, RC<\/strong><\/p>\n<p><a href=\"https:\/\/blog.ilgiornale.it\/spirli\/files\/2015\/07\/IMG_1729.jpg\"><img loading=\"lazy\" class=\"alignnone size-medium wp-image-3808\" src=\"https:\/\/blog.ilgiornale.it\/spirli\/files\/2015\/07\/IMG_1729-225x300.jpg\" alt=\"IMG_1729\" width=\"225\" height=\"300\" srcset=\"https:\/\/blog.ilgiornale.it\/spirli\/files\/2015\/07\/IMG_1729-225x300.jpg 225w, https:\/\/blog.ilgiornale.it\/spirli\/files\/2015\/07\/IMG_1729-768x1024.jpg 768w, https:\/\/blog.ilgiornale.it\/spirli\/files\/2015\/07\/IMG_1729.jpg 1536w\" sizes=\"(max-width: 225px) 100vw, 225px\" \/><\/a><strong>(Vergine della Tenerezza, coll. Spirl\u00ec)<\/strong><\/p>\n<p>&nbsp;<\/p>\n<p><strong>Si spegne l&#8217;Anima della casa, quando una Madre chiude gli occhi e ferma il cuore.<\/strong> Sembra che l&#8217;aria stessa perda colore, che si ammanti di quel nulla senza speranza di futuro. Perch\u00e9 ogni Madre \u00e8, allo stesso tempo, radice e seme, passato e avvenire.<\/p>\n<p><strong>Ogni Madre porta dentro di s\u00e9, custodito gelosamente, il profumo di un primo incontro, il fulgore di un fulmine d&#8217;Amore, il suono dolce di un S\u00ec appena accennato\u00a0a fior di labbra.<\/strong> Un piccolo forziere nascosto timidamente al mondo, che, per\u00f2, traspare da ogni gesto, sguardo, parola. Ecco cosa si cela in quel Cielo interno che \u00e8 l&#8217;Anima pi\u00f9 intima di una Madre.<\/p>\n<p><strong>Gabriella si \u00e8 fermata col primo buio di ieri.<\/strong> Ha consegnato i Suoi ultimi atroci patimenti all&#8217;Altissimo ed ha indossato l&#8217;abito di luce che merita.<\/p>\n<p><strong>Stesa nel sarcofago, elegante nel suo abitino di seta, porta con s\u00e9, indelebili, le offese della malattia e della sofferenza.<\/strong> Le mortificazioni che questa terra di Calabria infligge quotidianamente ai suoi figli.<\/p>\n<p><strong>Qui, tutto \u00e8 veleno<\/strong>. Il mare viola, gli ulivi millenari, le montagne sacre dell&#8217;Aspromonte e delle Sile, l&#8217;acqua delle sorgenti non tacciono pi\u00f9 le colpe degli uomini. E, anzi, ne sono testimone tangibile di ignominia e pochezza morale. Pochi bastardi hanno svenduto la Bellezza del Creato per meno di trenta insanguinati luridissimi denari. In queste contrade, la colpevole ottusit\u00e0 della malapolitica e delle logge assassine falcia centinaia di morti innocenti a settimana.<\/p>\n<p><strong>Muore l&#8217;anziano e il giovane, il figlio e la madre, la figlia e il padre. I fratelli. Gli amici. Crepano di una morte puttana che si vende all&#8217;angolo di un finto benessere. Il grano \u00e8 marcio perch\u00e9 la terra lo \u00e8. Il vino \u00e8 tossico e anche l&#8217;acqua\u00a0lo \u00e8. E&#8217; lurido il raggio del sole e l&#8217;ombra della luna. La nuvola e il finto cielo terso.<\/strong><\/p>\n<p><a href=\"https:\/\/blog.ilgiornale.it\/spirli\/files\/2015\/07\/10849940_1012961705397611_8485368540841600826_n.jpg\"><img loading=\"lazy\" class=\"alignnone size-medium wp-image-3809\" src=\"https:\/\/blog.ilgiornale.it\/spirli\/files\/2015\/07\/10849940_1012961705397611_8485368540841600826_n-300x225.jpg\" alt=\"10849940_1012961705397611_8485368540841600826_n\" width=\"300\" height=\"225\" srcset=\"https:\/\/blog.ilgiornale.it\/spirli\/files\/2015\/07\/10849940_1012961705397611_8485368540841600826_n-300x225.jpg 300w, https:\/\/blog.ilgiornale.it\/spirli\/files\/2015\/07\/10849940_1012961705397611_8485368540841600826_n.jpg 960w\" sizes=\"(max-width: 300px) 100vw, 300px\" \/><\/a><strong>(Casa di Gabriella, una notte di un giorno felice)<\/strong><\/p>\n<p>&nbsp;<\/p>\n<p><strong>Gabriella \u00e8 morta di questo.<\/strong> Giovane professionista combattiva, moglie e madre dolcissima, figlia e sorella compassionevole che ha vestito l&#8217;abito della sofferenza di sua madre e delle tre sorelle come fosse quello della festa e, dei loro dolori, ne ha fatto virt\u00f9. <strong>E&#8217; morta di quel cancro che in queste strade sfreccia come un bolide da pista<\/strong>, attento a caricare, per\u00f2, quanti pi\u00f9 passeggeri ne consenta l&#8217;abitacolo. Alla velocit\u00e0 della luce e oltre.<\/p>\n<p><strong>Scuote, il suo ultimo respiro, il torpore di un paese rassegnato<\/strong>. Stanco. Sfiduciato. E la rabbia monta. Quasi quanto il fervore della Fede.<\/p>\n<p><strong>Perch\u00e9 questa ultima giovane Martire sia la prima degli ultimi martiri<\/strong>, bisogna che alle preghiere si accompagnino i forconi. Che la gente pretenda da quella classe invertebrata, che siede dove non dovrebbe, un vero impegno. O la rinuncia ai benefici dell&#8217;urna.<\/p>\n<p><strong>Lottare \u00e8 meglio che offrirsi passivamente alle gocce di chemio.<\/strong> E, questo, i Calabresi devono cominciare a ripeterselo come gli Ave del Rosario\u2026<\/p>\n<p><strong>Fra me e me. Oltre il dolore, nella Terra dell&#8217;ira\u2026<\/strong><\/p>\n","protected":false},"excerpt":{"rendered":"<p><p>Mercoled\u00ec 22 luglio 2015 &#8211; Santa Maria Maddalena &#8211; Amato di Taurianova, RC (Vergine della Tenerezza, coll. Spirl\u00ec) &nbsp; Si spegne l&#8217;Anima della casa, quando una Madre chiude gli occhi e ferma il cuore. Sembra che l&#8217;aria stessa perda colore, che si ammanti di quel nulla senza speranza di futuro. Perch\u00e9 ogni Madre \u00e8, allo stesso tempo, radice e seme, passato e avvenire. Ogni Madre porta dentro di s\u00e9, custodito gelosamente, il profumo di un primo incontro, il fulgore di un fulmine d&#8217;Amore, il suono dolce di un S\u00ec appena accennato\u00a0a fior di labbra. Un piccolo forziere nascosto timidamente al [&hellip;]<\/p>\n&nbsp;&nbsp;<div class=\"readmore\"><a href=\"https:\/\/blog.ilgiornale.it\/spirli\/2015\/07\/22\/gabriella-martire-della-terra-dei-veleni\/\">Continua a leggere...<\/a><\/div><\/p>","protected":false},"author":1022,"featured_media":0,"comment_status":"open","ping_status":"closed","sticky":false,"template":"","format":"standard","meta":[],"categories":[34304,87],"tags":[66521,13580,4689,2558,34296,66520],"_links":{"self":[{"href":"https:\/\/blog.ilgiornale.it\/spirli\/wp-json\/wp\/v2\/posts\/3807"}],"collection":[{"href":"https:\/\/blog.ilgiornale.it\/spirli\/wp-json\/wp\/v2\/posts"}],"about":[{"href":"https:\/\/blog.ilgiornale.it\/spirli\/wp-json\/wp\/v2\/types\/post"}],"author":[{"embeddable":true,"href":"https:\/\/blog.ilgiornale.it\/spirli\/wp-json\/wp\/v2\/users\/1022"}],"replies":[{"embeddable":true,"href":"https:\/\/blog.ilgiornale.it\/spirli\/wp-json\/wp\/v2\/comments?post=3807"}],"version-history":[{"count":4,"href":"https:\/\/blog.ilgiornale.it\/spirli\/wp-json\/wp\/v2\/posts\/3807\/revisions"}],"predecessor-version":[{"id":3813,"href":"https:\/\/blog.ilgiornale.it\/spirli\/wp-json\/wp\/v2\/posts\/3807\/revisions\/3813"}],"wp:attachment":[{"href":"https:\/\/blog.ilgiornale.it\/spirli\/wp-json\/wp\/v2\/media?parent=3807"}],"wp:term":[{"taxonomy":"category","embeddable":true,"href":"https:\/\/blog.ilgiornale.it\/spirli\/wp-json\/wp\/v2\/categories?post=3807"},{"taxonomy":"post_tag","embeddable":true,"href":"https:\/\/blog.ilgiornale.it\/spirli\/wp-json\/wp\/v2\/tags?post=3807"}],"curies":[{"name":"wp","href":"https:\/\/api.w.org\/{rel}","templated":true}]}}