{"id":3815,"date":"2015-07-31T10:01:31","date_gmt":"2015-07-31T08:01:31","guid":{"rendered":"https:\/\/blog.ilgiornale.it\/spirli\/?p=3815"},"modified":"2015-07-31T10:02:41","modified_gmt":"2015-07-31T08:02:41","slug":"la-calabria-cerca-la-sua-destra","status":"publish","type":"post","link":"https:\/\/blog.ilgiornale.it\/spirli\/2015\/07\/31\/la-calabria-cerca-la-sua-destra\/","title":{"rendered":"La Calabria cerca la propria Destra"},"content":{"rendered":"<p><strong>Venerd\u00ec 31 luglio 2015 &#8211; Sant&#8217;Ignazio di Loyola &#8211; <a href=\"http:\/\/www.sud656.tv\">Redazione SUD<\/a>, Porto di Gioia Tauro<\/strong><\/p>\n<p><a href=\"https:\/\/blog.ilgiornale.it\/spirli\/files\/2015\/07\/10425433_10153368781138486_3143966698313819829_n.jpg\"><img loading=\"lazy\" class=\"alignnone size-medium wp-image-3816\" src=\"https:\/\/blog.ilgiornale.it\/spirli\/files\/2015\/07\/10425433_10153368781138486_3143966698313819829_n-201x300.jpg\" alt=\"10425433_10153368781138486_3143966698313819829_n\" width=\"201\" height=\"300\" srcset=\"https:\/\/blog.ilgiornale.it\/spirli\/files\/2015\/07\/10425433_10153368781138486_3143966698313819829_n-201x300.jpg 201w, https:\/\/blog.ilgiornale.it\/spirli\/files\/2015\/07\/10425433_10153368781138486_3143966698313819829_n.jpg 470w\" sizes=\"(max-width: 201px) 100vw, 201px\" \/><\/a><\/p>\n<p>Dal\u00a0<strong><em>Corsivo della vecchia checca &#8211; Il Garantista, 29\/7\/15<\/em><\/strong><\/p>\n<p><strong>&#8220;DE PROFUNDIS IN LINGUA CALABRA PER IL CENTRODESTRA<\/strong><\/p>\n<p>Arroganti e sfrontati come la Donna (nera) con la falce, vestono i panni farisei dei piagnoni per cercare di apparire vivi. Ma vivi non sono. Se la vita \u00e8 moto, l\u2019immobilismo colpevole del centrodestra calabrese \u00e8 sinonimo di una morte non pi\u00f9 apparente, ma manifesta. Eccome!<\/p>\n<p>Eppure\u2026 Non corre giorno nel calendario che \u201cun qualcuno\u201d dell\u2019asfissiato CDX non chiami all\u2019adunata i sodali e i fans. Sale, saloni, piazze, angoli di strada, tavolate casalinghe e di rostipizzeria simpatizzante: ogni dove \u00e8 buono, per raccontarla.<\/p>\n<p><a href=\"https:\/\/blog.ilgiornale.it\/spirli\/files\/2015\/07\/maxresdefault.jpg\"><img loading=\"lazy\" class=\"alignnone size-medium wp-image-3818\" src=\"https:\/\/blog.ilgiornale.it\/spirli\/files\/2015\/07\/maxresdefault-300x225.jpg\" alt=\"maxresdefault\" width=\"300\" height=\"225\" srcset=\"https:\/\/blog.ilgiornale.it\/spirli\/files\/2015\/07\/maxresdefault-300x225.jpg 300w, https:\/\/blog.ilgiornale.it\/spirli\/files\/2015\/07\/maxresdefault-1024x768.jpg 1024w, https:\/\/blog.ilgiornale.it\/spirli\/files\/2015\/07\/maxresdefault.jpg 1440w\" sizes=\"(max-width: 300px) 100vw, 300px\" \/><\/a><\/p>\n<p>Senza neanche riflettere sulla scontata figura da quacquaracqu\u00e0, ogni punzonato rappresentante della buonanima tenta l\u2019arrembaggio. Sugli altri. Ma non certo sugli altri \u201cforestieri\u201d, magari di CSX. No, no.<\/p>\n<p>The Others sono gli altri capocorrente della stessa coalizione (se vogliamo proprio chiamarla cos\u00ec).<\/p>\n<p>Un farsi le scarpe a vicenda. Un accaparramento da caporale di raccoglitrici d\u2019olive di novecentesca memoria.<\/p>\n<p>Rinnovamento, ricostruzione, rifondazione, rifusione, recupero, rimbalsamazione\u2026 Una pena infinita!<\/p>\n<p>Moto non moto, per giustificare l\u2019arroccamento sulla poltrona e il relativo godimento di corposi e grassi emolumenti. Non se ne vanno, no. Non si dimettono. Anzi! Continuano a blaterare, sapendo di farlo, di programmi e progetti di rinascita, di nuovo corso, di futura ossigenazione.<\/p>\n<p>Cazzate! Rutti al gusto marcio di una politicazza vergognosa, che se ne fotte della povert\u00e0 dilagante e della stanchezza del popolo sofferente.<\/p>\n<p><a href=\"https:\/\/blog.ilgiornale.it\/spirli\/files\/2015\/07\/29371-1.jpg\"><img loading=\"lazy\" class=\"alignnone size-medium wp-image-3817\" src=\"https:\/\/blog.ilgiornale.it\/spirli\/files\/2015\/07\/29371-1-300x192.jpg\" alt=\"29371-1\" width=\"300\" height=\"192\" srcset=\"https:\/\/blog.ilgiornale.it\/spirli\/files\/2015\/07\/29371-1-300x192.jpg 300w, https:\/\/blog.ilgiornale.it\/spirli\/files\/2015\/07\/29371-1.jpg 446w\" sizes=\"(max-width: 300px) 100vw, 300px\" \/><\/a><\/p>\n<p>Finita l\u2019invernale processione televisiva, comincia il larvamento in giro per sagre paesane e feste patronali. Descamisados e sudati, appaiono come i vermi nei fichi dopo la pioggia. Non c\u2019\u00e8 palcoscenico che non li accolga, n\u00e9 associazione che non li inviti. <strong>Soprattutto quelle fondate o costruite proprio come mutande per cotanti coglioni.<\/strong><\/p>\n<p><strong>La Calabria ha bisogno di ben altro.<\/strong> Da queste parti c\u2019\u00e8 necessit\u00e0 di lotta vera. Di coraggio e Verit\u00e0.<\/p>\n<p>Siamo alla fame, mortificati dagli esattori che non perdonano gli sbagli, schiaffeggiati da datori di lavoro che preferiscono un clandestino ad un padre di famiglia, raggirati da una classe politica sorda, quando non \u00e8 infame.<\/p>\n<p>Ne abbiamo abbastanza di convegni e proclami. Pretendiamo rispetto, pane e lavoro. <strong>#andateveneacasa&#8221;<\/strong><\/p>\n<p><strong>\u2026 Ecco! L&#8217;ho detto! Ora sto meglio.<\/strong><\/p>\n<p>Non so tenere rospi in gola, io. Sono figlio di mio Padre, che non le mandava certo a dire. Guelfo o Ghibellino che sia, non ce la faccio a seguire a capo chino un gregge, una mandria ammansita da qualche favore personale.<\/p>\n<p><a href=\"https:\/\/blog.ilgiornale.it\/spirli\/files\/2015\/07\/maxresdefault1.jpg\"><img loading=\"lazy\" class=\"alignnone size-medium wp-image-3819\" src=\"https:\/\/blog.ilgiornale.it\/spirli\/files\/2015\/07\/maxresdefault1-300x169.jpg\" alt=\"maxresdefault1\" width=\"300\" height=\"169\" srcset=\"https:\/\/blog.ilgiornale.it\/spirli\/files\/2015\/07\/maxresdefault1-300x169.jpg 300w, https:\/\/blog.ilgiornale.it\/spirli\/files\/2015\/07\/maxresdefault1-1024x576.jpg 1024w, https:\/\/blog.ilgiornale.it\/spirli\/files\/2015\/07\/maxresdefault1.jpg 1280w\" sizes=\"(max-width: 300px) 100vw, 300px\" \/><\/a>(Moti di Reggio 1970, Boia chi molla)<\/p>\n<p><strong>La Calabria DEVE smettere di vendersi<\/strong> &#8211; Svendersi &#8211; nella speranza di un tornaconto personale: cos\u00ec facendo fa accomodare, da sempre, ventri enormi di pantagruelici commensali, che, preso posto a tavola nello stomaco del Palazzo, se ne strafottono di tutti. Soprattutto di chi patisce la fame e la disoccupazione. Il CDX calabrese non corrisponde pi\u00f9 al desiderio di Destra della Gente di Calabria. Faccia ammenda di tutto il percorso sbagliato e rinunci a perseverare nell&#8217;errore demoniaco.<\/p>\n<p><strong>Da ieri in poi non gliene perdoniamo pi\u00f9 mezza.\u00a0<\/strong><\/p>\n<p><strong>Fra me e me, riflettendo a voce altissima.\u00a0<\/strong><\/p>\n<p>&nbsp;<\/p>\n<p>&nbsp;<\/p>\n","protected":false},"excerpt":{"rendered":"<p><p>Venerd\u00ec 31 luglio 2015 &#8211; Sant&#8217;Ignazio di Loyola &#8211; Redazione SUD, Porto di Gioia Tauro Dal\u00a0Corsivo della vecchia checca &#8211; Il Garantista, 29\/7\/15 &#8220;DE PROFUNDIS IN LINGUA CALABRA PER IL CENTRODESTRA Arroganti e sfrontati come la Donna (nera) con la falce, vestono i panni farisei dei piagnoni per cercare di apparire vivi. Ma vivi non sono. Se la vita \u00e8 moto, l\u2019immobilismo colpevole del centrodestra calabrese \u00e8 sinonimo di una morte non pi\u00f9 apparente, ma manifesta. Eccome! Eppure\u2026 Non corre giorno nel calendario che \u201cun qualcuno\u201d dell\u2019asfissiato CDX non chiami all\u2019adunata i sodali e i fans. Sale, saloni, piazze, angoli [&hellip;]<\/p>\n&nbsp;&nbsp;<div class=\"readmore\"><a href=\"https:\/\/blog.ilgiornale.it\/spirli\/2015\/07\/31\/la-calabria-cerca-la-sua-destra\/\">Continua a leggere...<\/a><\/div><\/p>","protected":false},"author":1022,"featured_media":0,"comment_status":"open","ping_status":"closed","sticky":false,"template":"","format":"standard","meta":[],"categories":[34319,64],"tags":[66525,66523,66528,66526,66527,66524],"_links":{"self":[{"href":"https:\/\/blog.ilgiornale.it\/spirli\/wp-json\/wp\/v2\/posts\/3815"}],"collection":[{"href":"https:\/\/blog.ilgiornale.it\/spirli\/wp-json\/wp\/v2\/posts"}],"about":[{"href":"https:\/\/blog.ilgiornale.it\/spirli\/wp-json\/wp\/v2\/types\/post"}],"author":[{"embeddable":true,"href":"https:\/\/blog.ilgiornale.it\/spirli\/wp-json\/wp\/v2\/users\/1022"}],"replies":[{"embeddable":true,"href":"https:\/\/blog.ilgiornale.it\/spirli\/wp-json\/wp\/v2\/comments?post=3815"}],"version-history":[{"count":4,"href":"https:\/\/blog.ilgiornale.it\/spirli\/wp-json\/wp\/v2\/posts\/3815\/revisions"}],"predecessor-version":[{"id":3823,"href":"https:\/\/blog.ilgiornale.it\/spirli\/wp-json\/wp\/v2\/posts\/3815\/revisions\/3823"}],"wp:attachment":[{"href":"https:\/\/blog.ilgiornale.it\/spirli\/wp-json\/wp\/v2\/media?parent=3815"}],"wp:term":[{"taxonomy":"category","embeddable":true,"href":"https:\/\/blog.ilgiornale.it\/spirli\/wp-json\/wp\/v2\/categories?post=3815"},{"taxonomy":"post_tag","embeddable":true,"href":"https:\/\/blog.ilgiornale.it\/spirli\/wp-json\/wp\/v2\/tags?post=3815"}],"curies":[{"name":"wp","href":"https:\/\/api.w.org\/{rel}","templated":true}]}}