{"id":3833,"date":"2015-08-10T21:33:15","date_gmt":"2015-08-10T19:33:15","guid":{"rendered":"https:\/\/blog.ilgiornale.it\/spirli\/?p=3833"},"modified":"2015-08-10T21:33:15","modified_gmt":"2015-08-10T19:33:15","slug":"clandestini-comodo-obolo-di-san-pietro","status":"publish","type":"post","link":"https:\/\/blog.ilgiornale.it\/spirli\/2015\/08\/10\/clandestini-comodo-obolo-di-san-pietro\/","title":{"rendered":"Clandestini, comodo obolo di San Pietro"},"content":{"rendered":"<p><strong>Luned\u00ec 10 agosto 2015 &#8211; Senza santi in paradiso &#8211; Taurianova<\/strong><\/p>\n<p><a href=\"https:\/\/blog.ilgiornale.it\/spirli\/files\/2015\/08\/1-oro.jpg\"><img loading=\"lazy\" class=\"alignnone size-medium wp-image-3837\" src=\"https:\/\/blog.ilgiornale.it\/spirli\/files\/2015\/08\/1-oro-300x250.jpg\" alt=\"1 oro\" width=\"300\" height=\"250\" srcset=\"https:\/\/blog.ilgiornale.it\/spirli\/files\/2015\/08\/1-oro-300x250.jpg 300w, https:\/\/blog.ilgiornale.it\/spirli\/files\/2015\/08\/1-oro.jpg 512w\" sizes=\"(max-width: 300px) 100vw, 300px\" \/><\/a><\/p>\n<p><strong>La Chiesa delle tonache profumate tuona contro gli italiani. O, meglio, contro l&#8217;Italia.<\/strong>\u00a0Non le sta bene che noi, ex sudditi, pur battezzati e cristiani, dei clandestini suoi protetti, venuti dal mare e dai monti, non ne vogliamo sapere. Che non ci piace che sciamino per tutta la penisola senza avere un cazzo da fare. Che ci incavoliamo quando si macchiano di atroci reati ad ogni pi\u00e8 sospinto. Che ci facciamo girare i maroni anche quando cacano per strada in tutte le nostre bellissime citt\u00e0. <strong>Si arrabbia con noi, Santa Madre Chiesa, anzich\u00e9 farlo con loro\u2026<\/strong><\/p>\n<p><strong>Ma, soprattutto, papi, cardinali e monsignori vogliono farci\u00a0pagare ancora la breccia di Porta Pia. La fine del Papa Re e dei soprusi perpetrati in nome dell&#8217;Altissimo. E la fine della dipendenza religiosa da Mysterium Fidei. E c<\/strong><strong>i fanno pesare l&#8217;assoluzione dai peccati e la distribuzione del Corpo di Cristo.<\/strong> La somministrazione dei sacramenti e, pi\u00f9 prosaicamente, l&#8217;influsso potente su ogni settore della vita pubblica e privata. Anche la sottana (s)consacrata pi\u00f9 periferica, infatti, \u00a0mantiene quel controllo del popolo di Dio, che consente alla Chiesa di sentirsi, ancora, padrona del mondo.\u00a0E, magari, ha pure ragione a pensarlo. A crederlo.<\/p>\n<p><a href=\"https:\/\/blog.ilgiornale.it\/spirli\/files\/2015\/08\/1-La_Chiesa_della_Martorana_interno.jpg\"><img loading=\"lazy\" class=\"alignnone size-medium wp-image-3838\" src=\"https:\/\/blog.ilgiornale.it\/spirli\/files\/2015\/08\/1-La_Chiesa_della_Martorana_interno-300x200.jpg\" alt=\"1 La_Chiesa_della_Martorana_interno\" width=\"300\" height=\"200\" srcset=\"https:\/\/blog.ilgiornale.it\/spirli\/files\/2015\/08\/1-La_Chiesa_della_Martorana_interno-300x200.jpg 300w, https:\/\/blog.ilgiornale.it\/spirli\/files\/2015\/08\/1-La_Chiesa_della_Martorana_interno.jpg 900w\" sizes=\"(max-width: 300px) 100vw, 300px\" \/><\/a><\/p>\n<p><strong>C&#8217;\u00e8 ancora, in questa Italia credente, pur\u00a0libera dal medioevo dei conventi, un esercito di servi del Papa (qualunque esso sia) che si prona\u00a0ad ogni volere del sacro Palazzo<\/strong>. Anche perch\u00e9 sa che chi frigge si unge. E si ingrassa. <strong>Un esercito di cristomafiosi, che si organizza sotto l&#8217;effige della Croce, e, portando oro, intasca oro.<\/strong><\/p>\n<p><strong>Ai Papi piacciono, i cristomafiosi. Ai cardinali di pi\u00f9.\u00a0<\/strong><\/p>\n<p>Agli italiani, quelli veri, no. Non pi\u00f9! <strong>Ne abbiamo abbastanza di questi finti santi che, rubando come predoni del deserto, cercano di convincerci che la forzata fratellanza e l&#8217;ipocrita e\u00a0irraggiungibile\u00a0amore universale siano la chiave della porta del paradiso.<\/strong> Quando, in realt\u00e0, quella porta la aprono solo la Verit\u00e0 e l&#8217;Onest\u00e0 insieme. A prescindere se riesci a stringere una mano o no. Se riesci a perdonare, o no. Se ce la fai ad aprire casa tua all&#8217;accoglienza cieca e sorda, o no. Perch\u00e9 il paradiso \u00e8 equilibrio. <strong>Non un sepolcro in chiesa assicurato.<\/strong><\/p>\n<p><strong>E, poi, diciamocelo: \u00e8 facile organizzare cori con tenori di rango che alzino inni all&#8217;amore fraterno, quando si vive nelle comode stanze affrescate da Raffaello e colleghi.<\/strong> Facilissimo, dare lezioni di morale presuntamente cristiana, quando si contano banconote a peso e si ordina di lucidare argenti celliniani. Viene naturale, ai panciuti distributori di benedizioni e autorizzazioni a fondare enti e associazioni di ipocrita solidariet\u00e0, rilasciare alla stampa dichiarazioni pepate contro chi, politico o no, si schiera contro la pi\u00f9 grande vergogna del XXI secolo: l&#8217;invasione da kolossal hollywoodiano musulmana dell&#8217;occidente.<\/p>\n<p><strong>La verit\u00e0 che viene taciuta all&#8217;ombra dei confessionali, per\u00f2, \u00e8 che buona\u00a0parte delle organizzazioni che intascano i milioni di euro dell&#8217;accoglienza sono tutte legate al Vaticano a filo doppio.<\/strong> E che ci\u00f2 avviene nel silenzio del mondo politico e con la complicit\u00e0 di tutto il potere occulto che possiamo solo\u00a0immaginare.<\/p>\n<p><strong>E, intanto, le casse di Pietro recuperano corposissime &#8220;elemosine&#8221; di Stato con la favola dell&#8217;accoglienza.\u00a0<\/strong><\/p>\n<p><a href=\"https:\/\/blog.ilgiornale.it\/spirli\/files\/2015\/08\/San_Francesco_d_Assisi.jpg\"><img loading=\"lazy\" class=\"alignnone size-medium wp-image-3826\" src=\"https:\/\/blog.ilgiornale.it\/spirli\/files\/2015\/08\/San_Francesco_d_Assisi-300x192.jpg\" alt=\"San_Francesco_d_Assisi\" width=\"300\" height=\"192\" srcset=\"https:\/\/blog.ilgiornale.it\/spirli\/files\/2015\/08\/San_Francesco_d_Assisi-300x192.jpg 300w, https:\/\/blog.ilgiornale.it\/spirli\/files\/2015\/08\/San_Francesco_d_Assisi.jpg 418w\" sizes=\"(max-width: 300px) 100vw, 300px\" \/><\/a><\/p>\n<p><strong style=\"line-height: 1.5\">Vescovi e preti fintamente illuminati dalla Luce di Dio invitano, infine, i propri fedeli ad accogliere addirittura in casa propria degli sconosciuti, spesso squilibrati, e \u00a0per giunta di altra fede. UNA FOLLIA INACCETTABILE anche in nome del pi\u00f9 ortodosso cristianesimo.<\/strong><\/p>\n<p><strong>Fedeli, s\u00ec, cretini, no, direi.<\/strong><\/p>\n<p><strong>Francesco d&#8217;Assisi? ..\u00a0\u2026 A questo punto, un coglionazzo sognatore.\u00a0<\/strong><\/p>\n<p><strong>Che peccato\u2026\u00a0<\/strong><\/p>\n<p><strong>Fra me e me. Eretico 2.0<\/strong><\/p>\n<p><strong>\u00a0<\/strong><\/p>\n","protected":false},"excerpt":{"rendered":"<p><p>Luned\u00ec 10 agosto 2015 &#8211; Senza santi in paradiso &#8211; Taurianova La Chiesa delle tonache profumate tuona contro gli italiani. O, meglio, contro l&#8217;Italia.\u00a0Non le sta bene che noi, ex sudditi, pur battezzati e cristiani, dei clandestini suoi protetti, venuti dal mare e dai monti, non ne vogliamo sapere. Che non ci piace che sciamino per tutta la penisola senza avere un cazzo da fare. Che ci incavoliamo quando si macchiano di atroci reati ad ogni pi\u00e8 sospinto. Che ci facciamo girare i maroni anche quando cacano per strada in tutte le nostre bellissime citt\u00e0. Si arrabbia con noi, Santa [&hellip;]<\/p>\n&nbsp;&nbsp;<div class=\"readmore\"><a href=\"https:\/\/blog.ilgiornale.it\/spirli\/2015\/08\/10\/clandestini-comodo-obolo-di-san-pietro\/\">Continua a leggere...<\/a><\/div><\/p>","protected":false},"author":1022,"featured_media":0,"comment_status":"open","ping_status":"closed","sticky":false,"template":"","format":"standard","meta":[],"categories":[34304,34319],"tags":[54097,49332,116,71,16137,66535],"_links":{"self":[{"href":"https:\/\/blog.ilgiornale.it\/spirli\/wp-json\/wp\/v2\/posts\/3833"}],"collection":[{"href":"https:\/\/blog.ilgiornale.it\/spirli\/wp-json\/wp\/v2\/posts"}],"about":[{"href":"https:\/\/blog.ilgiornale.it\/spirli\/wp-json\/wp\/v2\/types\/post"}],"author":[{"embeddable":true,"href":"https:\/\/blog.ilgiornale.it\/spirli\/wp-json\/wp\/v2\/users\/1022"}],"replies":[{"embeddable":true,"href":"https:\/\/blog.ilgiornale.it\/spirli\/wp-json\/wp\/v2\/comments?post=3833"}],"version-history":[{"count":7,"href":"https:\/\/blog.ilgiornale.it\/spirli\/wp-json\/wp\/v2\/posts\/3833\/revisions"}],"predecessor-version":[{"id":3842,"href":"https:\/\/blog.ilgiornale.it\/spirli\/wp-json\/wp\/v2\/posts\/3833\/revisions\/3842"}],"wp:attachment":[{"href":"https:\/\/blog.ilgiornale.it\/spirli\/wp-json\/wp\/v2\/media?parent=3833"}],"wp:term":[{"taxonomy":"category","embeddable":true,"href":"https:\/\/blog.ilgiornale.it\/spirli\/wp-json\/wp\/v2\/categories?post=3833"},{"taxonomy":"post_tag","embeddable":true,"href":"https:\/\/blog.ilgiornale.it\/spirli\/wp-json\/wp\/v2\/tags?post=3833"}],"curies":[{"name":"wp","href":"https:\/\/api.w.org\/{rel}","templated":true}]}}