{"id":395,"date":"2013-09-05T15:21:56","date_gmt":"2013-09-05T13:21:56","guid":{"rendered":"https:\/\/blog.ilgiornale.it\/spirli\/?p=395"},"modified":"2013-09-05T15:21:56","modified_gmt":"2013-09-05T13:21:56","slug":"referendum-radicali-firmo-convinto-da-mia-madre","status":"publish","type":"post","link":"https:\/\/blog.ilgiornale.it\/spirli\/2013\/09\/05\/referendum-radicali-firmo-convinto-da-mia-madre\/","title":{"rendered":"Referendum radicali. Firmo convinto da mia Madre."},"content":{"rendered":"<p>Gioved\u00ec 5 settembre 2013 &#8211; San Vittorino vescovo &#8211; Taurianova<\/p>\n<p>&#8220;Il caff\u00e8 \u00e8 in frigo. Vado a messa. A fare benzina. \u00a0Torno prima delle 9.30. Ricordati di telefonare a tua nipote Giuliana per le tasse. Dove si deve andare per firmare per i referendum? Ti informi? Cos\u00ec ci andiamo insieme. <strong>Mamma<\/strong>&#8220;<a href=\"https:\/\/blog.ilgiornale.it\/spirli\/files\/2013\/09\/Lei.jpg\"><img loading=\"lazy\" class=\"alignnone size-medium wp-image-398\" src=\"https:\/\/blog.ilgiornale.it\/spirli\/files\/2013\/09\/Lei-300x199.jpg\" alt=\"\" width=\"300\" height=\"199\" srcset=\"https:\/\/blog.ilgiornale.it\/spirli\/files\/2013\/09\/Lei-300x199.jpg 300w, https:\/\/blog.ilgiornale.it\/spirli\/files\/2013\/09\/Lei.jpg 960w\" sizes=\"(max-width: 300px) 100vw, 300px\" \/><\/a><\/p>\n<p><strong>Mia Madre! Eccezionale! Fede, Concretezza e Senso Civico. A 80anni. Ne ha ancora da<\/strong> <strong>insegnarmene, di cose giuste!<\/strong> Quando l&#8217;ho conosciuta, 52 anni fa, era intrecciata a <strong>Mimmo, mio Padre<\/strong>. Lo sono rimasti per quasi 50 anni. Quando Lui \u00e8 morto, Lei ed io abbiamo condiviso la vedovanza. <strong>Entrambi, in quei lontanissimi anni 70, firmarono a favore del divorzio.<\/strong> &#8220;Se due persone non vanno d&#8217;accordo, non sar\u00e0 certo il ricordo delle foto sull&#8217;altare a farli tornare sereni insieme&#8221;: Questa \u00e8 mia Madre. E anche sull&#8217;aborto, Lei, cattolica e praticante, lasci\u00f2 a ognuno la libert\u00e0 di decidere se scegliere o meno di interrompere la gravidanza.<strong> &#8220;Dio \u00e8 dentro ognuno di noi. A prescindere.&#8221;<\/strong> Una Radicale, a prescindere. Anche stavolta ha scelto di firmare per i referendum, perch\u00e9 dice che, se una legge non va, il popolo ha tutto il diritto di cambiarla. O di abrogarla.<a href=\"https:\/\/blog.ilgiornale.it\/spirli\/files\/2013\/09\/Noi.jpg\"><img loading=\"lazy\" class=\"alignnone size-medium wp-image-399\" src=\"https:\/\/blog.ilgiornale.it\/spirli\/files\/2013\/09\/Noi-300x199.jpg\" alt=\"\" width=\"300\" height=\"199\" srcset=\"https:\/\/blog.ilgiornale.it\/spirli\/files\/2013\/09\/Noi-300x199.jpg 300w, https:\/\/blog.ilgiornale.it\/spirli\/files\/2013\/09\/Noi.jpg 960w\" sizes=\"(max-width: 300px) 100vw, 300px\" \/><\/a><\/p>\n<p>Quando \u00e8 tornata dai Suoi giri quotidiani, io avevo finito di fare colazione.<strong> &#8220;Andiamo a Reggio, in questi giorni, per firmare. Ho parlato proprio ieri pomeriggio con Giovanna Cusumano, la Presidente della Commissione Pari Opportunit\u00e0 della Regione Calabria, che se ne occupa. La andiamo a trovare nel Suo Studio e firmiamo. Ok?&#8221;<\/strong> Mamma poggia sul tavolo la sporta della spesa e mi intima &#8220;Domattina mi ci porti. Oppure vado col pullman. La settimana prossima tu non ci sei e poi scadono!&#8221;<\/p>\n<p>Ci vuole andare. E ha ragione. <strong>Perch\u00e9 questi referendum piacciono anche a Lei. E a me. Non tutti. Ma per tutti firmer\u00f2.<\/strong> Firmer\u00f2 convinto per l&#8217;abolizione dei tre anni d&#8217;attesa per poter divorziare, per la responsabilit\u00e0 civile dei magistrati, contro l&#8217;abuso della custodia cautelare, per il rientro nelle funzioni proprie dei magistrati fuori ruolo, per la libert\u00e0 di scelta nella destinazione dell&#8217;otto per mille, per la separazione delle carriere dei magistrati&#8230; Per gli altri firmer\u00f2 seguendo la politica della Famiglia Spirl\u00ec: &#8220;Firmo perch\u00e9 Tu possa godere del diritto di scelta!&#8221;<\/p>\n<p><strong>Firmo per tutte le volte in cui me la son presa con chi non partecipava attivamente alla vita politica di questa nostra Italia.<\/strong> Ora, la possibilit\u00e0 di farlo c&#8217;\u00e8. Sia firmando, che andando, speriamo, a votare. <strong>Perch\u00e9 \u00e8 un OBBLIGO MORALE andare a VOTARE.<\/strong> Soprattutto in questi momenti di grande cambiamento sociale e civile.<\/p>\n<p>&#8230; fra me e mia Madre&#8230; per l&#8217;impegno civile&#8230;<\/p>\n","protected":false},"excerpt":{"rendered":"<p><p>Gioved\u00ec 5 settembre 2013 &#8211; San Vittorino vescovo &#8211; Taurianova &#8220;Il caff\u00e8 \u00e8 in frigo. Vado a messa. A fare benzina. \u00a0Torno prima delle 9.30. Ricordati di telefonare a tua nipote Giuliana per le tasse. Dove si deve andare per firmare per i referendum? Ti informi? Cos\u00ec ci andiamo insieme. Mamma&#8220; Mia Madre! Eccezionale! Fede, Concretezza e Senso Civico. A 80anni. Ne ha ancora da insegnarmene, di cose giuste! Quando l&#8217;ho conosciuta, 52 anni fa, era intrecciata a Mimmo, mio Padre. Lo sono rimasti per quasi 50 anni. Quando Lui \u00e8 morto, Lei ed io abbiamo condiviso la vedovanza. Entrambi, [&hellip;]<\/p>\n&nbsp;&nbsp;<div class=\"readmore\"><a href=\"https:\/\/blog.ilgiornale.it\/spirli\/2013\/09\/05\/referendum-radicali-firmo-convinto-da-mia-madre\/\">Continua a leggere...<\/a><\/div><\/p>","protected":false},"author":1022,"featured_media":0,"comment_status":"open","ping_status":"closed","sticky":false,"template":"","format":"standard","meta":[],"categories":[34304,34319],"tags":[29365,34481,115,98,34480,66],"_links":{"self":[{"href":"https:\/\/blog.ilgiornale.it\/spirli\/wp-json\/wp\/v2\/posts\/395"}],"collection":[{"href":"https:\/\/blog.ilgiornale.it\/spirli\/wp-json\/wp\/v2\/posts"}],"about":[{"href":"https:\/\/blog.ilgiornale.it\/spirli\/wp-json\/wp\/v2\/types\/post"}],"author":[{"embeddable":true,"href":"https:\/\/blog.ilgiornale.it\/spirli\/wp-json\/wp\/v2\/users\/1022"}],"replies":[{"embeddable":true,"href":"https:\/\/blog.ilgiornale.it\/spirli\/wp-json\/wp\/v2\/comments?post=395"}],"version-history":[{"count":10,"href":"https:\/\/blog.ilgiornale.it\/spirli\/wp-json\/wp\/v2\/posts\/395\/revisions"}],"predecessor-version":[{"id":407,"href":"https:\/\/blog.ilgiornale.it\/spirli\/wp-json\/wp\/v2\/posts\/395\/revisions\/407"}],"wp:attachment":[{"href":"https:\/\/blog.ilgiornale.it\/spirli\/wp-json\/wp\/v2\/media?parent=395"}],"wp:term":[{"taxonomy":"category","embeddable":true,"href":"https:\/\/blog.ilgiornale.it\/spirli\/wp-json\/wp\/v2\/categories?post=395"},{"taxonomy":"post_tag","embeddable":true,"href":"https:\/\/blog.ilgiornale.it\/spirli\/wp-json\/wp\/v2\/tags?post=395"}],"curies":[{"name":"wp","href":"https:\/\/api.w.org\/{rel}","templated":true}]}}