{"id":4005,"date":"2015-10-27T23:05:29","date_gmt":"2015-10-27T21:05:29","guid":{"rendered":"https:\/\/blog.ilgiornale.it\/spirli\/?p=4005"},"modified":"2015-10-27T23:05:29","modified_gmt":"2015-10-27T21:05:29","slug":"io-una-pistola-la-comprerei","status":"publish","type":"post","link":"https:\/\/blog.ilgiornale.it\/spirli\/2015\/10\/27\/io-una-pistola-la-comprerei\/","title":{"rendered":"Io una pistola la comprerei\u2026"},"content":{"rendered":"<p><strong>Marted\u00ec 27 ottobre 2015 &#8211; compleanno di Gabriele, mio pronipotino &#8211; A casa, a Taurianova<\/strong><\/p>\n<p><strong>No, qui di pistole non ce n&#8217;\u00e8 bisogno.<\/strong> Non ci sono furti in casa. Qualcuno, \u00e8 vero, ne ha tentati, in passato; pochi sono andati a buon fine. Spesso la refurtiva \u00e8 stata restituita in tutta fretta ai legittimi proprietari. <strong>Da queste parti, se sai a chi rivolgerti, magari la ndrangheta (sic!), \u00a0i colpevoli ti chiedono anche scusa. Coperti di lividi.<\/strong> O di vergogna. Che siano italiani o stranieri poco conta. Anche se gli italiani non si sporcano mani e coscienza per due collanine e cento euro della pensione. Preferiscono entrare in giri alti. O, comunque, altri.<\/p>\n<p>Magari roba forte. Droga, armi, immigrati\u2026 <strong>Altro che braccialetti e anellini, fucili da caccia e spiccioli di contanti! Quella, al limite, ma proprio al limite, \u00e8 roba da slavi. O magrebini.<\/strong> E anche loro, in ogni caso, seguono &#8211; e DEVONO farlo &#8211; le regole del luogo. Rispetto e Devozione. Se entrano nella casa sbagliata, non ne escono interi.<\/p>\n<p><strong>Ciononostante, io una pistola la comprerei.<\/strong> Il porto d&#8217;armi lo chiederei. <strong>La difesa di mia Madre me lo impone.<\/strong> E, visto come si stanno mettendo le cose, non \u00e8 tanto da fessi imparare a sparare.<\/p>\n<p><a href=\"https:\/\/blog.ilgiornale.it\/spirli\/files\/2015\/10\/12108046_10208088145069785_1230187377684093915_n.jpg\"><img loading=\"lazy\" class=\"alignnone size-medium wp-image-4010\" src=\"https:\/\/blog.ilgiornale.it\/spirli\/files\/2015\/10\/12108046_10208088145069785_1230187377684093915_n-300x300.jpg\" alt=\"12108046_10208088145069785_1230187377684093915_n\" width=\"300\" height=\"300\" srcset=\"https:\/\/blog.ilgiornale.it\/spirli\/files\/2015\/10\/12108046_10208088145069785_1230187377684093915_n-300x300.jpg 300w, https:\/\/blog.ilgiornale.it\/spirli\/files\/2015\/10\/12108046_10208088145069785_1230187377684093915_n-150x150.jpg 150w, https:\/\/blog.ilgiornale.it\/spirli\/files\/2015\/10\/12108046_10208088145069785_1230187377684093915_n.jpg 404w\" sizes=\"(max-width: 300px) 100vw, 300px\" \/><\/a><\/p>\n<p><strong>Certo, se ci penso, rabbrividisco! Sparare? Io? Dura da ingoiare, questa amara verit\u00e0. Ma non posso pensare di vedere mia Madre coperta da lividi<\/strong>, o, Dio non voglia, assisterla, <strong>lei abusata da un figlio di troia, aspettando che il bastardo venga condannato a una manciata di giorni di galera,<\/strong> magari assistito da una qualche compagnia di teatro che glieli renda meno pesanti. No, in quel caso sparerei. Temo proprio che lo farei.<\/p>\n<p>Alle gambe, alle ginocchia, forse. Un po&#8217; pi\u00f9 su, forse. Non so. Non sto qui a pensarci. E spero di non doverlo fare. Ma ho paura che non gliela farei passare liscia. (Da ufficiale di cavalleria, al poligono ero il migliore\u2026)<\/p>\n<p><strong>Capisco, s\u00ec, lo capisco, chi, in questi giorni, comincia a ribellarsi all&#8217;audacia di sciacalli che non entrano pi\u00f9 nelle case in assenza dei proprietari<\/strong>, che non si accontentano di spaventare chi difende la propria vita, le proprie cose, che non mettono in conto, al limite, ma proprio al limite, di legarlo ad una sedia; no, niente sedie, e niente corde: oggi, \u00a0violentano, torturano. Ammazzano.<\/p>\n<p><strong>Comprendo, distrutto da questo mio cancro dello spirito, quel silenzio della ragione che partorisce reazioni senza decisione.<\/strong> Mi immedesimo e mi abbandono al buio della casualit\u00e0. Perdo la grazia della misericordia e tocco lo stipite della porta di un inferno che non intendo varcare.<\/p>\n<p><a href=\"https:\/\/blog.ilgiornale.it\/spirli\/files\/2015\/10\/Mamma-checca.jpg\"><img loading=\"lazy\" class=\"alignnone size-medium wp-image-4011\" src=\"https:\/\/blog.ilgiornale.it\/spirli\/files\/2015\/10\/Mamma-checca-300x200.jpg\" alt=\"Mamma checca\" width=\"300\" height=\"200\" srcset=\"https:\/\/blog.ilgiornale.it\/spirli\/files\/2015\/10\/Mamma-checca-300x200.jpg 300w, https:\/\/blog.ilgiornale.it\/spirli\/files\/2015\/10\/Mamma-checca.jpg 960w\" sizes=\"(max-width: 300px) 100vw, 300px\" \/><\/a><\/p>\n<p><strong>Ma per salvare mia Madre, sarei disposto a tutto.<\/strong>\u00a0Proprio a tutto. Anche a premere quel maledetto grilletto. <strong>La Sua vita vale ben pi\u00f9 della mia libert\u00e0. Della mia salvezza.<\/strong><\/p>\n<p><strong>Fra me e me. Perch\u00e9 l&#8217;ho promesso a mio Padre<\/strong><\/p>\n<p>&nbsp;<\/p>\n","protected":false},"excerpt":{"rendered":"<p><p>Marted\u00ec 27 ottobre 2015 &#8211; compleanno di Gabriele, mio pronipotino &#8211; A casa, a Taurianova No, qui di pistole non ce n&#8217;\u00e8 bisogno. Non ci sono furti in casa. Qualcuno, \u00e8 vero, ne ha tentati, in passato; pochi sono andati a buon fine. Spesso la refurtiva \u00e8 stata restituita in tutta fretta ai legittimi proprietari. Da queste parti, se sai a chi rivolgerti, magari la ndrangheta (sic!), \u00a0i colpevoli ti chiedono anche scusa. Coperti di lividi. O di vergogna. Che siano italiani o stranieri poco conta. Anche se gli italiani non si sporcano mani e coscienza per due collanine e [&hellip;]<\/p>\n&nbsp;&nbsp;<div class=\"readmore\"><a href=\"https:\/\/blog.ilgiornale.it\/spirli\/2015\/10\/27\/io-una-pistola-la-comprerei\/\">Continua a leggere...<\/a><\/div><\/p>","protected":false},"author":1022,"featured_media":0,"comment_status":"open","ping_status":"closed","sticky":false,"template":"","format":"standard","meta":[],"categories":[34304],"tags":[83649,16073,34322,83648,83650],"_links":{"self":[{"href":"https:\/\/blog.ilgiornale.it\/spirli\/wp-json\/wp\/v2\/posts\/4005"}],"collection":[{"href":"https:\/\/blog.ilgiornale.it\/spirli\/wp-json\/wp\/v2\/posts"}],"about":[{"href":"https:\/\/blog.ilgiornale.it\/spirli\/wp-json\/wp\/v2\/types\/post"}],"author":[{"embeddable":true,"href":"https:\/\/blog.ilgiornale.it\/spirli\/wp-json\/wp\/v2\/users\/1022"}],"replies":[{"embeddable":true,"href":"https:\/\/blog.ilgiornale.it\/spirli\/wp-json\/wp\/v2\/comments?post=4005"}],"version-history":[{"count":9,"href":"https:\/\/blog.ilgiornale.it\/spirli\/wp-json\/wp\/v2\/posts\/4005\/revisions"}],"predecessor-version":[{"id":4016,"href":"https:\/\/blog.ilgiornale.it\/spirli\/wp-json\/wp\/v2\/posts\/4005\/revisions\/4016"}],"wp:attachment":[{"href":"https:\/\/blog.ilgiornale.it\/spirli\/wp-json\/wp\/v2\/media?parent=4005"}],"wp:term":[{"taxonomy":"category","embeddable":true,"href":"https:\/\/blog.ilgiornale.it\/spirli\/wp-json\/wp\/v2\/categories?post=4005"},{"taxonomy":"post_tag","embeddable":true,"href":"https:\/\/blog.ilgiornale.it\/spirli\/wp-json\/wp\/v2\/tags?post=4005"}],"curies":[{"name":"wp","href":"https:\/\/api.w.org\/{rel}","templated":true}]}}