{"id":4067,"date":"2015-11-13T08:08:31","date_gmt":"2015-11-13T06:08:31","guid":{"rendered":"https:\/\/blog.ilgiornale.it\/spirli\/?p=4067"},"modified":"2015-11-13T10:29:42","modified_gmt":"2015-11-13T08:29:42","slug":"ergastolo-e-forse-di-piu","status":"publish","type":"post","link":"https:\/\/blog.ilgiornale.it\/spirli\/2015\/11\/13\/ergastolo-e-forse-di-piu\/","title":{"rendered":"Ergastolo! E, forse, di pi\u00f9!"},"content":{"rendered":"<p><strong>Venerd\u00ec 13 novembre 2015 &#8211; San Diego &#8211; a casa, a Taurianova<\/strong><\/p>\n<p><a href=\"https:\/\/blog.ilgiornale.it\/spirli\/files\/2015\/11\/1447230788-ansa-20151111092539-16114332.jpg\"><img loading=\"lazy\" class=\"alignnone size-medium wp-image-4069\" src=\"https:\/\/blog.ilgiornale.it\/spirli\/files\/2015\/11\/1447230788-ansa-20151111092539-16114332-300x100.jpg\" alt=\"1447230788-ansa-20151111092539-16114332\" width=\"300\" height=\"100\" srcset=\"https:\/\/blog.ilgiornale.it\/spirli\/files\/2015\/11\/1447230788-ansa-20151111092539-16114332-300x100.jpg 300w, https:\/\/blog.ilgiornale.it\/spirli\/files\/2015\/11\/1447230788-ansa-20151111092539-16114332.jpg 665w\" sizes=\"(max-width: 300px) 100vw, 300px\" \/><\/a>(i rumeni assassini)<\/p>\n<p><strong>Ma basta!!! Non \u00e8 possibile! Ancora una strage autorizzata! Anche la Professoressa Cloe Govoni, massacrata a calci e pugni dentro casa da due rumeni se n&#8217;\u00e8 andata dopo un&#8217;atroce agonia.<\/strong> E un giovane <strong>ebreo ortodosso<\/strong> \u00e8 stato accoltellato sotto casa, a Milano. Mentre <strong>Ermes Mattielli<\/strong> \u00e8 morto di dolore per essere stato condannato a risarcire i famigliari dello zingaro che lo stava rapinando e c&#8217;\u00e8 rimasto! <strong>Il benzinaio e il signore esodato<\/strong> che si sono difesi &#8211; a ragione &#8211; sono stati messi alla gogna e rischiano la galera per eccesso di legittima difesa. Legittimissima, direi! Dei due <strong>coniugi siciliani<\/strong>, violentati e massacrati non se ne vuole parlare pi\u00f9.<\/p>\n<p><strong>Una vergogna tutta italiana!<\/strong><\/p>\n<p><strong><a href=\"https:\/\/blog.ilgiornale.it\/spirli\/files\/2015\/11\/13.jpg\"><img loading=\"lazy\" class=\"alignnone size-medium wp-image-4070\" src=\"https:\/\/blog.ilgiornale.it\/spirli\/files\/2015\/11\/13-300x158.jpg\" alt=\"1\" width=\"300\" height=\"158\" srcset=\"https:\/\/blog.ilgiornale.it\/spirli\/files\/2015\/11\/13-300x158.jpg 300w, https:\/\/blog.ilgiornale.it\/spirli\/files\/2015\/11\/13.jpg 309w\" sizes=\"(max-width: 300px) 100vw, 300px\" \/><\/a><\/strong>(l&#8217;assassino africano kabobo)<\/p>\n<p><strong>Stiamo pascendo assassini.<\/strong>\u00a0Invitandoli a venire in Italia e garantendo loro, non solo l&#8217;impunit\u00e0, ma, addirittura, il risarcimento per il disturbo del processo!<\/p>\n<p><strong>Europei o asiatici che siano, che vengano dall&#8217;Africa nera o dal bacino del Mediterraneo, zingari o mediorientali, arrivano tutti in casa nostra a rubare, violentare, massacrare e fare fortuna. Tutto insieme!<\/strong><\/p>\n<p><strong>E noi, coglioni italiani, democratici, antifascisti, buonisti, battezzati cattolici col complesso dell&#8217;avvenuta crocifissione, garantisti dei miei maroni, invece che rispolverare leggi forti, riorganizzare ghigliottine o nobili plotoni d&#8217;esecuzione, scavare qualche migliaio di segrete nelle caverne del nostro lunghissimo Appennino, addolciamo le pene e ci beiamo di essere &#8220;un Paese civile&#8221;.<\/strong><\/p>\n<p><strong>Idioti e Pi\u00f9idioti!<\/strong><\/p>\n<p><a href=\"https:\/\/blog.ilgiornale.it\/spirli\/files\/2015\/11\/121.jpg\"><img loading=\"lazy\" class=\"alignnone size-medium wp-image-4071\" src=\"https:\/\/blog.ilgiornale.it\/spirli\/files\/2015\/11\/121-300x190.jpg\" alt=\"12\" width=\"300\" height=\"190\" srcset=\"https:\/\/blog.ilgiornale.it\/spirli\/files\/2015\/11\/121-300x190.jpg 300w, https:\/\/blog.ilgiornale.it\/spirli\/files\/2015\/11\/121.jpg 796w\" sizes=\"(max-width: 300px) 100vw, 300px\" \/><\/a>(l&#8217;assassino asiatico)<\/p>\n<p><strong>Circondati e invasi da bestie assetate di sangue, restiamo inermi a farci cancellare dalla faccia del pianeta in nome di una democrazia di cui non importa pi\u00f9 niente a nessuno, cos\u00ec com&#8217;\u00e8.<\/strong> Non scendiamo in piazza se non per metterci in fila davanti alle porte automatiche del primo applestore. Non alziamo la voce se non per lamentarci dell&#8217;ultima terna arbitrale al derby di casa. Ci preoccupiamo se questa o quella cretina, se questo o quel coglioncello televisivo si lasciano, dopo aver finto un fidanzamento da telecamere, falso come la bont\u00e0 di un cardinale.<\/p>\n<p><strong>Ci riempiamo la bocca di schifo per le vergogne delle tonache sporche di merda, ma continuiamo a versare l&#8217;8 per 1000 alla chiesa che li ingrassa.<\/strong><\/p>\n<p><strong>CI SIAMO RINCOGLIONITI! RAMMOLLITI!<\/strong><\/p>\n<p><strong>Abbiamo perso la dignit\u00e0 umana. Personale e di Popolo.<\/strong><\/p>\n<p><strong><a href=\"https:\/\/blog.ilgiornale.it\/spirli\/files\/2015\/11\/1112.jpg\"><img loading=\"lazy\" class=\"alignnone size-medium wp-image-4072\" src=\"https:\/\/blog.ilgiornale.it\/spirli\/files\/2015\/11\/1112-300x230.jpg\" alt=\"111\" width=\"300\" height=\"230\" srcset=\"https:\/\/blog.ilgiornale.it\/spirli\/files\/2015\/11\/1112-300x230.jpg 300w, https:\/\/blog.ilgiornale.it\/spirli\/files\/2015\/11\/1112.jpg 460w\" sizes=\"(max-width: 300px) 100vw, 300px\" \/><\/a><\/strong><\/p>\n<p><strong>O ci riprendiamo la piazza e il Palazzo, raddrizziamo la schiena, riscriviamo leggi serie e stabiliamo punizioni credibili, <\/strong>oppure i nostri (vostri) figli non avranno pi\u00f9 diritti a casa loro! Saranno servi di padroni stranieri spietati e sanguinari. Si dovranno vergognare di essere italiani, di possedere una casa, di far parte di una famiglia sana e di nobili principi, di non credere al dio del sangue, ma a Quello dell&#8217;Amore, di sgobbare ogni giorno per consentire ai propri figli un futuro migliore\u2026<\/p>\n<p><strong>Fate Voi. Io ci sono.<\/strong><\/p>\n<p><strong>Fra me e me, in attesa di un referendum. E di un patibolo serio.<\/strong><\/p>\n","protected":false},"excerpt":{"rendered":"<p><p>Venerd\u00ec 13 novembre 2015 &#8211; San Diego &#8211; a casa, a Taurianova (i rumeni assassini) Ma basta!!! Non \u00e8 possibile! Ancora una strage autorizzata! Anche la Professoressa Cloe Govoni, massacrata a calci e pugni dentro casa da due rumeni se n&#8217;\u00e8 andata dopo un&#8217;atroce agonia. E un giovane ebreo ortodosso \u00e8 stato accoltellato sotto casa, a Milano. Mentre Ermes Mattielli \u00e8 morto di dolore per essere stato condannato a risarcire i famigliari dello zingaro che lo stava rapinando e c&#8217;\u00e8 rimasto! Il benzinaio e il signore esodato che si sono difesi &#8211; a ragione &#8211; sono stati messi alla gogna [&hellip;]<\/p>\n&nbsp;&nbsp;<div class=\"readmore\"><a href=\"https:\/\/blog.ilgiornale.it\/spirli\/2015\/11\/13\/ergastolo-e-forse-di-piu\/\">Continua a leggere...<\/a><\/div><\/p>","protected":false},"author":1022,"featured_media":0,"comment_status":"open","ping_status":"closed","sticky":false,"template":"","format":"standard","meta":[],"categories":[34304,34319],"tags":[83668,83669,83670,54736,83672,40546],"_links":{"self":[{"href":"https:\/\/blog.ilgiornale.it\/spirli\/wp-json\/wp\/v2\/posts\/4067"}],"collection":[{"href":"https:\/\/blog.ilgiornale.it\/spirli\/wp-json\/wp\/v2\/posts"}],"about":[{"href":"https:\/\/blog.ilgiornale.it\/spirli\/wp-json\/wp\/v2\/types\/post"}],"author":[{"embeddable":true,"href":"https:\/\/blog.ilgiornale.it\/spirli\/wp-json\/wp\/v2\/users\/1022"}],"replies":[{"embeddable":true,"href":"https:\/\/blog.ilgiornale.it\/spirli\/wp-json\/wp\/v2\/comments?post=4067"}],"version-history":[{"count":7,"href":"https:\/\/blog.ilgiornale.it\/spirli\/wp-json\/wp\/v2\/posts\/4067\/revisions"}],"predecessor-version":[{"id":4078,"href":"https:\/\/blog.ilgiornale.it\/spirli\/wp-json\/wp\/v2\/posts\/4067\/revisions\/4078"}],"wp:attachment":[{"href":"https:\/\/blog.ilgiornale.it\/spirli\/wp-json\/wp\/v2\/media?parent=4067"}],"wp:term":[{"taxonomy":"category","embeddable":true,"href":"https:\/\/blog.ilgiornale.it\/spirli\/wp-json\/wp\/v2\/categories?post=4067"},{"taxonomy":"post_tag","embeddable":true,"href":"https:\/\/blog.ilgiornale.it\/spirli\/wp-json\/wp\/v2\/tags?post=4067"}],"curies":[{"name":"wp","href":"https:\/\/api.w.org\/{rel}","templated":true}]}}