{"id":4111,"date":"2015-11-23T23:00:23","date_gmt":"2015-11-23T21:00:23","guid":{"rendered":"https:\/\/blog.ilgiornale.it\/spirli\/?p=4111"},"modified":"2015-11-23T23:01:15","modified_gmt":"2015-11-23T21:01:15","slug":"rispolvero-il-presepe-e-natale","status":"publish","type":"post","link":"https:\/\/blog.ilgiornale.it\/spirli\/2015\/11\/23\/rispolvero-il-presepe-e-natale\/","title":{"rendered":"Rispolvero il Presepe. E&#8217; Natale!"},"content":{"rendered":"<p><b>Luned\u00ec 23 novembre 2015 &#8211; San Clemente papa &#8211; a casa, a Taurianova<\/b><\/p>\n<p><a href=\"https:\/\/blog.ilgiornale.it\/spirli\/files\/2015\/11\/14.jpg\"><img loading=\"lazy\" class=\"alignnone size-medium wp-image-4113\" src=\"https:\/\/blog.ilgiornale.it\/spirli\/files\/2015\/11\/14-300x158.jpg\" alt=\"1\" width=\"300\" height=\"158\" srcset=\"https:\/\/blog.ilgiornale.it\/spirli\/files\/2015\/11\/14-300x158.jpg 300w, https:\/\/blog.ilgiornale.it\/spirli\/files\/2015\/11\/14.jpg 600w\" sizes=\"(max-width: 300px) 100vw, 300px\" \/><\/a><\/p>\n<p><strong>Non aspetto l&#8217;otto dicembre, quest&#8217;anno: il Presepe di casa lo spolvero ed illumino prima!<\/strong><\/p>\n<p><strong>Ne sento la necessit\u00e0 ora, subito, con tutto l&#8217;inferno che si \u00e8 sparso per questo mondaccio infame e infedele.<\/strong><\/p>\n<p><strong>Voglio vedere la grotta di Betlemme gi\u00e0 riscaldata dall&#8217;alito santo di quel bue e di quell&#8217;asinello.<\/strong> Voglio sentire il canto degli angeli sparso nel cielo di ogni notte stellata da qui al 25 dicembre. Voglio avvertire quello stato di grazia che mi infondono la Vergine Maria e San Giuseppe in attesa adorante ai piedi della Mangiatoia, anch&#8217;essa Santa per essere la misera culla di Dio.<\/p>\n<p><a href=\"https:\/\/blog.ilgiornale.it\/spirli\/files\/2015\/11\/22.jpg\"><img loading=\"lazy\" class=\"alignnone size-medium wp-image-4117\" src=\"https:\/\/blog.ilgiornale.it\/spirli\/files\/2015\/11\/22-242x300.jpg\" alt=\"2\" width=\"242\" height=\"300\" srcset=\"https:\/\/blog.ilgiornale.it\/spirli\/files\/2015\/11\/22-242x300.jpg 242w, https:\/\/blog.ilgiornale.it\/spirli\/files\/2015\/11\/22.jpg 404w\" sizes=\"(max-width: 242px) 100vw, 242px\" \/><\/a><\/p>\n<p><strong>E non sono certo un santo.<\/strong> No, proprio no. Anzi, visto da fuori io stesso mi definirei almeno eretico. Urlo contro la maggior parte dei vescovi, non mi piacciono certi preti (quasi tutti), di questo papa non mi convince neanche lo zuccotto. Svuoterei le sante casse della banca vaticana e aprirei tutte le chiese, anche le pi\u00f9 ricche, per farci dormire i poveri.<\/p>\n<p><strong>Sono, per\u00f2, in cammino, carico di dubbi e contraddizioni, verso la casa di Dio.<\/strong> Vesto lo Scapolare come una seconda pelle e cerco di non dimenticare l&#8217;impegno preso con la Madre Celeste. Non \u00e8 facilissimo, ma le preghiere aiutano. Quando, nel silenzio della notte, dedico le ore pi\u00f9 belle a Lei, mi sembra che sia al mio fianco in carne e ossa. Magari c&#8217;\u00e8, chiss\u00e0\u2026\u00a0Si dice che, di famiglia, gradiscano i peccatori pentiti pi\u00f9 dei sacerdoti di certi sinedri\u2026<\/p>\n<p><a href=\"https:\/\/blog.ilgiornale.it\/spirli\/files\/2015\/11\/3.jpg\"><img loading=\"lazy\" class=\"alignnone size-medium wp-image-4118\" src=\"https:\/\/blog.ilgiornale.it\/spirli\/files\/2015\/11\/3-300x188.jpg\" alt=\"3\" width=\"300\" height=\"188\" srcset=\"https:\/\/blog.ilgiornale.it\/spirli\/files\/2015\/11\/3-300x188.jpg 300w, https:\/\/blog.ilgiornale.it\/spirli\/files\/2015\/11\/3-1024x640.jpg 1024w, https:\/\/blog.ilgiornale.it\/spirli\/files\/2015\/11\/3.jpg 1280w\" sizes=\"(max-width: 300px) 100vw, 300px\" \/><\/a><\/p>\n<p>Voglio svegliarmi gi\u00e0 da domani e vedere le lucine delle casette di sughero accendersi ed illuminare artigiani e lavandaie, pecorelle e gallinelle. <strong>Voglio poter credere che tutto il mondo sia in attesa che nasca un nuovo Ges\u00f9 di Nazareth, Dio o filosofo che sia, rivoluzionario o mediatore.<\/strong> Voglio stupirmi di me stesso che mi commuovo alle lacrime ogni volta che contemplo lo sguardo dolcissimo di una statuina di gesso che rappresenti l&#8217;Amore Materno di Maria. <strong>Mi sembrer\u00e0 che mio Padre sia ancora qui con me\u2026<\/strong><\/p>\n<p><strong>Gi\u00e0! Mio Padre! Il Presepe \u00e8 questo, per noi: Famiglia!\u00a0<\/strong><\/p>\n<p><a href=\"https:\/\/blog.ilgiornale.it\/spirli\/files\/2015\/11\/4.jpg\"><img loading=\"lazy\" class=\"alignnone size-medium wp-image-4119\" src=\"https:\/\/blog.ilgiornale.it\/spirli\/files\/2015\/11\/4-300x136.jpg\" alt=\"4\" width=\"300\" height=\"136\" srcset=\"https:\/\/blog.ilgiornale.it\/spirli\/files\/2015\/11\/4-300x136.jpg 300w, https:\/\/blog.ilgiornale.it\/spirli\/files\/2015\/11\/4.jpg 536w\" sizes=\"(max-width: 300px) 100vw, 300px\" \/><\/a><\/p>\n<p><strong>Non pu\u00f2 capirlo chi una famiglia vera non ce l&#8217;ha. Chi nella famiglia vera non crede. Chi ad una famiglia vera non pensa.<\/strong><\/p>\n<p>Non pu\u00f2 capirlo chi la rinnega, la propria Famiglia. Chi rinnega il proprio Padre, la propria Madre\u2026<\/p>\n<p><strong>Non pu\u00f2 capirlo che cerca di svenderci ai propri fallimenti, alle sconfitte che ha ingoiato, agli schiaffi che ha preso.<\/strong><\/p>\n<p><strong>Non pu\u00f2 capirlo chi ammazza in nome di un dio sanguinario.<\/strong><\/p>\n<p><strong>Fra me e me. Figlio di Dio in cammino, in compagnia della propria fede solitaria.<\/strong><\/p>\n<p><strong>\u00a0<\/strong><\/p>\n<p>&nbsp;<\/p>\n<p>&nbsp;<\/p>\n","protected":false},"excerpt":{"rendered":"<p><p>Luned\u00ec 23 novembre 2015 &#8211; San Clemente papa &#8211; a casa, a Taurianova Non aspetto l&#8217;otto dicembre, quest&#8217;anno: il Presepe di casa lo spolvero ed illumino prima! Ne sento la necessit\u00e0 ora, subito, con tutto l&#8217;inferno che si \u00e8 sparso per questo mondaccio infame e infedele. Voglio vedere la grotta di Betlemme gi\u00e0 riscaldata dall&#8217;alito santo di quel bue e di quell&#8217;asinello. Voglio sentire il canto degli angeli sparso nel cielo di ogni notte stellata da qui al 25 dicembre. Voglio avvertire quello stato di grazia che mi infondono la Vergine Maria e San Giuseppe in attesa adorante ai piedi [&hellip;]<\/p>\n&nbsp;&nbsp;<div class=\"readmore\"><a href=\"https:\/\/blog.ilgiornale.it\/spirli\/2015\/11\/23\/rispolvero-il-presepe-e-natale\/\">Continua a leggere...<\/a><\/div><\/p>","protected":false},"author":1022,"featured_media":0,"comment_status":"open","ping_status":"closed","sticky":false,"template":"","format":"standard","meta":[],"categories":[34304],"tags":[83685,38913,51155,51222,8829,83683],"_links":{"self":[{"href":"https:\/\/blog.ilgiornale.it\/spirli\/wp-json\/wp\/v2\/posts\/4111"}],"collection":[{"href":"https:\/\/blog.ilgiornale.it\/spirli\/wp-json\/wp\/v2\/posts"}],"about":[{"href":"https:\/\/blog.ilgiornale.it\/spirli\/wp-json\/wp\/v2\/types\/post"}],"author":[{"embeddable":true,"href":"https:\/\/blog.ilgiornale.it\/spirli\/wp-json\/wp\/v2\/users\/1022"}],"replies":[{"embeddable":true,"href":"https:\/\/blog.ilgiornale.it\/spirli\/wp-json\/wp\/v2\/comments?post=4111"}],"version-history":[{"count":9,"href":"https:\/\/blog.ilgiornale.it\/spirli\/wp-json\/wp\/v2\/posts\/4111\/revisions"}],"predecessor-version":[{"id":4124,"href":"https:\/\/blog.ilgiornale.it\/spirli\/wp-json\/wp\/v2\/posts\/4111\/revisions\/4124"}],"wp:attachment":[{"href":"https:\/\/blog.ilgiornale.it\/spirli\/wp-json\/wp\/v2\/media?parent=4111"}],"wp:term":[{"taxonomy":"category","embeddable":true,"href":"https:\/\/blog.ilgiornale.it\/spirli\/wp-json\/wp\/v2\/categories?post=4111"},{"taxonomy":"post_tag","embeddable":true,"href":"https:\/\/blog.ilgiornale.it\/spirli\/wp-json\/wp\/v2\/tags?post=4111"}],"curies":[{"name":"wp","href":"https:\/\/api.w.org\/{rel}","templated":true}]}}