{"id":4130,"date":"2015-12-01T00:02:06","date_gmt":"2015-11-30T22:02:06","guid":{"rendered":"https:\/\/blog.ilgiornale.it\/spirli\/?p=4130"},"modified":"2015-12-01T00:02:06","modified_gmt":"2015-11-30T22:02:06","slug":"quellinutile-otto-per-mille-alla-chiesa","status":"publish","type":"post","link":"https:\/\/blog.ilgiornale.it\/spirli\/2015\/12\/01\/quellinutile-otto-per-mille-alla-chiesa\/","title":{"rendered":"Quell&#8217;inutile otto per mille alla Chiesa"},"content":{"rendered":"<p><strong>Luned\u00ec 30 novembre 2015 &#8211; Sant&#8217;Andrea apostolo &#8211; a casa, a Taurianova<\/strong><\/p>\n<p><a href=\"https:\/\/blog.ilgiornale.it\/spirli\/files\/2015\/11\/15.jpg\"><img loading=\"lazy\" class=\"alignnone size-medium wp-image-4131\" src=\"https:\/\/blog.ilgiornale.it\/spirli\/files\/2015\/11\/15-300x225.jpg\" alt=\"1\" width=\"300\" height=\"225\" srcset=\"https:\/\/blog.ilgiornale.it\/spirli\/files\/2015\/11\/15-300x225.jpg 300w, https:\/\/blog.ilgiornale.it\/spirli\/files\/2015\/11\/15.jpg 490w\" sizes=\"(max-width: 300px) 100vw, 300px\" \/><\/a><\/p>\n<p>Ges\u00f9 di Nazareth non era sacerdote. E&#8217; un dato inconfutabile.<\/p>\n<p>Ges\u00f9 di Nazareth \u00e8 stato fatto fuori non da &#8220;Cesare&#8221;, ma da Caifa, sacerdote, capo del Sinedrio, e dai suoi complici.<\/p>\n<p>Ges\u00f9 di Nazareth, in questi duemilaquindici anni, \u00e8 stato crocifisso ogni giorno da chi, vestendo la tonaca, ne ha macchiato la Santit\u00e0.<\/p>\n<p>Ges\u00f9 di Nazareth non la possedeva nemmeno, la tunica che indossava. Gliel&#8217;hanno pure sequestrata. E&#8217; morto nudo.<\/p>\n<p>I preti che conosco io vestono abiti griffati, indossano scarpe griffate, profumano come mignotte di antichi bordelli, sono ingioiellati pi\u00f9 delle statue che portano in processione, guidano automobili fuoriserie, sempre nuove, sempre pi\u00f9 lussuose. Non muoiono mai. E, se lo fanno, nella bara si portano il calice d&#8217;argento.<\/p>\n<p>I preti che conosco io sono fidanzati. Ognuno come pu\u00f2. Ognuno come vuole.<\/p>\n<p>I preti che conosco io hanno sempre il tetto della chiesa che deve essere risistemato, il cestino delle offerte sempre in azione, il conto in banca sempre pi\u00f9 grasso.<\/p>\n<p>I preti che conosco io non hanno piet\u00e0 per i pensionati e per i poveri, dai quali pretendono l&#8217;offerta e ai quali, in caso di necessit\u00e0, non danno che qualche consiglio. O, eccome se lo fanno!, il facsimile del proprio protetto alle elezioni.<\/p>\n<p>Gi\u00e0! Lo danno assieme alla pasta e alle scarpe usate. Incollato alla cera della provola, che durante le elezioni si trova, e per il resto dell&#8217;anno, no.<\/p>\n<p>I preti che conosco io non celebrano una messa in pi\u00f9, neanche se \u00e8 il due novembre e sei al cimitero per la Giornata dedicata a Chi \u00e8 passato nel Mondo a Fianco.<\/p>\n<p>I preti che conosco io danno la comunione alle beghine divorziate, ma non alle divorziate. Ai mafiosi generosi, ai benefattori della parrocchia anche quelli che rubano e ammazzano, ma non a quell&#8217;omosessuale che (non) gliel&#8217;ha dato.<\/p>\n<p>I preti che conosco io diventano anche vescovi e cardinali e papi.<\/p>\n<p>I preti che conosco io li leggo sui giornali coi nomi occultati. Li legge il mio amico Andrea, che, lui s\u00ec ci va sulle chat gay. Li leggiamo tutti sulle bocche di tutti, che sanno e dicono, ma non denunciano.<\/p>\n<p>A questi preti c&#8217;\u00e8 ancora chi regala l&#8217;otto per mille. Per consentire loro il vizio e l&#8217;arroganza.<\/p>\n<p>I preti che conosco io non sono buoni come quelli degli spot pubblicitari sull&#8217;otto per mille, che curano i malati, educano i bambini, convertono i mafiosi, accompagnano i bisognosi, gli affamati, i derelitti.<\/p>\n<p>No. Quelli, i belli e buoni, sono attori. O mosche rare.<\/p>\n<p>Ce la raccontano, la favoletta del prete buonissimo e santissimo, solo in prossimit\u00e0 della scadenza del modello Unico. Poi, pi\u00f9!<\/p>\n<p>I preti che conosco io votano PD. Parlano male del proprio vescovo. Parlano male del Papa, se predica la povert\u00e0 e la castit\u00e0. Parlano male dei santi, tranne che durante le gite ai santuari. Per le quali non pagano la quota d&#8217;iscrizione.<\/p>\n<p>Parlano male.<\/p>\n<p>E razzolano peggio.<\/p>\n<p>Sono &#8220;al caldo&#8221; del ventre di santa madre chiesa. Non conoscono la fame e il bisogno. Sono preti. Mica Unti.<\/p>\n<p>Ha voglia, Bergoglio, a frustarli. Non li piega. Non li convince. Salgono sul primo treno per tornare a casa e si lasciano sfuggire anche un deprecabile &#8220;Questo deve fare la fine dell&#8217;altro&#8221;. Pi\u00f9 o meno.<\/p>\n<p>Eppure, ancora c&#8217;\u00e8 chi regala l&#8217;otto per mille a questa orrenda banda di lestofanti.<\/p>\n<p>Una banda organizzata, che possiede nel mondo migliaia di milioni di dollari in beni immobili, pi\u00f9 milioni di opere d&#8217;arte di valore inestimabile, pi\u00f9 miliardi di euro in lingotti d&#8217;oro e argento\u2026<\/p>\n<p><a href=\"https:\/\/blog.ilgiornale.it\/spirli\/files\/2015\/11\/23.jpg\"><img loading=\"lazy\" class=\"alignnone size-medium wp-image-4136\" src=\"https:\/\/blog.ilgiornale.it\/spirli\/files\/2015\/11\/23-300x257.jpg\" alt=\"2\" width=\"300\" height=\"257\" srcset=\"https:\/\/blog.ilgiornale.it\/spirli\/files\/2015\/11\/23-300x257.jpg 300w, https:\/\/blog.ilgiornale.it\/spirli\/files\/2015\/11\/23.jpg 800w\" sizes=\"(max-width: 300px) 100vw, 300px\" \/><\/a><\/p>\n<p>Che sciocco, Ges\u00f9! Mor\u00ec povero! L&#8217;avesse saputo, che da l\u00ec a poco sarebbe diventato cos\u00ec ricco, si sarebbe fermato a 33?<\/p>\n<p>E, ora che lo sa, che oltre a quello che ha gi\u00e0 in tasca, ogni anno incassa milioni di euro anche con l&#8217;otto per mille per stupidi, perch\u00e9 non risuscita?<\/p>\n<p>Che Dio strano, il mio Dio!<\/p>\n<p>Mi fa quasi tenerezza. Come dire, pi\u00f9 Figlio che Padre. Mi viene, addirittura, da difenderlo. Dai preti arricchiti.<\/p>\n<p>Cos\u00ec, fra me e me. Cristiano. In preghiera.<\/p>\n<p>#boycottottopermillechiesacattolica<\/p>\n<p>&nbsp;<\/p>\n<p>&nbsp;<\/p>\n","protected":false},"excerpt":{"rendered":"<p><p>Luned\u00ec 30 novembre 2015 &#8211; Sant&#8217;Andrea apostolo &#8211; a casa, a Taurianova Ges\u00f9 di Nazareth non era sacerdote. E&#8217; un dato inconfutabile. Ges\u00f9 di Nazareth \u00e8 stato fatto fuori non da &#8220;Cesare&#8221;, ma da Caifa, sacerdote, capo del Sinedrio, e dai suoi complici. Ges\u00f9 di Nazareth, in questi duemilaquindici anni, \u00e8 stato crocifisso ogni giorno da chi, vestendo la tonaca, ne ha macchiato la Santit\u00e0. Ges\u00f9 di Nazareth non la possedeva nemmeno, la tunica che indossava. Gliel&#8217;hanno pure sequestrata. E&#8217; morto nudo. I preti che conosco io vestono abiti griffati, indossano scarpe griffate, profumano come mignotte di antichi bordelli, sono [&hellip;]<\/p>\n&nbsp;&nbsp;<div class=\"readmore\"><a href=\"https:\/\/blog.ilgiornale.it\/spirli\/2015\/12\/01\/quellinutile-otto-per-mille-alla-chiesa\/\">Continua a leggere...<\/a><\/div><\/p>","protected":false},"author":1022,"featured_media":0,"comment_status":"open","ping_status":"closed","sticky":false,"template":"","format":"standard","meta":[],"categories":[34304],"tags":[49332,116,38913,9139,83687,34379],"_links":{"self":[{"href":"https:\/\/blog.ilgiornale.it\/spirli\/wp-json\/wp\/v2\/posts\/4130"}],"collection":[{"href":"https:\/\/blog.ilgiornale.it\/spirli\/wp-json\/wp\/v2\/posts"}],"about":[{"href":"https:\/\/blog.ilgiornale.it\/spirli\/wp-json\/wp\/v2\/types\/post"}],"author":[{"embeddable":true,"href":"https:\/\/blog.ilgiornale.it\/spirli\/wp-json\/wp\/v2\/users\/1022"}],"replies":[{"embeddable":true,"href":"https:\/\/blog.ilgiornale.it\/spirli\/wp-json\/wp\/v2\/comments?post=4130"}],"version-history":[{"count":8,"href":"https:\/\/blog.ilgiornale.it\/spirli\/wp-json\/wp\/v2\/posts\/4130\/revisions"}],"predecessor-version":[{"id":4140,"href":"https:\/\/blog.ilgiornale.it\/spirli\/wp-json\/wp\/v2\/posts\/4130\/revisions\/4140"}],"wp:attachment":[{"href":"https:\/\/blog.ilgiornale.it\/spirli\/wp-json\/wp\/v2\/media?parent=4130"}],"wp:term":[{"taxonomy":"category","embeddable":true,"href":"https:\/\/blog.ilgiornale.it\/spirli\/wp-json\/wp\/v2\/categories?post=4130"},{"taxonomy":"post_tag","embeddable":true,"href":"https:\/\/blog.ilgiornale.it\/spirli\/wp-json\/wp\/v2\/tags?post=4130"}],"curies":[{"name":"wp","href":"https:\/\/api.w.org\/{rel}","templated":true}]}}