{"id":4150,"date":"2015-12-09T22:33:08","date_gmt":"2015-12-09T20:33:08","guid":{"rendered":"https:\/\/blog.ilgiornale.it\/spirli\/?p=4150"},"modified":"2015-12-09T22:41:19","modified_gmt":"2015-12-09T20:41:19","slug":"marine-le-pen-contento-e-crocifisso","status":"publish","type":"post","link":"https:\/\/blog.ilgiornale.it\/spirli\/2015\/12\/09\/marine-le-pen-contento-e-crocifisso\/","title":{"rendered":"Marine Le Pen vince? Contento e crocifisso!"},"content":{"rendered":"<p><strong>Gioved\u00ec 10 dicembre 2015 &#8211; Nostra Signora di Loreto &#8211; onomastico Loredana &#8211; a casa, a Taurianova<\/strong><\/p>\n<p><a href=\"https:\/\/blog.ilgiornale.it\/spirli\/files\/2015\/12\/Gemelle-Angeli.jpg\"><img loading=\"lazy\" class=\"alignnone size-medium wp-image-4151\" src=\"https:\/\/blog.ilgiornale.it\/spirli\/files\/2015\/12\/Gemelle-Angeli-225x300.jpg\" alt=\"Gemelle Angeli\" width=\"225\" height=\"300\" srcset=\"https:\/\/blog.ilgiornale.it\/spirli\/files\/2015\/12\/Gemelle-Angeli-225x300.jpg 225w, https:\/\/blog.ilgiornale.it\/spirli\/files\/2015\/12\/Gemelle-Angeli-768x1024.jpg 768w, https:\/\/blog.ilgiornale.it\/spirli\/files\/2015\/12\/Gemelle-Angeli.jpg 810w\" sizes=\"(max-width: 225px) 100vw, 225px\" \/><\/a>(Eleonora e Loredana, fine Anni 50)<\/p>\n<p><strong>Auguri a Te, Sorella mia, per il Tuo \u2026esimo onomastico\u2026<\/strong><\/p>\n<p><strong>So che regalo pi\u00f9 bello non avresti potuto ricevere, che la vittoria del Front National di Marine Le Pen e Marion Mar\u00e9chal-Le Pen.<\/strong> Accomunati in questa ulteriore soddisfazione, Tu ed io, pensiamo a quanto ne sarebbe stato felice anche Nostro Padre\u2026<\/p>\n<p><strong>Detto questo, Loredana carissima, Ti confermo che la stupidit\u00e0 umana non ha limiti.<\/strong> Da tre giorni, e, cio\u00e8, da quando ho reso pubblico il giubilo personale per il risultato delle regionali di Francia, sono sommerso da scandalizzatissimi insulti di presunti amici. Come se non sapessero da sempre come la penso e la vivo.<\/p>\n<p><strong>Ho iniziato a muovere i primi passi in una casa, la nostra, dove sono nato e dove si respirava &#8211; e si respira ancora &#8211; aria pura e profumo di Mussolini.<\/strong> Ho imparato a leggere sui libri di Pino Rauti e Renzo de Felice. <strong>Pap\u00e0 mi ha spiegato cosa fosse la Destra e la sinistra, prima ancora che lo dovessi imparare per poter fare il Segno della Croce.<\/strong><\/p>\n<p><strong>Prima di andare al seggio, a diciotto anni, per\u00f2, ho voluto fare un giro di ricognizione anche a casa del nemico.<\/strong>\u00a0Cos\u00ec, per curiosit\u00e0. Non mi \u00e8 piaciuto nulla. Neanche il portaombrelli davanti al portone. Ho ringraziato, ho salutato, mi sono allontanato a gambe levate. <strong>Pap\u00e0 aveva ragione: noi nasciamo e moriamo &#8220;di Destra&#8221;.<\/strong><\/p>\n<p>Ho sempre e comunque rispettato tutti coloro i quali non la pensassero come me. E lo faccio ancora. <strong>Ho amici comunisti, atei, mass\u2026 No, massoni, no.<\/strong> A tanto fegato non ci sono arrivato. Ma non li denuncio alla santa inquisizione. <strong>Semplicemente, li evito. Come un dito in c..o<\/strong><\/p>\n<p><strong>Mi chiedo, per\u00f2, perch\u00e9 mai i miei &#8220;amici&#8221; diversi non rispettino me.<\/strong> Roberto mi scrive<em> &#8220;dovresti vergognarti di esultare per la vittoria delle Le Pen&#8221;.\u00a0<\/em>Antonio mi consiglia, pi\u00f9 o meno,\u00a0<em>&#8220;di curarmi&#8221;.\u00a0<\/em>Sempre Roberto mi mette in guardia dal pericolo di essere \u00a0internato in campo di concentramento in caso di vittoria similare in Italia. <strong>Domenico, invece, chiarisce che:<\/strong><\/p>\n<p><a href=\"https:\/\/blog.ilgiornale.it\/spirli\/files\/2015\/12\/Schermata-2015-12-09-alle-20.55.59.png\"><img loading=\"lazy\" class=\"alignnone size-full wp-image-4154\" src=\"https:\/\/blog.ilgiornale.it\/spirli\/files\/2015\/12\/Schermata-2015-12-09-alle-20.55.59.png\" alt=\"Schermata 2015-12-09 alle 20.55.59\" width=\"211\" height=\"270\" \/><\/a><\/p>\n<p>&nbsp;<\/p>\n<p>&nbsp;<\/p>\n<p>&nbsp;<\/p>\n<p>&nbsp;<\/p>\n<p>&nbsp;<\/p>\n<p>&nbsp;<\/p>\n<p>&nbsp;<\/p>\n<p>&nbsp;<\/p>\n<p>&nbsp;<\/p>\n<p><strong>Evviva!!! Froci e di Destra, dunque, si pu\u00f2! Allora non sono un alieno! Prendo coraggio e \u00a0ci aggiungo, Cristiano. Gi\u00e0! Cristiano, Omosessuale e di Destra.<\/strong>\u00a0Contrario ai matrimoni fra gente dello stesso sesso e alle adozioni di figli nati a pagamento da uteri in affitto. Sono ancora pi\u00f9 alieno? Bah! Io non credo.<strong>\u00a0<\/strong><\/p>\n<p><strong>Al limite, vivo nel Paese politicamente sbagliato. Nel senso che qui, in Italia, la Destra non ha ancora stravinto come nella Sorella Francia. Non il Centrodestra: la Destra! Quella Philippot, Briois, Delaume-Myard, Marine e Marion Le Pen\u2026\u00a0<\/strong><\/p>\n<p><a href=\"https:\/\/blog.ilgiornale.it\/spirli\/files\/2015\/12\/Marion-Marechal-Le-Pen-et-Marine-Le-Pen.jpg\"><img loading=\"lazy\" class=\"alignnone size-medium wp-image-4156\" src=\"https:\/\/blog.ilgiornale.it\/spirli\/files\/2015\/12\/Marion-Marechal-Le-Pen-et-Marine-Le-Pen-300x192.jpg\" alt=\"Marion-Marechal-Le-Pen-et-Marine-Le-Pen\" width=\"300\" height=\"192\" srcset=\"https:\/\/blog.ilgiornale.it\/spirli\/files\/2015\/12\/Marion-Marechal-Le-Pen-et-Marine-Le-Pen-300x192.jpg 300w, https:\/\/blog.ilgiornale.it\/spirli\/files\/2015\/12\/Marion-Marechal-Le-Pen-et-Marine-Le-Pen.jpg 1000w\" sizes=\"(max-width: 300px) 100vw, 300px\" \/><\/a><\/p>\n<p><strong>E vuol dire che da queste parti non siamo ancora con il fango al naso!<\/strong>\u00a0Non abbiamo ancora toccato l&#8217;abisso. Vuol dire che questo stagno di immoralit\u00e0 cattosinistrorsa ci piace e non ci affoga ancora. Che non siamo veramente incazzati\u2026 O affamati!<\/p>\n<p><strong>Pazientemente, attendo che questa farsa finisca. Ridacchiando amaro fra me e me, tristemente divertito dalla cazzonaggine umana che ancora cerca fascismi nelle diversit\u00e0\u2026<\/strong><\/p>\n<p>&nbsp;<\/p>\n<p>&nbsp;<\/p>\n<p><strong>\u00a0<\/strong><\/p>\n<p>&nbsp;<\/p>\n<p>&nbsp;<\/p>\n","protected":false},"excerpt":{"rendered":"<p><p>Gioved\u00ec 10 dicembre 2015 &#8211; Nostra Signora di Loreto &#8211; onomastico Loredana &#8211; a casa, a Taurianova (Eleonora e Loredana, fine Anni 50) Auguri a Te, Sorella mia, per il Tuo \u2026esimo onomastico\u2026 So che regalo pi\u00f9 bello non avresti potuto ricevere, che la vittoria del Front National di Marine Le Pen e Marion Mar\u00e9chal-Le Pen. Accomunati in questa ulteriore soddisfazione, Tu ed io, pensiamo a quanto ne sarebbe stato felice anche Nostro Padre\u2026 Detto questo, Loredana carissima, Ti confermo che la stupidit\u00e0 umana non ha limiti. Da tre giorni, e, cio\u00e8, da quando ho reso pubblico il giubilo personale [&hellip;]<\/p>\n&nbsp;&nbsp;<div class=\"readmore\"><a href=\"https:\/\/blog.ilgiornale.it\/spirli\/2015\/12\/09\/marine-le-pen-contento-e-crocifisso\/\">Continua a leggere...<\/a><\/div><\/p>","protected":false},"author":1022,"featured_media":0,"comment_status":"open","ping_status":"closed","sticky":false,"template":"","format":"standard","meta":[],"categories":[34304,64],"tags":[83692,83694,61515,9561,67648,83693],"_links":{"self":[{"href":"https:\/\/blog.ilgiornale.it\/spirli\/wp-json\/wp\/v2\/posts\/4150"}],"collection":[{"href":"https:\/\/blog.ilgiornale.it\/spirli\/wp-json\/wp\/v2\/posts"}],"about":[{"href":"https:\/\/blog.ilgiornale.it\/spirli\/wp-json\/wp\/v2\/types\/post"}],"author":[{"embeddable":true,"href":"https:\/\/blog.ilgiornale.it\/spirli\/wp-json\/wp\/v2\/users\/1022"}],"replies":[{"embeddable":true,"href":"https:\/\/blog.ilgiornale.it\/spirli\/wp-json\/wp\/v2\/comments?post=4150"}],"version-history":[{"count":8,"href":"https:\/\/blog.ilgiornale.it\/spirli\/wp-json\/wp\/v2\/posts\/4150\/revisions"}],"predecessor-version":[{"id":4161,"href":"https:\/\/blog.ilgiornale.it\/spirli\/wp-json\/wp\/v2\/posts\/4150\/revisions\/4161"}],"wp:attachment":[{"href":"https:\/\/blog.ilgiornale.it\/spirli\/wp-json\/wp\/v2\/media?parent=4150"}],"wp:term":[{"taxonomy":"category","embeddable":true,"href":"https:\/\/blog.ilgiornale.it\/spirli\/wp-json\/wp\/v2\/categories?post=4150"},{"taxonomy":"post_tag","embeddable":true,"href":"https:\/\/blog.ilgiornale.it\/spirli\/wp-json\/wp\/v2\/tags?post=4150"}],"curies":[{"name":"wp","href":"https:\/\/api.w.org\/{rel}","templated":true}]}}