{"id":4211,"date":"2016-01-06T12:56:03","date_gmt":"2016-01-06T10:56:03","guid":{"rendered":"https:\/\/blog.ilgiornale.it\/spirli\/?p=4211"},"modified":"2016-01-06T13:15:59","modified_gmt":"2016-01-06T11:15:59","slug":"stupratori-e-pirati-immigrati-ubriachi-e-violenti-padroni-delleuropa","status":"publish","type":"post","link":"https:\/\/blog.ilgiornale.it\/spirli\/2016\/01\/06\/stupratori-e-pirati-immigrati-ubriachi-e-violenti-padroni-delleuropa\/","title":{"rendered":"Stupratori e pirati. Immigrati ubriachi e violenti padroni dell&#8217;Europa"},"content":{"rendered":"<p><strong>Mercoled\u00ec 6 gennaio 2016 &#8211; Epifania di Nostro Signore Ges\u00f9 &#8211; a casa, a Taurianova<\/strong><\/p>\n<p><strong>Accoglienza o calci in culo fino alla prima tenda beduina? Io, nel debole dubbio, mi sono fatto portare dalla befana un paio di anfibi militari. Di quelli rinforzati.<\/strong><\/p>\n<p><a href=\"https:\/\/blog.ilgiornale.it\/spirli\/files\/2016\/01\/1442994701-immigrati-violenti2-300x225.jpg\"><img loading=\"lazy\" class=\"alignnone size-medium wp-image-4212\" src=\"https:\/\/blog.ilgiornale.it\/spirli\/files\/2016\/01\/1442994701-immigrati-violenti2-300x225-300x225.jpg\" alt=\"1442994701-immigrati-violenti2-300x225\" width=\"300\" height=\"225\" \/><\/a><\/p>\n<p><strong>Siamo all&#8217;abisso e ancora non ci basta. <\/strong>Hanno invaso tutta l&#8217;Europa con la faccia stanca e pietosa di chi sbarca dopo qualche ora di traversata, con i piedi gonfi di chi si incaponisce a marciare per giorni con lo zaino pieno di pretese. I pi\u00f9 cretini fra noi ci hanno creduto. I pi\u00f9 delinquenti fra noi ci hanno investito e guadagnato. Il progetto islamico &#8220;Prendiamoci l&#8217;Europa&#8221; \u00e8 riuscito alla grande. Ed ora siamo, noi europei, <strong>ospiti sgraditi<\/strong> in casa nostra.<\/p>\n<p><strong>Cose da non credere!\u00a0<\/strong><\/p>\n<p><strong>E, se provi a denunciare misfatti e reati commessi da questa accozzaglia di senzalegge, c&#8217;\u00e8 ancora chi, ipocritamente, ti appioppa un convinto &#8220;Razzista!&#8221; sul groppone. Posso dirlo francamente? Me ne fotto!<\/strong><\/p>\n<p><strong>Non mi accoder\u00f2 mai al gregge dei difensori ad ogni costo! <\/strong>Non far\u00f2 mai parte degli ospitanti felici! Non festegger\u00f2 n\u00e9 sbarchi, n\u00e9 cammini della speranza. Continuer\u00f2, invece, a urlare il mio sdegno per cotanta coglionaggine italica ed europea! Sono razzista per questo? Eh, beh! Pazienza. Se ne faccia una ragione il papa, il governo, il pidd\u00ec, tutto l&#8217;associazionismo di partito.<\/p>\n<p><a href=\"https:\/\/blog.ilgiornale.it\/spirli\/files\/2016\/01\/0.jpg\"><img loading=\"lazy\" class=\"alignnone size-medium wp-image-4216\" src=\"https:\/\/blog.ilgiornale.it\/spirli\/files\/2016\/01\/0-300x162.jpg\" alt=\"0\" width=\"300\" height=\"162\" srcset=\"https:\/\/blog.ilgiornale.it\/spirli\/files\/2016\/01\/0-300x162.jpg 300w, https:\/\/blog.ilgiornale.it\/spirli\/files\/2016\/01\/0.jpg 1000w\" sizes=\"(max-width: 300px) 100vw, 300px\" \/><\/a><\/p>\n<p><strong>Volete veramente aiutarli? Andate e bombardate seriamente ISIS e affini. <\/strong>Stanate i terroristi e ripulite africa e medioriente. Se ne avvantaggeranno loro e noi.<strong> E spenderemo meno noi.\u00a0<\/strong>Correndo meno rischi e subendo meno danni.<\/p>\n<p><strong>Sono anni che patiamo questa invasione.<\/strong> Li abbiamo accolti, vestiti, sfamati. Abbiamo dato loro casa, mentre i nostri dormono per strada. Ci hanno sbattuto in faccia la pretesa di imporre la loro legge nei nostri Paesi. Capre scannate in strada, mentre qui non si pu\u00f2 macellare se non cantando pure la ninna nanna al porco che dobbiamo mangiare. Donne coperte come poltrone al trasloco e massacrate di botte ad ogni pi\u00e8 sospinto, mentre le nostre hanno lottato per poter decidere di se stesse. Bambini allevati con pane e odio razziale, mentre ai nostri viene imposto di accogliere ad ogni costo chi li vorrebbe morti.<\/p>\n<p>Rifiutano il cibo che diamo loro quotidianamente e GRATUITAMENTE, distruggono i luoghi che consegniamo loro GRATUITAMENTE per vivere e &#8220;organizzarsi&#8221;, terrorizzano la nostra gente nei quartieri che occupano con la spavalderia violenta, brutale, sanguinaria che fu anche dei loro progenitori saraceni.<\/p>\n<p><strong>Insomma, tutto degenera da quando sono qui. Ma nessuno lo dice o, meglio, se qualcuno tenta di dirlo c&#8217;\u00e8 sempre uno stronzo che cerca di imbavagliarlo.<\/strong><\/p>\n<p><a href=\"https:\/\/blog.ilgiornale.it\/spirli\/files\/2016\/01\/11.jpg\"><img loading=\"lazy\" class=\"alignnone size-medium wp-image-4217\" src=\"https:\/\/blog.ilgiornale.it\/spirli\/files\/2016\/01\/11-300x190.jpg\" alt=\"11\" width=\"300\" height=\"190\" srcset=\"https:\/\/blog.ilgiornale.it\/spirli\/files\/2016\/01\/11-300x190.jpg 300w, https:\/\/blog.ilgiornale.it\/spirli\/files\/2016\/01\/11.jpg 512w\" sizes=\"(max-width: 300px) 100vw, 300px\" \/><\/a><\/p>\n<p><strong>Come succede, in queste ore, a Rosarno<\/strong>, <a href=\"https:\/\/www.ilgiornale.it\/news\/cronache\/pirata-strada-africano-investe-due-bimbi-e-fugge-1210334.html\">dove il pirata nero della strada, che investe due bambini di 3 e 5 anni e scappa, viene &#8220;tutelato&#8221; dal silenzio della stampa e di certo associazionismo.<\/a> &#8220;Per la pace sociale&#8221;, dicono. Risponderei &#8220;perch\u00e9 stanno per nascere nuovi centri d&#8217;accoglienza, paradiso del business intorno agli emigrati&#8221;. E diciamola tutta!<\/p>\n<p><strong>Non dobbiamo abbassare la guardia! Non dobbiamo permettere a nessuno di tapparci la bocca e levarci il sacrosanto diritto di denunciare! E ci mancherebbe altro. <\/strong>Faremmo il loro gioco e consegneremmo definitivamente la nostra terra a chi la pretende odiandola.<\/p>\n<p><a href=\"https:\/\/blog.ilgiornale.it\/spirli\/files\/2016\/01\/1.gif\"><img loading=\"lazy\" class=\"alignnone size-medium wp-image-4214\" src=\"https:\/\/blog.ilgiornale.it\/spirli\/files\/2016\/01\/1-300x225.gif\" alt=\"1\" width=\"300\" height=\"225\" \/><\/a><\/p>\n<p><strong>Provocatoriamente vorrei chiedere alla Boldrini e alle sue amiche di sinistra Sinistra se le donne violentate a Colonia e nelle altre citt\u00e0 della Germania non siano donne!<\/strong> O se dobbiamo considerarle bottino di guerra! <strong>Vorrei sapere dai preti accoglienti come troie di bordello<\/strong> (quando ne abbiano la nobile natura) se quegli islamici drogati e ubriachi (ma non era vietato l&#8217;alcool dal profeta?) siano da considerare fratelli. Perch\u00e9 io, di fratelli stupratori, non ne voglio. Cos\u00ec come non voglio fratelli pirati della strada. N\u00e8 colorati, n\u00e9 zingari, n\u00e9 bianchi.<\/p>\n<p><a href=\"https:\/\/blog.ilgiornale.it\/spirli\/files\/2016\/01\/01.jpg\"><img loading=\"lazy\" class=\"alignnone size-medium wp-image-4218\" src=\"https:\/\/blog.ilgiornale.it\/spirli\/files\/2016\/01\/01-300x166.jpg\" alt=\"01\" width=\"300\" height=\"166\" srcset=\"https:\/\/blog.ilgiornale.it\/spirli\/files\/2016\/01\/01-300x166.jpg 300w, https:\/\/blog.ilgiornale.it\/spirli\/files\/2016\/01\/01.jpg 662w\" sizes=\"(max-width: 300px) 100vw, 300px\" \/><\/a><\/p>\n<p><strong>Vorrei chiedere agli Italiani<\/strong> (o a ci\u00f2 che resta del mio amato Popolo dopo i colpi di Stato firmati massoneria e Colle) se non ne abbiano le palle piene e non sia venuto il momento di ribellarsi veramente. \u00a0<strong>Se non sia tempo, ora subito, di un nuovo 1789.\u00a0<\/strong><\/p>\n<p>&nbsp;<\/p>\n<p><strong>E cominciamo cos\u00ec il nuovo anno\u2026 Fra me e me\u2026<\/strong><\/p>\n<p>&nbsp;<\/p>\n<p>&nbsp;<\/p>\n<p>&nbsp;<\/p>\n","protected":false},"excerpt":{"rendered":"<p><p>Mercoled\u00ec 6 gennaio 2016 &#8211; Epifania di Nostro Signore Ges\u00f9 &#8211; a casa, a Taurianova Accoglienza o calci in culo fino alla prima tenda beduina? Io, nel debole dubbio, mi sono fatto portare dalla befana un paio di anfibi militari. Di quelli rinforzati. Siamo all&#8217;abisso e ancora non ci basta. Hanno invaso tutta l&#8217;Europa con la faccia stanca e pietosa di chi sbarca dopo qualche ora di traversata, con i piedi gonfi di chi si incaponisce a marciare per giorni con lo zaino pieno di pretese. I pi\u00f9 cretini fra noi ci hanno creduto. I pi\u00f9 delinquenti fra noi ci [&hellip;]<\/p>\n&nbsp;&nbsp;<div class=\"readmore\"><a href=\"https:\/\/blog.ilgiornale.it\/spirli\/2016\/01\/06\/stupratori-e-pirati-immigrati-ubriachi-e-violenti-padroni-delleuropa\/\">Continua a leggere...<\/a><\/div><\/p>","protected":false},"author":1022,"featured_media":0,"comment_status":"open","ping_status":"closed","sticky":false,"template":"","format":"standard","meta":[],"categories":[34304,34319],"tags":[83714,83715,29842,83712,78,83713],"_links":{"self":[{"href":"https:\/\/blog.ilgiornale.it\/spirli\/wp-json\/wp\/v2\/posts\/4211"}],"collection":[{"href":"https:\/\/blog.ilgiornale.it\/spirli\/wp-json\/wp\/v2\/posts"}],"about":[{"href":"https:\/\/blog.ilgiornale.it\/spirli\/wp-json\/wp\/v2\/types\/post"}],"author":[{"embeddable":true,"href":"https:\/\/blog.ilgiornale.it\/spirli\/wp-json\/wp\/v2\/users\/1022"}],"replies":[{"embeddable":true,"href":"https:\/\/blog.ilgiornale.it\/spirli\/wp-json\/wp\/v2\/comments?post=4211"}],"version-history":[{"count":5,"href":"https:\/\/blog.ilgiornale.it\/spirli\/wp-json\/wp\/v2\/posts\/4211\/revisions"}],"predecessor-version":[{"id":4221,"href":"https:\/\/blog.ilgiornale.it\/spirli\/wp-json\/wp\/v2\/posts\/4211\/revisions\/4221"}],"wp:attachment":[{"href":"https:\/\/blog.ilgiornale.it\/spirli\/wp-json\/wp\/v2\/media?parent=4211"}],"wp:term":[{"taxonomy":"category","embeddable":true,"href":"https:\/\/blog.ilgiornale.it\/spirli\/wp-json\/wp\/v2\/categories?post=4211"},{"taxonomy":"post_tag","embeddable":true,"href":"https:\/\/blog.ilgiornale.it\/spirli\/wp-json\/wp\/v2\/tags?post=4211"}],"curies":[{"name":"wp","href":"https:\/\/api.w.org\/{rel}","templated":true}]}}