{"id":4248,"date":"2016-01-18T23:07:15","date_gmt":"2016-01-18T21:07:15","guid":{"rendered":"https:\/\/blog.ilgiornale.it\/spirli\/?p=4248"},"modified":"2016-01-18T23:07:15","modified_gmt":"2016-01-18T21:07:15","slug":"madre-marina-dalla-pelle-di-fiaba","status":"publish","type":"post","link":"https:\/\/blog.ilgiornale.it\/spirli\/2016\/01\/18\/madre-marina-dalla-pelle-di-fiaba\/","title":{"rendered":"Madre Marina dalla pelle di fiaba."},"content":{"rendered":"<p><strong>Luned\u00ec 18 gennaio 2016 &#8211; Santa Liberata &#8211; a casa, a Taurianova<\/strong><\/p>\n<p><a href=\"https:\/\/blog.ilgiornale.it\/spirli\/files\/2016\/01\/M_MARINA.jpg\"><img loading=\"lazy\" class=\"alignnone size-medium wp-image-4249\" src=\"https:\/\/blog.ilgiornale.it\/spirli\/files\/2016\/01\/M_MARINA-300x300.jpg\" alt=\"M_MARINA\" width=\"300\" height=\"300\" srcset=\"https:\/\/blog.ilgiornale.it\/spirli\/files\/2016\/01\/M_MARINA-300x300.jpg 300w, https:\/\/blog.ilgiornale.it\/spirli\/files\/2016\/01\/M_MARINA-150x150.jpg 150w, https:\/\/blog.ilgiornale.it\/spirli\/files\/2016\/01\/M_MARINA.jpg 600w\" sizes=\"(max-width: 300px) 100vw, 300px\" \/><\/a><\/p>\n<p><strong>Esiste eccome! S\u00ec, Dio esiste.<\/strong> Ha tutti i nomi di sempre e tutti i volti di ieri, oggi e dei mille domani. Prova tutti i sentimenti e governa tutti gli orizzonti. Crea ogni movimento e accende tutte le luci. Anche la luminosa luce del buio.<\/p>\n<p><strong>Noi pretendiamo, miseramente, di non sentirne la Presenza che a nostro piacimento o necessit\u00e0.<\/strong> Arrogantemente, ma inutilmente, tentiamo di chiudere le porte alla Sua venuta; impossibile, peraltro, da arginare, essendo Lui padrone dell&#8217;Uno e dell&#8217;Ogni. Ci arrocchiamo, con ridicola presunzione, sulle nostre rigide pretese umane, negandoGli l&#8217;innegabile Essenza. Noi, testoni come ciuchini testoni.<\/p>\n<p><a href=\"https:\/\/blog.ilgiornale.it\/spirli\/files\/2016\/01\/Panaghia-Glycofilusa1.jpg\"><img loading=\"lazy\" class=\"alignnone size-medium wp-image-4271\" src=\"https:\/\/blog.ilgiornale.it\/spirli\/files\/2016\/01\/Panaghia-Glycofilusa1-225x300.jpg\" alt=\"Panaghia Glycofilusa\" width=\"225\" height=\"300\" srcset=\"https:\/\/blog.ilgiornale.it\/spirli\/files\/2016\/01\/Panaghia-Glycofilusa1-225x300.jpg 225w, https:\/\/blog.ilgiornale.it\/spirli\/files\/2016\/01\/Panaghia-Glycofilusa1.jpg 720w\" sizes=\"(max-width: 225px) 100vw, 225px\" \/><\/a><\/p>\n<p>Alcuni di noi Lo hanno visto, sentito, ascoltato e ospitato nelle proprie case. <strong>Una Lo ha, addirittura, partorito. Un altro lo ha messo in croce.\u00a0<\/strong>Da quella croce in avanti e fino a oggi, ci dobbiamo accontentare di farci sorprendere dal Suo riflesso in ogni Essere. Che sia di materia o di spirito. Questo o quel fiore, animale, cristallo o umano. Questo o quel pensiero, sogno, preghiera muta o musicata.<\/p>\n<p><strong>A volte L&#8217;ho percepito. Nella compagnia di mio Padre. L&#8217;odore di pace di mia Madre. L&#8217;amore circolare della mia Famiglia. Nell&#8217;arcobaleno degli Amici. In quei Segni che, nella storia che conosco, Dio mi ha voluto manifestare.<\/strong><\/p>\n<p><strong>Da mesi mi corteggia.<\/strong> Mi manda brezze amorose. Poi, svanisce. Mi rilasso. Si calma l&#8217;agitazione. Non ci penso. E torna. Come quell&#8217;amante che fugge per vincere, ma torna per godere della vittoria sul cuore di chi vuole per s\u00e9.<\/p>\n<p><strong>Fondamentalmente, sarei ateo<\/strong>. E, per questo, mi definisco eretico nel battesimo ricevuto. Perch\u00e9 la negazione, che non riesco a difendere pi\u00f9 di tanto, si sbriciola e si disintegra davanti alla magia del Natale e della Resurrezione dalla morte.<\/p>\n<p>Mi ero, dunque, appena rasserenato, tranquillizzato, dopo l&#8217;annuale emozione forte e sentita della notte della Nascita e mi ha smantellato ogni piccola dubbiosa certezza umana riacquistata. <strong>Mi sono ritrovato, tre giorni fa, accompagnato da Domenico, al secondo piano del monastero delle Suore Missionarie del Catechismo, ad Anoia, un piccolo paese della Piana di Gioia Tauro.<\/strong><\/p>\n<p><a href=\"https:\/\/blog.ilgiornale.it\/spirli\/files\/2016\/01\/servo_di_Dio.jpg\"><img loading=\"lazy\" class=\"alignnone size-medium wp-image-4265\" src=\"https:\/\/blog.ilgiornale.it\/spirli\/files\/2016\/01\/servo_di_Dio-300x225.jpg\" alt=\"servo_di_Dio\" width=\"300\" height=\"225\" srcset=\"https:\/\/blog.ilgiornale.it\/spirli\/files\/2016\/01\/servo_di_Dio-300x225.jpg 300w, https:\/\/blog.ilgiornale.it\/spirli\/files\/2016\/01\/servo_di_Dio.jpg 800w\" sizes=\"(max-width: 300px) 100vw, 300px\" \/><\/a><\/p>\n<p><strong>Dopo qualche minuto passato a pregare sulla tomba di Padre Vincenzo Id\u00e0<\/strong>, meraviglioso Santo in attesa di canonizzazione, <strong>fondatore dei Padri Missionari dell&#8217;Evangelizzazione e cofondatore delle Suore Missionarie del Catechismo<\/strong>, la porta dell&#8217;ascensore s&#8217;\u00e8 aperta e una monaca gentile e sorridente (crolla la mia cinquantennale avversione verso le &#8220;teste di pezza&#8221;) m&#8217;ha accompagnato, scivolando silenziosamente, passo dopo passo, per il lungo corridoio, fino alla cameretta dove vive una favola.<\/p>\n<p><strong>Cento anni di serenit\u00e0 personale e amore per Cristo. La pelle \u00e8 di fiaba:<\/strong> <strong>un rosa cos\u00ec candido, paradisiaco, esiste solo fra le pagine della favola pi\u00f9 bella. Lo sguardo mi ha mozzato il fiato: due occhi pieni di Misericordia, che vengono da lontano e guardano oltre l&#8217;Infinito. La voce\u2026<\/strong> <strong>Vedo Dio e taccio. Madre Marina Cond\u00f2.<\/strong><\/p>\n<p><a href=\"https:\/\/blog.ilgiornale.it\/spirli\/files\/2016\/01\/Madre-Pasqua.jpg\"><img loading=\"lazy\" class=\"alignnone size-medium wp-image-4261\" src=\"https:\/\/blog.ilgiornale.it\/spirli\/files\/2016\/01\/Madre-Pasqua-208x300.jpg\" alt=\"Madre Pasqua\" width=\"208\" height=\"300\" srcset=\"https:\/\/blog.ilgiornale.it\/spirli\/files\/2016\/01\/Madre-Pasqua-208x300.jpg 208w, https:\/\/blog.ilgiornale.it\/spirli\/files\/2016\/01\/Madre-Pasqua.jpg 347w\" sizes=\"(max-width: 208px) 100vw, 208px\" \/><\/a><\/p>\n<p><strong>Se la sorella, Madre Pasqua, cofondatrice dell&#8217;Ordine, \u00e8 in odore di santit\u00e0, Marina \u00e8 la prova che la Misericordia Divina prende corpo e fa miracoli.<\/strong><\/p>\n<p><strong>In me ha agito come mille cascate d&#8217;acquasanta. Come una marmellata di Vangeli.<\/strong> Mi ha riportato a quell&#8217;alba del 26 aprile del &#8217;99, in cui ho preso per mano mio Padre per accompagnarlo al cancello aperto del Mondo a Fianco. Ora, pi\u00f9 di sempre, so che \u00e8 in ottime mani. Quelle stesse mani sante che, tre giorni fa, si riscaldavano attorno al vetro di un bicchiere di tisana.<\/p>\n<p><strong>Torner\u00f2? E quando mai sono uscito da quella stanza?<\/strong> Anche ora che sono qui in compagnia della mia Mamma, tabernacolo di umana Divinit\u00e0, mi sembra di essere ancora immerso in quella fiaba.<\/p>\n<p><strong>S\u00ec. Dio esiste. E&#8217; anche femmina e monaca.<\/strong><\/p>\n<p><strong>Fra me e me. Ora s\u00ec, nell&#8217;anno della Misericordia.<\/strong><\/p>\n","protected":false},"excerpt":{"rendered":"<p><p>Luned\u00ec 18 gennaio 2016 &#8211; Santa Liberata &#8211; a casa, a Taurianova Esiste eccome! S\u00ec, Dio esiste. Ha tutti i nomi di sempre e tutti i volti di ieri, oggi e dei mille domani. Prova tutti i sentimenti e governa tutti gli orizzonti. Crea ogni movimento e accende tutte le luci. Anche la luminosa luce del buio. Noi pretendiamo, miseramente, di non sentirne la Presenza che a nostro piacimento o necessit\u00e0. Arrogantemente, ma inutilmente, tentiamo di chiudere le porte alla Sua venuta; impossibile, peraltro, da arginare, essendo Lui padrone dell&#8217;Uno e dell&#8217;Ogni. Ci arrocchiamo, con ridicola presunzione, sulle nostre rigide [&hellip;]<\/p>\n&nbsp;&nbsp;<div class=\"readmore\"><a href=\"https:\/\/blog.ilgiornale.it\/spirli\/2016\/01\/18\/madre-marina-dalla-pelle-di-fiaba\/\">Continua a leggere...<\/a><\/div><\/p>","protected":false},"author":1022,"featured_media":0,"comment_status":"open","ping_status":"closed","sticky":false,"template":"","format":"standard","meta":[],"categories":[34304],"tags":[83726,83725,83721,83722,83724,83723],"_links":{"self":[{"href":"https:\/\/blog.ilgiornale.it\/spirli\/wp-json\/wp\/v2\/posts\/4248"}],"collection":[{"href":"https:\/\/blog.ilgiornale.it\/spirli\/wp-json\/wp\/v2\/posts"}],"about":[{"href":"https:\/\/blog.ilgiornale.it\/spirli\/wp-json\/wp\/v2\/types\/post"}],"author":[{"embeddable":true,"href":"https:\/\/blog.ilgiornale.it\/spirli\/wp-json\/wp\/v2\/users\/1022"}],"replies":[{"embeddable":true,"href":"https:\/\/blog.ilgiornale.it\/spirli\/wp-json\/wp\/v2\/comments?post=4248"}],"version-history":[{"count":19,"href":"https:\/\/blog.ilgiornale.it\/spirli\/wp-json\/wp\/v2\/posts\/4248\/revisions"}],"predecessor-version":[{"id":4272,"href":"https:\/\/blog.ilgiornale.it\/spirli\/wp-json\/wp\/v2\/posts\/4248\/revisions\/4272"}],"wp:attachment":[{"href":"https:\/\/blog.ilgiornale.it\/spirli\/wp-json\/wp\/v2\/media?parent=4248"}],"wp:term":[{"taxonomy":"category","embeddable":true,"href":"https:\/\/blog.ilgiornale.it\/spirli\/wp-json\/wp\/v2\/categories?post=4248"},{"taxonomy":"post_tag","embeddable":true,"href":"https:\/\/blog.ilgiornale.it\/spirli\/wp-json\/wp\/v2\/tags?post=4248"}],"curies":[{"name":"wp","href":"https:\/\/api.w.org\/{rel}","templated":true}]}}