{"id":4274,"date":"2016-01-20T11:30:16","date_gmt":"2016-01-20T09:30:16","guid":{"rendered":"https:\/\/blog.ilgiornale.it\/spirli\/?p=4274"},"modified":"2016-01-20T11:30:16","modified_gmt":"2016-01-20T09:30:16","slug":"frocio-finocchio-uomo-offese-a-bordo-campo","status":"publish","type":"post","link":"https:\/\/blog.ilgiornale.it\/spirli\/2016\/01\/20\/frocio-finocchio-uomo-offese-a-bordo-campo\/","title":{"rendered":"Frocio! Finocchio! Uomo! Offese a bordo campo\u2026"},"content":{"rendered":"<p><strong>Mercoled\u00ec 20 gennaio 2016 &#8211; San Sebastiano martire &#8211; Redazione SUD, Area industriale Porto di Gioia Tauro<\/strong><\/p>\n<p><a href=\"https:\/\/blog.ilgiornale.it\/spirli\/files\/2016\/01\/111.jpg\"><img loading=\"lazy\" class=\"alignnone size-medium wp-image-4275\" src=\"https:\/\/blog.ilgiornale.it\/spirli\/files\/2016\/01\/111-215x300.jpg\" alt=\"111\" width=\"215\" height=\"300\" srcset=\"https:\/\/blog.ilgiornale.it\/spirli\/files\/2016\/01\/111-215x300.jpg 215w, https:\/\/blog.ilgiornale.it\/spirli\/files\/2016\/01\/111.jpg 680w\" sizes=\"(max-width: 215px) 100vw, 215px\" \/><\/a><\/p>\n<p><strong>Oggi si celebra la Grandezza di San Sebastiano, Patrono<\/strong> delle confraternite della Misericordia e degli Agenti, Comandanti, Ufficiali e Sottufficiali di Polizia Locale. <strong>Degli omosessuali<\/strong> (anche se santamadrechiesa fa finta di non sentire le preghiere dei &#8220;froci&#8221;, di cui, peraltro, \u00e8 infarcita a tutti i livelli. Dai seminaristi ai papi)<strong>.<\/strong><\/p>\n<p><strong>E proprio in questa santa giornata &#8220;ricchiona&#8221;<\/strong>, prendiamo atto dell&#8217;ennesimo attacco razzista su base &#8220;finocchia&#8221;. Due Mister, due Allenatori, <strong>Sarri e Mancini<\/strong>, due Educatori, <strong>due Maestri di Vita litigano<\/strong> per uno stupidissimo pallone <strong>e uno di loro, Sarri, per offendere l&#8217;altro, Mancini, gli spara alle spalle due proiettili vigliacchi &#8220;Frocio! Finocchio!&#8221; Cos\u00ec, d&#8217;embl\u00e9e! Con il preciso intento di deriderlo.<\/strong><\/p>\n<p><strong>E se anche lo fosse, dico io? Dove sarebbe lo scandalo, il peccato, il reato, l&#8217;orrore?<\/strong><\/p>\n<p><a href=\"https:\/\/blog.ilgiornale.it\/spirli\/files\/2016\/01\/Nino-e-Mamma-Concettina.jpg\"><img loading=\"lazy\" class=\"alignnone size-medium wp-image-4277\" src=\"https:\/\/blog.ilgiornale.it\/spirli\/files\/2016\/01\/Nino-e-Mamma-Concettina-300x200.jpg\" alt=\"Nino  e Mamma Concettina\" width=\"300\" height=\"200\" srcset=\"https:\/\/blog.ilgiornale.it\/spirli\/files\/2016\/01\/Nino-e-Mamma-Concettina-300x200.jpg 300w, https:\/\/blog.ilgiornale.it\/spirli\/files\/2016\/01\/Nino-e-Mamma-Concettina.jpg 960w\" sizes=\"(max-width: 300px) 100vw, 300px\" \/><\/a><\/p>\n<p><strong><a href=\"https:\/\/blog.ilgiornale.it\/spirli\/2015\/11\/10\/autogol-omofobo-della-squadra-di-nencini-mi-deride-pubblicamente-in-quanto-omosessuale\/\">Non \u00e8 lontano il giorno in cui anche io sono stato offeso pubblicamente proprio per la mia omosessualit\u00e0. <\/a>\u00a0<a href=\"https:\/\/blog.ilgiornale.it\/spirli\/2015\/11\/10\/autogol-omofobo-della-squadra-di-nencini-mi-deride-pubblicamente-in-quanto-omosessuale\/\">(clicca qui)<\/a>\u00a0<\/strong>Come ebbi a dire, a scrivere, in quell&#8217;occasione, l&#8217;attacco non mi ha minimamente scosso. Anzi, ci ho anche sorriso sulla scempiaggine di chi lo aveva macchinato.\u00a0<strong>Ma, essendo io persona conosciuta, ho ritenuto necessario denunciare, altrettanto pubblicamente, l&#8217;accaduto, proprio per dare un segno a chi, pi\u00f9 debole, di queste offese, spesso, ne muore. Suicida. <\/strong>Mi chiesi, allora, e mi chiedo, oggi, se avessi avuto il diritto di subire l&#8217;offesa in silenzio. E cosa avrebbe significato per il timido omosessuale fermo l\u00ec, in fondo alla piazza, vedere crocifiggere <strong>il temerario Nino Spirl\u00ec<\/strong> senza che lo stesso contrattaccasse con la sfrontatezza e il coraggio che tanto scoriandola ad ogni occasione. <strong>Dunque, lo feci. E ferii a mia volta. Giustamente.<\/strong><\/p>\n<p>Ieri come oggi. Dalla pubblica piazza, allo stadio.\u00a0<strong>Ad ogni pi\u00e8 sospinto, c&#8217;\u00e8 un cretino che scambia l&#8217;omosessualit\u00e0 per menomazione.<\/strong> Per handicap. \u00a0Sapendo che cos\u00ec non \u00e8, e, probabilmente, avendone paura. Forse, terrore della possibile propria. Ieri, una sconosciuta portavoce, oggi <strong>un illustre allenatore come<\/strong> <strong>Sarri<\/strong>, <strong>mister del (o della?) Napoli<\/strong>, che da del frocio a <strong>Mancini, allenatore dell&#8217;Inter<\/strong>.<\/p>\n<p>[youtube y8-Q52Q7SFc]<\/p>\n<p><strong>E s\u00ec che di tradizione omosessuale nella Capitale del Sud ce n&#8217;\u00e8 parecchia\u2026<\/strong> E non solo omosessuale, fra l&#8217;altro, ma multisessuale e multiaffettiva. Che vogliamo dire, per esempio, dei<strong> <em>femminielli<\/em><\/strong>? Sono celebrati per le vie di <strong>Napoli<\/strong> come <strong>Cristo all&#8217;altare.<\/strong>\u00a0E, loro s\u00ec, che vanno ben oltre l&#8217;<a href=\"https:\/\/it.wikipedia.org\/wiki\/Omosessualit\u00e0\">omosessualit\u00e0<\/a>!<\/p>\n<p>[youtube 8j5IGvKxFsU]<\/p>\n<p><strong>&#8220;Orgoglioso di essere frocio, se lui \u00e8 un uomo\u2026&#8221;<\/strong>\u00a0\u00e8, pi\u00f9 o meno la risposta di <strong>Mancini <\/strong>al suo offensore.<\/p>\n<p><strong>Sarri ribatte &#8220;Cose che succedono in campo e che l\u00ec dovrebbero restare\u2026&#8221;<\/strong><\/p>\n<p><strong>Alla luce dei fatti, mi chiedo cosa significhi veramente essere Uomo.<\/strong> Per alcuni, probabilmente, significa &#8220;ficcarsi&#8221; dentro una donna e &#8220;governarla&#8221; a suon di schiaffi o gioielli riparatori. Per altri, invece, significa rendere gloria a Dio e ringraziarlo del dono della vita. Altri ancora, senza affetti per il trascendente, vivono rispettosi della Legge e delle regole naturali. E, poi, non ultimi, ci sono coloro che vivono alla &#8220;<em>je m&#8217;en\u00a0fous&#8221;\u2026.\u00a0<\/em><\/p>\n<p><strong>Un ventaglio di varie umanit\u00e0 e disumanit\u00e0\u2026<\/strong><\/p>\n<p><strong>Fra me e me, sempre pi\u00f9 convinto che essere Uomo sia la cosa pi\u00f9 difficile<\/strong><b>\u2026<\/b><\/p>\n<p>&nbsp;<\/p>\n<p>&nbsp;<\/p>\n<p>&nbsp;<\/p>\n<p>&nbsp;<\/p>\n<p>&nbsp;<\/p>\n<p>&nbsp;<\/p>\n<p>&nbsp;<\/p>\n<p>&nbsp;<\/p>\n","protected":false},"excerpt":{"rendered":"<p><p>Mercoled\u00ec 20 gennaio 2016 &#8211; San Sebastiano martire &#8211; Redazione SUD, Area industriale Porto di Gioia Tauro Oggi si celebra la Grandezza di San Sebastiano, Patrono delle confraternite della Misericordia e degli Agenti, Comandanti, Ufficiali e Sottufficiali di Polizia Locale. Degli omosessuali (anche se santamadrechiesa fa finta di non sentire le preghiere dei &#8220;froci&#8221;, di cui, peraltro, \u00e8 infarcita a tutti i livelli. Dai seminaristi ai papi). E proprio in questa santa giornata &#8220;ricchiona&#8221;, prendiamo atto dell&#8217;ennesimo attacco razzista su base &#8220;finocchia&#8221;. Due Mister, due Allenatori, Sarri e Mancini, due Educatori, due Maestri di Vita litigano per uno stupidissimo pallone [&hellip;]<\/p>\n&nbsp;&nbsp;<div class=\"readmore\"><a href=\"https:\/\/blog.ilgiornale.it\/spirli\/2016\/01\/20\/frocio-finocchio-uomo-offese-a-bordo-campo\/\">Continua a leggere...<\/a><\/div><\/p>","protected":false},"author":1022,"featured_media":0,"comment_status":"open","ping_status":"closed","sticky":false,"template":"","format":"standard","meta":[],"categories":[34304,2543],"tags":[83730,66480,29931,8674,2752,11803,83727],"_links":{"self":[{"href":"https:\/\/blog.ilgiornale.it\/spirli\/wp-json\/wp\/v2\/posts\/4274"}],"collection":[{"href":"https:\/\/blog.ilgiornale.it\/spirli\/wp-json\/wp\/v2\/posts"}],"about":[{"href":"https:\/\/blog.ilgiornale.it\/spirli\/wp-json\/wp\/v2\/types\/post"}],"author":[{"embeddable":true,"href":"https:\/\/blog.ilgiornale.it\/spirli\/wp-json\/wp\/v2\/users\/1022"}],"replies":[{"embeddable":true,"href":"https:\/\/blog.ilgiornale.it\/spirli\/wp-json\/wp\/v2\/comments?post=4274"}],"version-history":[{"count":10,"href":"https:\/\/blog.ilgiornale.it\/spirli\/wp-json\/wp\/v2\/posts\/4274\/revisions"}],"predecessor-version":[{"id":4286,"href":"https:\/\/blog.ilgiornale.it\/spirli\/wp-json\/wp\/v2\/posts\/4274\/revisions\/4286"}],"wp:attachment":[{"href":"https:\/\/blog.ilgiornale.it\/spirli\/wp-json\/wp\/v2\/media?parent=4274"}],"wp:term":[{"taxonomy":"category","embeddable":true,"href":"https:\/\/blog.ilgiornale.it\/spirli\/wp-json\/wp\/v2\/categories?post=4274"},{"taxonomy":"post_tag","embeddable":true,"href":"https:\/\/blog.ilgiornale.it\/spirli\/wp-json\/wp\/v2\/tags?post=4274"}],"curies":[{"name":"wp","href":"https:\/\/api.w.org\/{rel}","templated":true}]}}