{"id":4287,"date":"2016-01-23T21:33:40","date_gmt":"2016-01-23T19:33:40","guid":{"rendered":"https:\/\/blog.ilgiornale.it\/spirli\/?p=4287"},"modified":"2016-01-23T21:33:40","modified_gmt":"2016-01-23T19:33:40","slug":"io-omosessuale-sereno-grazie-a-mamma-e-papa","status":"publish","type":"post","link":"https:\/\/blog.ilgiornale.it\/spirli\/2016\/01\/23\/io-omosessuale-sereno-grazie-a-mamma-e-papa\/","title":{"rendered":"Io, omosessuale sereno. Grazie a Mamma e Pap\u00e0."},"content":{"rendered":"<p><strong>Sabato 23 gennaio 2016 &#8211; Santa Emerenziana &#8211; a casa, a Taurianova<\/strong><\/p>\n<p><a href=\"https:\/\/blog.ilgiornale.it\/spirli\/files\/2016\/01\/IL-VENTAGLIO.jpg\"><img loading=\"lazy\" class=\"alignnone size-medium wp-image-4288\" src=\"https:\/\/blog.ilgiornale.it\/spirli\/files\/2016\/01\/IL-VENTAGLIO-300x197.jpg\" alt=\"IL VENTAGLIO\" width=\"300\" height=\"197\" srcset=\"https:\/\/blog.ilgiornale.it\/spirli\/files\/2016\/01\/IL-VENTAGLIO-300x197.jpg 300w, https:\/\/blog.ilgiornale.it\/spirli\/files\/2016\/01\/IL-VENTAGLIO.jpg 604w\" sizes=\"(max-width: 300px) 100vw, 300px\" \/><\/a><\/p>\n<p><strong>Li ho talmente voluti, un Padre e una Madre, che mi sono incarnato in un essere umano, per averli<\/strong>. E li ho scelti dal Cielo, i miei Genitori, <strong>Mimmo e Concettina: proprio loro due<\/strong>. Un uomo di cultura e ingegno e una donna di talento e concretezza. Entrambi di una dolcezza ed umanit\u00e0 che, a pareggiarli, si sarebbe di miele. Anima libera, comoda nella comoda\u00a0<a href=\"https:\/\/it.wikipedia.org\/wiki\/\u0100k\u0101\u015ba\">Akasha<\/a>, ho scelto le catene della vita pur di appartenere a questa meravigliosa <strong>Famiglia.<\/strong><\/p>\n<p><a href=\"https:\/\/blog.ilgiornale.it\/spirli\/files\/2016\/01\/Famiglia-Spirl\u00ec.jpg\"><img loading=\"lazy\" class=\"alignnone size-medium wp-image-4290\" src=\"https:\/\/blog.ilgiornale.it\/spirli\/files\/2016\/01\/Famiglia-Spirl\u00ec-300x208.jpg\" alt=\"Famiglia Spirl\u00ec\" width=\"300\" height=\"208\" srcset=\"https:\/\/blog.ilgiornale.it\/spirli\/files\/2016\/01\/Famiglia-Spirl\u00ec-300x208.jpg 300w, https:\/\/blog.ilgiornale.it\/spirli\/files\/2016\/01\/Famiglia-Spirl\u00ec-1024x711.jpg 1024w, https:\/\/blog.ilgiornale.it\/spirli\/files\/2016\/01\/Famiglia-Spirl\u00ec.jpg 2000w\" sizes=\"(max-width: 300px) 100vw, 300px\" \/><\/a>(Photo Alain Fonteray &#8211; 1992)<\/p>\n<p><strong>Spirl\u00ec, per parte di Padre. Amuso, come mia Madre.<\/strong> Non so quanto durer\u00e0 questo mio passaggio terreno, n\u00e9 come sar\u00e0, ma sono cos\u00ec felice, che anche l&#8217;eventuale sofferenza mi sembrer\u00e0 una carezza, immerso come sono in questo gel buono che \u00e8 &#8220;l&#8217;aria di questa casa mia&#8221;.<\/p>\n<p><strong>Leggo e sento di famiglie alternative,<\/strong> famiglie moderne, reali, lgbti, civili, omogenitoriali, eterogenitoriali corrette alla sambuca, al latte, al cacao, con zucchero di canna, vaniglia, zenzero e cannella, con svirgolatura a destra o sbieco a sinistra. Una sorta di polverizzazione dell&#8217;ultima certezza che ci rimaneva, prima dell&#8217;individualismo spinto. Una porcheria pari alla liberalizzazione delle droghe, leggere, medie e pesanti. <strong>Un attacco kamikaze al cuore dell&#8217;Umanit\u00e0, perpetrato dai peggiori nemici dell&#8217;onesta e della legalit\u00e0: i cretini.<\/strong><\/p>\n<p><strong>Cretini di ogni appartenenza.<\/strong> Politica, sociale, religiosa. Cretini che si travestono da omosessuali, ma, prima di tutto, sono cretini. Cretini che si mascherano da amici degli omosessuali, ma che sono, prima di tutto, cretini. Cretini che seminano dubbio, incertezza, squilibrio. Cretini che disegnano il futuro dell&#8217;uomo con lapis fino e sbiadito gi\u00e0 mentre cammina sul foglio della vita.<\/p>\n<p><a href=\"https:\/\/blog.ilgiornale.it\/spirli\/files\/2016\/01\/145048109-5e8e1ca9-2383-45fd-b471-576b2a54a414.jpg\"><img loading=\"lazy\" class=\"alignnone size-medium wp-image-4291\" src=\"https:\/\/blog.ilgiornale.it\/spirli\/files\/2016\/01\/145048109-5e8e1ca9-2383-45fd-b471-576b2a54a414-300x169.jpg\" alt=\"145048109-5e8e1ca9-2383-45fd-b471-576b2a54a414\" width=\"300\" height=\"169\" srcset=\"https:\/\/blog.ilgiornale.it\/spirli\/files\/2016\/01\/145048109-5e8e1ca9-2383-45fd-b471-576b2a54a414-300x169.jpg 300w, https:\/\/blog.ilgiornale.it\/spirli\/files\/2016\/01\/145048109-5e8e1ca9-2383-45fd-b471-576b2a54a414.jpg 560w\" sizes=\"(max-width: 300px) 100vw, 300px\" \/><\/a><\/p>\n<p><strong>Cretini (e cretine).<\/strong><\/p>\n<p><strong>Padri (e madri), s\u00ec, ma di ogni malafede,<\/strong> conscia e inconscia. La seconda, peggiore della prima. Sciocchi che tentano di convincere i saggi che &#8220;\u00e8 meglio&#8221;. Cosa sia &#8220;meglio&#8221; non si sa, ma loro sanno che &#8220;\u00e8 meglio&#8221;. Almeno per loro. Un po&#8217; come l&#8217;eroina negli anni settanta. O la coca in discoteca.<\/p>\n<p><strong>Meglio, per esempio, avere due padri o due madri in giro per casa, con una sciagurata e anonima madre naturale \u00a0che si \u00e8 fatta nido per necessit\u00e0 o avidit\u00e0?<\/strong>\u00a0Chiss\u00e0 in quale angolo sperduto e affamato del pianeta\u2026 Meglio, secondo l&#8217;esercito dei cretini, dover difendere, magari a tre, quattro, cinque anni, le scelte di adulti scriteriati che, pur di imporre le proprie (dis)umane necessit\u00e0, sacrificano la serenit\u00e0 di piccoli esseri da proteggere e non da mandare in prima linea?<\/p>\n<p><strong>La famiglia \u00e8 Famiglia.<\/strong> Ed ogni omosessuale ne ha una. Con un Padre e una Madre. Buoni o meno che siano. Belli o no, dentro e fuori. Gli piaccia o no. <strong>Non si pu\u00f2 negare che la Famiglia sia quella.<\/strong> N\u00e9 sperare di proporne una &#8220;fatta meglio&#8221; secondo le proprie esigenze, voglie o convinzioni del momento. Tutto il resto \u00e8 fuffa da politicanti, o, peggio, da associazionismo ipocrita e, spesso, appunto, cretino.<\/p>\n<p>E non saranno piazze riempite <em>ad hoc<\/em> di militanti, o serate in discoteche pi\u00f9 o meno scollacciate, a convincerci a rinunciare al Primo (e spesso Unico) Bene che ci regala la Vita alla nascita. <strong>Ai dimostranti vessilliferi senza cervello, rispondiamo con millenni di Cultura, Sapere, Arte e Umanit\u00e0.<\/strong><\/p>\n<p><strong>#altrochesvegliatitalia #AmolamiaFamiglia<\/strong><\/p>\n<p><strong>Fra me e me, in ricordo di Mimmo, Padre meraviglioso. E ringraziando Concettina, Madre eccellente.<\/strong><\/p>\n<p><strong><a href=\"https:\/\/blog.ilgiornale.it\/spirli\/files\/2016\/01\/mani.jpg\"><img loading=\"lazy\" class=\"alignnone size-medium wp-image-4295\" src=\"https:\/\/blog.ilgiornale.it\/spirli\/files\/2016\/01\/mani-300x300.jpg\" alt=\"mani\" width=\"300\" height=\"300\" srcset=\"https:\/\/blog.ilgiornale.it\/spirli\/files\/2016\/01\/mani-300x300.jpg 300w, https:\/\/blog.ilgiornale.it\/spirli\/files\/2016\/01\/mani-150x150.jpg 150w, https:\/\/blog.ilgiornale.it\/spirli\/files\/2016\/01\/mani.jpg 669w\" sizes=\"(max-width: 300px) 100vw, 300px\" \/><\/a><\/strong><\/p>\n<p>&nbsp;<\/p>\n<p>&nbsp;<\/p>\n","protected":false},"excerpt":{"rendered":"<p><p>Sabato 23 gennaio 2016 &#8211; Santa Emerenziana &#8211; a casa, a Taurianova Li ho talmente voluti, un Padre e una Madre, che mi sono incarnato in un essere umano, per averli. E li ho scelti dal Cielo, i miei Genitori, Mimmo e Concettina: proprio loro due. Un uomo di cultura e ingegno e una donna di talento e concretezza. Entrambi di una dolcezza ed umanit\u00e0 che, a pareggiarli, si sarebbe di miele. Anima libera, comoda nella comoda\u00a0Akasha, ho scelto le catene della vita pur di appartenere a questa meravigliosa Famiglia. (Photo Alain Fonteray &#8211; 1992) Spirl\u00ec, per parte di Padre. [&hellip;]<\/p>\n&nbsp;&nbsp;<div class=\"readmore\"><a href=\"https:\/\/blog.ilgiornale.it\/spirli\/2016\/01\/23\/io-omosessuale-sereno-grazie-a-mamma-e-papa\/\">Continua a leggere...<\/a><\/div><\/p>","protected":false},"author":1022,"featured_media":0,"comment_status":"open","ping_status":"closed","sticky":false,"template":"","format":"standard","meta":[],"categories":[34304,34319],"tags":[83735,83734,83733,238,34376,83732],"_links":{"self":[{"href":"https:\/\/blog.ilgiornale.it\/spirli\/wp-json\/wp\/v2\/posts\/4287"}],"collection":[{"href":"https:\/\/blog.ilgiornale.it\/spirli\/wp-json\/wp\/v2\/posts"}],"about":[{"href":"https:\/\/blog.ilgiornale.it\/spirli\/wp-json\/wp\/v2\/types\/post"}],"author":[{"embeddable":true,"href":"https:\/\/blog.ilgiornale.it\/spirli\/wp-json\/wp\/v2\/users\/1022"}],"replies":[{"embeddable":true,"href":"https:\/\/blog.ilgiornale.it\/spirli\/wp-json\/wp\/v2\/comments?post=4287"}],"version-history":[{"count":6,"href":"https:\/\/blog.ilgiornale.it\/spirli\/wp-json\/wp\/v2\/posts\/4287\/revisions"}],"predecessor-version":[{"id":4297,"href":"https:\/\/blog.ilgiornale.it\/spirli\/wp-json\/wp\/v2\/posts\/4287\/revisions\/4297"}],"wp:attachment":[{"href":"https:\/\/blog.ilgiornale.it\/spirli\/wp-json\/wp\/v2\/media?parent=4287"}],"wp:term":[{"taxonomy":"category","embeddable":true,"href":"https:\/\/blog.ilgiornale.it\/spirli\/wp-json\/wp\/v2\/categories?post=4287"},{"taxonomy":"post_tag","embeddable":true,"href":"https:\/\/blog.ilgiornale.it\/spirli\/wp-json\/wp\/v2\/tags?post=4287"}],"curies":[{"name":"wp","href":"https:\/\/api.w.org\/{rel}","templated":true}]}}