{"id":4429,"date":"2016-03-12T20:17:47","date_gmt":"2016-03-12T18:17:47","guid":{"rendered":"https:\/\/blog.ilgiornale.it\/spirli\/?p=4429"},"modified":"2016-03-12T20:17:47","modified_gmt":"2016-03-12T18:17:47","slug":"matteo-vs-matteo-sud-uno-a-zero-per-salvini","status":"publish","type":"post","link":"https:\/\/blog.ilgiornale.it\/spirli\/2016\/03\/12\/matteo-vs-matteo-sud-uno-a-zero-per-salvini\/","title":{"rendered":"Matteo v\/s Matteo. SUD, uno a zero per Salvini"},"content":{"rendered":"<p><strong>Sabato 12 marzo 2016 &#8211; San Massimiliano &#8211; a casa, a Taurianova<\/strong><\/p>\n<p><a href=\"https:\/\/blog.ilgiornale.it\/spirli\/files\/2016\/03\/15.jpg\"><img loading=\"lazy\" class=\"alignnone size-medium wp-image-4434\" src=\"https:\/\/blog.ilgiornale.it\/spirli\/files\/2016\/03\/15-300x134.jpg\" alt=\"1\" width=\"300\" height=\"134\" srcset=\"https:\/\/blog.ilgiornale.it\/spirli\/files\/2016\/03\/15-300x134.jpg 300w, https:\/\/blog.ilgiornale.it\/spirli\/files\/2016\/03\/15.jpg 604w\" sizes=\"(max-width: 300px) 100vw, 300px\" \/><\/a><\/p>\n<p><strong>E blablabl\u00e0 e blablablabl\u00e0, bla e riblablablabl\u00e0. Blabl\u00e0 Salernoreggiocalabria blablabl\u00e0. Rinascita blabl\u00e0 dell&#8217;Acalabria blabl\u00e0, il Sud primo pensiero bla bla e blablablabl\u00e0. 22 dicembre blablabl\u00e0 e blabl\u00e0 inauguriamo bla. Firmato Matteo Renzi.<\/strong><\/p>\n<p><strong>Poi, scorta<\/strong>, riscorta, cordone di sicurezza, tramezzini, cincin, galleria tappezzata e imputtanata di tappetoni rossi e poltroncine, auto blindata, ririscorta armata, aereo e <strong>salutamassoreta.<\/strong><\/p>\n<p><strong>Cronaca di un blabl\u00e0 del solito stornellatore fiorentino globe-trotter.<\/strong> Stavolta, &#8220;sceso in magnamagnagrecia&#8221; a riprendere per i fondelli i calabri appecorati allo sceicco rosso dal cranio implume, che, di rosso, ormai, ha giusto la parte pi\u00f9 centrale delle terga. La sua presunta amminestrazione, ormai abbondantemente scolorita dopo le forzate dimissioni degli eletti e la loro sostituzione coi &#8220;professori&#8221; esterni, somiglia, infatti, pi\u00f9 al grande immoto silenzio notturno dei freddi conventi medievali che a ci\u00f2 di cui questa &#8220;estrema regione meridionale&#8221; avrebbe avuto bisogno: un governo snello, agile, propositivo, risolutivo. Cazzuto, insomma. <strong>Alla Salvini, per intenderci.<\/strong> Con una buona dose di sangue nuovo. Leghista, magari; ch\u00e9 quelli, di cui tanto parliamo male, le aziende, in tempo di crisi, se le sono sapute difendere, eccome. E anche l&#8217;economia locale.<\/p>\n<p><a href=\"https:\/\/blog.ilgiornale.it\/spirli\/files\/2016\/03\/16.jpg\"><img loading=\"lazy\" class=\"alignnone size-medium wp-image-4436\" src=\"https:\/\/blog.ilgiornale.it\/spirli\/files\/2016\/03\/16-300x247.jpg\" alt=\"1\" width=\"300\" height=\"247\" srcset=\"https:\/\/blog.ilgiornale.it\/spirli\/files\/2016\/03\/16-300x247.jpg 300w, https:\/\/blog.ilgiornale.it\/spirli\/files\/2016\/03\/16.jpg 450w\" sizes=\"(max-width: 300px) 100vw, 300px\" \/><\/a><\/p>\n<p><strong>Il pinocchietto filocinopratese,<\/strong> invece, \u00e8 calato morbido fino a Mormanno, ha rotto l&#8217;imene all&#8217;ultima galleria della gi\u00e0 obsoleta Salerno-Reggio Calabria e <strong>s&#8217;\u00e8 dato, senza voler incontrare i lavoratori di Vibo Valentia che non portano pane a casa da mesi.<\/strong> Tanto, volendo, al bar dell&#8217;autogrill di Tarsia, dove sono stati bloccati dalle forze dell&#8217;ordine, &#8220;potrebbero sempre trovare delle brioches!&#8221;<\/p>\n<p><strong>Del resto &#8211; avr\u00e0 pensato &#8211; quanto rompono i coglioni questi italiani senza salario e senza pensione!<\/strong> Invece di lamentarsi e manifestare disturbando i fotografi e i cinereporter di regime, potrebbero andare ad occupare i territori lasciati liberi in Mali, Senegal, Costa d&#8217;Avorio, Congo, Siria, Burkina Faso, Tunisia, Marocco, Libia, Curdistan, Somalia dai nostri fratelli immigrati al sicuro dei nostri alberghi a 4 stelle\u2026 Eh, no! L\u00ec non ci vogliono andare, &#8216;sti choosys! Abituati troppo bene dai governi di Destra, che hanno garantito loro perfino lo stipendio a fine mese e anche, udite udite, l&#8217;acquisto della casa! Meno male che Napolitano e soci ci hanno pensato in tempo, \u00a0a comprare virtuali cucchiarelle di legno e a dar loro una bella lezione. Monti, Letta e Renzi! \u00a0E a letto senza casa!<\/p>\n<p><strong>Mentre il ciarlone postdantesco volava via dalla Calabria,<\/strong> come una cicogna appena alleggerita dell&#8217;infante consegnato a destinazione, l&#8217;altro Matteo, <strong>il temerario Salvini, sbarcava in Trinacria.<\/strong> Due o tre fischi &#8211; forse di treno di passaggio o di vigile urbano al crocevia &#8211; per un&#8217;accoglienza fraterna.<strong> &#8220;Te l&#8217;aspettavi, Matteo, una Sicilia sorella?&#8221;<\/strong> sembravano dirgli gli occhi speranzosi dei coltivatori diretti etnei.<\/p>\n<p><a href=\"https:\/\/blog.ilgiornale.it\/spirli\/files\/2016\/03\/1913730_1536502156646054_2534554108277693903_n.jpg\"><img loading=\"lazy\" class=\"alignnone size-medium wp-image-4437\" src=\"https:\/\/blog.ilgiornale.it\/spirli\/files\/2016\/03\/1913730_1536502156646054_2534554108277693903_n-300x169.jpg\" alt=\"1913730_1536502156646054_2534554108277693903_n\" width=\"300\" height=\"169\" srcset=\"https:\/\/blog.ilgiornale.it\/spirli\/files\/2016\/03\/1913730_1536502156646054_2534554108277693903_n-300x169.jpg 300w, https:\/\/blog.ilgiornale.it\/spirli\/files\/2016\/03\/1913730_1536502156646054_2534554108277693903_n.jpg 960w\" sizes=\"(max-width: 300px) 100vw, 300px\" \/><\/a><\/p>\n<p><strong>Forse la sperava, il furbacchione, ma non proprio cos\u00ec calorosa.<\/strong><\/p>\n<p><strong>C&#8217;ero anche io, a Grammichele.<\/strong> Ho visto, sentito, registrato e fotografato. E c&#8217;erano i miei a Vittoria. <strong>Matteo Salvini, l&#8217;impossibile per il Sud, del Sud \u00e8 diventato bandiera e paladino.<\/strong> Che piaccia o no. Concreto, come la terra e la fatica dell&#8217;uomo. E presente, come il cielo e il mare. Non promette, ma sprona a fare. Non dispensa chimere. &#8220;Aprite gli occhi e le orecchie. Non vi fate prendere in giro\u2026 Se non mollate, non mollo. Se vi piaccio, ci sono. Altrimenti, scegliete chi vi aggrada. Ma non lamentatevi, poi\u2026&#8221;<\/p>\n<p><strong>Altri due fischi e un &#8220;bufone&#8221;<\/strong>: il tizio, per\u00f2, non era di Grammichele. <strong>Importiamo contestatori dall&#8217;accento esotico.<\/strong> Forse, non gli erano piaciuti i rigatoni al sugo o la cotoletta impanata: dovremmo migliorare, probabilmente, gli aiuti umanitari dei centri d&#8217;accoglienza, per non deluderli all&#8217;arrivo. Un po&#8217; come stiamo facendo con le mense scolastiche, nelle quali, per far sentire a casa i mocciosetti venuti da fuori, facciamo sentire in perenne viaggio all&#8217;estero i nostri bambini. Couscous a fottere e non un chicco di pastina al formaggino, manco per sbaglio! Vergogna italica. Mentre i nostri muoiono di fame e dormono sotto i cartoni, derisi dagli stranieri che gli pisciano addosso.<\/p>\n<p><a href=\"https:\/\/blog.ilgiornale.it\/spirli\/files\/2016\/03\/17.jpg\"><img loading=\"lazy\" class=\"alignnone size-medium wp-image-4438\" src=\"https:\/\/blog.ilgiornale.it\/spirli\/files\/2016\/03\/17-300x125.jpg\" alt=\"1\" width=\"300\" height=\"125\" srcset=\"https:\/\/blog.ilgiornale.it\/spirli\/files\/2016\/03\/17-300x125.jpg 300w, https:\/\/blog.ilgiornale.it\/spirli\/files\/2016\/03\/17-1024x425.jpg 1024w, https:\/\/blog.ilgiornale.it\/spirli\/files\/2016\/03\/17.jpg 1200w\" sizes=\"(max-width: 300px) 100vw, 300px\" \/><\/a><\/p>\n<p><strong>I rossi le chiamano vittorie democratiche. Qualcuno si adegua. Abbassa la testa e magna &#8220;er pappone&#8221;. Noi, no! Salvini, no!<\/strong>\u00a0Lui non ci sta a trasformare l&#8217;Italia in Italistan. Anzi! <strong>E, per questo, conquista territorio. E popolo.<\/strong> Perch\u00e9 gli Italiani veri, quelli che al proprio Paese, alle proprie radici, tradizioni ci tengono, lo scelgono. E lo accolgono come fratello.<\/p>\n<p><strong>Finiti i tempi dell&#8217;Onorevole a cui mostrare le stesse vacche, trasportate a razzo da un pascolo all&#8217;altro.<\/strong> Oggi, l&#8217;Italia vera, quella che si fa il mazzo, cerca risposte, non raccomandazioni. E pretende Leggi. Dure, magari. E fatte <em>cum grano salis<\/em>. Niente figli del tubo di vetro, n\u00e9 matrimoni alla cicoria, per promessi sposi arcobaleno, ma riconoscimento dei diritti civili per tutti. Uomini e donne. Non importa con chi abitino, chi accarezzino, chi amino.\u00a0E leggi per la tutela del lavoratore. Per ridare dignit\u00e0 alle vittime della ministra ipocritamente piagnona. Leggi per difendere i confini nazionali. La sicurezza domestica. Il prodotto italiano. L&#8217;arte e la cultura\u2026 La storia e il futuro sereno del Paese pi\u00f9 &#8220;in gamba&#8221; del mondo, che quattro sciacquatrippe stanno svendendo alla peggiore massoneria e mafia mai censite sulla faccia della Terra.<\/p>\n<p><strong>Di questo, noi del SUD, parliamo\u00a0con\u00a0Matteo. Quello giusto.<\/strong><\/p>\n<p><strong>S\u00ec, Uno a zero.<\/strong> Fra me e me.<\/p>\n<p>&nbsp;<\/p>\n<p>&nbsp;<\/p>\n","protected":false},"excerpt":{"rendered":"<p><p>Sabato 12 marzo 2016 &#8211; San Massimiliano &#8211; a casa, a Taurianova E blablabl\u00e0 e blablablabl\u00e0, bla e riblablablabl\u00e0. Blabl\u00e0 Salernoreggiocalabria blablabl\u00e0. Rinascita blabl\u00e0 dell&#8217;Acalabria blabl\u00e0, il Sud primo pensiero bla bla e blablablabl\u00e0. 22 dicembre blablabl\u00e0 e blabl\u00e0 inauguriamo bla. Firmato Matteo Renzi. Poi, scorta, riscorta, cordone di sicurezza, tramezzini, cincin, galleria tappezzata e imputtanata di tappetoni rossi e poltroncine, auto blindata, ririscorta armata, aereo e salutamassoreta. Cronaca di un blabl\u00e0 del solito stornellatore fiorentino globe-trotter. Stavolta, &#8220;sceso in magnamagnagrecia&#8221; a riprendere per i fondelli i calabri appecorati allo sceicco rosso dal cranio implume, che, di rosso, ormai, ha [&hellip;]<\/p>\n&nbsp;&nbsp;<div class=\"readmore\"><a href=\"https:\/\/blog.ilgiornale.it\/spirli\/2016\/03\/12\/matteo-vs-matteo-sud-uno-a-zero-per-salvini\/\">Continua a leggere...<\/a><\/div><\/p>","protected":false},"author":1022,"featured_media":0,"comment_status":"open","ping_status":"closed","sticky":false,"template":"","format":"standard","meta":[],"categories":[34304,34319,64],"tags":[83772,78,5709,17143,17889,43250],"_links":{"self":[{"href":"https:\/\/blog.ilgiornale.it\/spirli\/wp-json\/wp\/v2\/posts\/4429"}],"collection":[{"href":"https:\/\/blog.ilgiornale.it\/spirli\/wp-json\/wp\/v2\/posts"}],"about":[{"href":"https:\/\/blog.ilgiornale.it\/spirli\/wp-json\/wp\/v2\/types\/post"}],"author":[{"embeddable":true,"href":"https:\/\/blog.ilgiornale.it\/spirli\/wp-json\/wp\/v2\/users\/1022"}],"replies":[{"embeddable":true,"href":"https:\/\/blog.ilgiornale.it\/spirli\/wp-json\/wp\/v2\/comments?post=4429"}],"version-history":[{"count":11,"href":"https:\/\/blog.ilgiornale.it\/spirli\/wp-json\/wp\/v2\/posts\/4429\/revisions"}],"predecessor-version":[{"id":4444,"href":"https:\/\/blog.ilgiornale.it\/spirli\/wp-json\/wp\/v2\/posts\/4429\/revisions\/4444"}],"wp:attachment":[{"href":"https:\/\/blog.ilgiornale.it\/spirli\/wp-json\/wp\/v2\/media?parent=4429"}],"wp:term":[{"taxonomy":"category","embeddable":true,"href":"https:\/\/blog.ilgiornale.it\/spirli\/wp-json\/wp\/v2\/categories?post=4429"},{"taxonomy":"post_tag","embeddable":true,"href":"https:\/\/blog.ilgiornale.it\/spirli\/wp-json\/wp\/v2\/tags?post=4429"}],"curies":[{"name":"wp","href":"https:\/\/api.w.org\/{rel}","templated":true}]}}