{"id":458,"date":"2013-09-17T14:26:48","date_gmt":"2013-09-17T12:26:48","guid":{"rendered":"https:\/\/blog.ilgiornale.it\/spirli\/?p=458"},"modified":"2013-09-17T14:41:27","modified_gmt":"2013-09-17T12:41:27","slug":"integralismo-ricchione-lavevo-detto","status":"publish","type":"post","link":"https:\/\/blog.ilgiornale.it\/spirli\/2013\/09\/17\/integralismo-ricchione-lavevo-detto\/","title":{"rendered":"Integralismo ricchione. L&#8217;avevo detto."},"content":{"rendered":"<p>Marted\u00ec 17 settembre 2013 &#8211; San Roberto &#8211; Taurianova<\/p>\n<p><a href=\"https:\/\/blog.ilgiornale.it\/spirli\/files\/2013\/09\/disco-inferno-title.jpg\"><img loading=\"lazy\" class=\"alignnone size-medium wp-image-463\" src=\"https:\/\/blog.ilgiornale.it\/spirli\/files\/2013\/09\/disco-inferno-title-300x159.jpg\" alt=\"\" width=\"300\" height=\"159\" srcset=\"https:\/\/blog.ilgiornale.it\/spirli\/files\/2013\/09\/disco-inferno-title-300x159.jpg 300w, https:\/\/blog.ilgiornale.it\/spirli\/files\/2013\/09\/disco-inferno-title.jpg 400w\" sizes=\"(max-width: 300px) 100vw, 300px\" \/><\/a><\/p>\n<p>Ditemi che non \u00e8 vero. Che \u00e8 tutta una bufala. Ditemi che non pu\u00f2 essere accaduto e mi rimangio tutto quello che, da anni, vado predicando.<strong> Vox clamantis in deserto. <\/strong>E, invece, temo, nessuno potr\u00e0 negare. Il paradosso \u00e8 accaduto eccome!<\/p>\n<p><strong>&#8220;Ciao, siamo in tre!&#8221; &#8220;Ma siete eteroooo???? Nonn\u00f2, non si pu\u00f2. Imbarchiamo solo finocchie!&#8221; Ma io sono gay!&#8221; &#8220;E lll\u00f2\u00f2\u00f2rooo??? Amm\u00e8 sembrano eteri. Non posso farvi entrare: dentro ce ne sono gi\u00e0 tanti. Se volete entrare, dovete, almeno, limonare un po&#8217;&#8230;&#8221;<\/strong> Se anche le parole non saranno state queste, precise precise, le intenzioni, sembra, quelle erano. Sbarrare l&#8217;ingresso della discoteca gay ai non addetti \u00a0ai languori. E Genova ha mostrato una faccia del cristallo che nessuno pensava potesse esistere. Quella del razzismo ghei. Scusate, ma <strong>LO AVEVO DETTO<\/strong>. Lo sentivo dentro che saremmo arrivati a tanto. <strong>Quando si superano i limiti, arrivano i razzismi periferici.<\/strong> Quelli dei cretini. Quelli, per\u00f2, che fanno pi\u00f9 male, perch\u00e9 arrivano in faccia ai semplici. Se un razzista attacca me, che ho le spalle larghe, poco ottiene. Al limite, una sonora risposta dalle pagine di un giornale. Ma se un cretino razzista, che si sente autorizzato da queste scriteriate campagne incoraggianti ed incoraggiate, offende o maltratta un ragazzino o una ragazzina in fase di timido coming out, allora la famosa frittata \u00e8 fatta!<a href=\"https:\/\/blog.ilgiornale.it\/spirli\/files\/2013\/09\/disco.jpg\"><img loading=\"lazy\" class=\"alignnone size-medium wp-image-465\" src=\"https:\/\/blog.ilgiornale.it\/spirli\/files\/2013\/09\/disco-300x158.jpg\" alt=\"\" width=\"300\" height=\"158\" srcset=\"https:\/\/blog.ilgiornale.it\/spirli\/files\/2013\/09\/disco-300x158.jpg 300w, https:\/\/blog.ilgiornale.it\/spirli\/files\/2013\/09\/disco.jpg 510w\" sizes=\"(max-width: 300px) 100vw, 300px\" \/><\/a><\/p>\n<p>E, ancora, <strong>chi autorizza un buttafuori a negare il diritto ad una persona, etero o gay, alta o bassa, grassa o magra, di entrare in un locale aperto al pubblico???<\/strong> Chi si pu\u00f2 permettere l&#8217;ardire di imporre &#8220;una limonata garantista&#8221; a due perfetti estranei? Ma stiamo veramente fuori come gerani alla finestra? Qualche decennio fa, mentre lavoravo in teatro a Parigi, ricevetti la visita di alcuni amici italiani. Fra loro, Alba e Cecino, moglie e marito. Dopo la cena da Bofinger, frutti di mare e Chateau, mi chiesero di andare in un qualche locale per divertirci insieme. Chiesi ad amici parigini e mi indicarono LE BOY, in rue Caumartin, a tre fiati dall&#8217;Opera Garnier.<a href=\"https:\/\/blog.ilgiornale.it\/spirli\/files\/2013\/09\/boy1.jpg\"><img loading=\"lazy\" class=\"alignnone size-medium wp-image-464\" src=\"https:\/\/blog.ilgiornale.it\/spirli\/files\/2013\/09\/boy1-300x201.jpg\" alt=\"\" width=\"300\" height=\"201\" srcset=\"https:\/\/blog.ilgiornale.it\/spirli\/files\/2013\/09\/boy1-300x201.jpg 300w, https:\/\/blog.ilgiornale.it\/spirli\/files\/2013\/09\/boy1.jpg 600w\" sizes=\"(max-width: 300px) 100vw, 300px\" \/><\/a><\/p>\n<p>Ci andammo. Ci presentammo alla porta e, delusione, un addetto alla porta mi schiacci\u00f2 sul naso un NON! VOUS N&#8217;ETEZ PAS GAY! che mi offese terribilmente! Io? Non sono gay? Io sono ricchionissimo, gli risposi, mentre Alba e Cecino ridevano come matti &#8220;Vedi che te lo dicono anche a Parigi? Convincitene, che non sei frocio!&#8221; Fortunatamente per me, avevano torto. Negli anni, da omosessuale convinto, incontrai anche l&#8217;Amore. Ma non tergiversiamo. L&#8217;episodio di Genova mi ha subito riportato alla memoria quella notte nella Ville Lumiere. <strong>E anche lo stato di frustrazione che proviamo, da omosessuali non mascherati, a farci riconoscere, prima, e accettare, poi, proprio dai froci come noi.<\/strong> <strong>Non ci vogliono.<a href=\"https:\/\/blog.ilgiornale.it\/spirli\/files\/2013\/09\/discoser.jpg\"><img loading=\"lazy\" class=\"alignnone size-full wp-image-466\" src=\"https:\/\/blog.ilgiornale.it\/spirli\/files\/2013\/09\/discoser.jpg\" alt=\"\" width=\"280\" height=\"210\" \/><\/a><\/strong><\/p>\n<p><strong> Proprio come non vogliono il ricchione credente, cattolico e, magari, pure di Destra. O, comunque, non di sinistra. Perch\u00e9 noi saremmo finti, mentre loro hanno il marchio DOC.<\/strong> Il certificato di garanzia. E sono violenti, sapete? E razzisti! Attaccano! Sui social, sul web, sulla carta, durante gli incontri. Con discorsi, frasi, parole avvelenate con la punta delle unghie finte. Io ci sono abituato e me ne strafotto. Non \u00e8 certo l&#8217;ipocrita amicizia interessata dei pochi cretini a sbarrare la strada ai sentimenti profondi dei tanti che capiscono. Preferisco il Meglio. Da sempre. Ma&#8230; La discoteca parigina e quella genovese sono segnali. Forti e chiari.<strong> Il razzismo delle vittime \u00e8 pari, se non peggiore, a quello dei carnefici.<\/strong> E nessuno mi toglie dalla testa che tutto questo livore sia figlio di un tiro alla fune che sta svilendo gli uni e incattivendo gli altri. <strong>A tirarla troppo, questa corda, si spezzer\u00e0. A danno di tutti. Perch\u00e9 tutti stiamo diventando antipatici a tutti. Da una parte e dall&#8217;altra.<\/strong> Vedi un po&#8217;&#8230;<\/p>\n<p>&#8230; fra me e me. Davanti alla discoteca. Chiusa.<\/p>\n","protected":false},"excerpt":{"rendered":"<p><p>Marted\u00ec 17 settembre 2013 &#8211; San Roberto &#8211; Taurianova Ditemi che non \u00e8 vero. Che \u00e8 tutta una bufala. Ditemi che non pu\u00f2 essere accaduto e mi rimangio tutto quello che, da anni, vado predicando. Vox clamantis in deserto. E, invece, temo, nessuno potr\u00e0 negare. Il paradosso \u00e8 accaduto eccome! &#8220;Ciao, siamo in tre!&#8221; &#8220;Ma siete eteroooo???? Nonn\u00f2, non si pu\u00f2. Imbarchiamo solo finocchie!&#8221; Ma io sono gay!&#8221; &#8220;E lll\u00f2\u00f2\u00f2rooo??? Amm\u00e8 sembrano eteri. Non posso farvi entrare: dentro ce ne sono gi\u00e0 tanti. Se volete entrare, dovete, almeno, limonare un po&#8217;&#8230;&#8221; Se anche le parole non saranno state queste, precise [&hellip;]<\/p>\n&nbsp;&nbsp;<div class=\"readmore\"><a href=\"https:\/\/blog.ilgiornale.it\/spirli\/2013\/09\/17\/integralismo-ricchione-lavevo-detto\/\">Continua a leggere...<\/a><\/div><\/p>","protected":false},"author":1022,"featured_media":0,"comment_status":"open","ping_status":"closed","sticky":false,"template":"","format":"standard","meta":[],"categories":[34304],"tags":[34503,18784,2754,34504,34502,34505],"_links":{"self":[{"href":"https:\/\/blog.ilgiornale.it\/spirli\/wp-json\/wp\/v2\/posts\/458"}],"collection":[{"href":"https:\/\/blog.ilgiornale.it\/spirli\/wp-json\/wp\/v2\/posts"}],"about":[{"href":"https:\/\/blog.ilgiornale.it\/spirli\/wp-json\/wp\/v2\/types\/post"}],"author":[{"embeddable":true,"href":"https:\/\/blog.ilgiornale.it\/spirli\/wp-json\/wp\/v2\/users\/1022"}],"replies":[{"embeddable":true,"href":"https:\/\/blog.ilgiornale.it\/spirli\/wp-json\/wp\/v2\/comments?post=458"}],"version-history":[{"count":11,"href":"https:\/\/blog.ilgiornale.it\/spirli\/wp-json\/wp\/v2\/posts\/458\/revisions"}],"predecessor-version":[{"id":472,"href":"https:\/\/blog.ilgiornale.it\/spirli\/wp-json\/wp\/v2\/posts\/458\/revisions\/472"}],"wp:attachment":[{"href":"https:\/\/blog.ilgiornale.it\/spirli\/wp-json\/wp\/v2\/media?parent=458"}],"wp:term":[{"taxonomy":"category","embeddable":true,"href":"https:\/\/blog.ilgiornale.it\/spirli\/wp-json\/wp\/v2\/categories?post=458"},{"taxonomy":"post_tag","embeddable":true,"href":"https:\/\/blog.ilgiornale.it\/spirli\/wp-json\/wp\/v2\/tags?post=458"}],"curies":[{"name":"wp","href":"https:\/\/api.w.org\/{rel}","templated":true}]}}