{"id":4656,"date":"2016-05-23T16:26:41","date_gmt":"2016-05-23T14:26:41","guid":{"rendered":"https:\/\/blog.ilgiornale.it\/spirli\/?p=4656"},"modified":"2016-05-23T16:26:41","modified_gmt":"2016-05-23T14:26:41","slug":"vescovo-al-muro","status":"publish","type":"post","link":"https:\/\/blog.ilgiornale.it\/spirli\/2016\/05\/23\/vescovo-al-muro\/","title":{"rendered":"Vescovo al muro"},"content":{"rendered":"<p><strong>Luned\u00ec 23 maggio 2016 &#8211; San Desiderio di Langres, vescovo &#8211; <a href=\"http:\/\/www.sud656.tv\">Redazione SUD, Calabria<\/a><\/strong><\/p>\n<p><a href=\"https:\/\/blog.ilgiornale.it\/spirli\/files\/2016\/05\/111.jpg\"><img loading=\"lazy\" class=\"alignnone size-medium wp-image-4657\" src=\"https:\/\/blog.ilgiornale.it\/spirli\/files\/2016\/05\/111-224x300.jpg\" alt=\"11\" width=\"224\" height=\"300\" srcset=\"https:\/\/blog.ilgiornale.it\/spirli\/files\/2016\/05\/111-224x300.jpg 224w, https:\/\/blog.ilgiornale.it\/spirli\/files\/2016\/05\/111-763x1024.jpg 763w, https:\/\/blog.ilgiornale.it\/spirli\/files\/2016\/05\/111.jpg 954w\" sizes=\"(max-width: 224px) 100vw, 224px\" \/><\/a><\/p>\n<p><strong>Mai santo del giorno fu pi\u00f9 azzeccato del vescovo Desiderio<\/strong> di Langres, in queste ore in cui l&#8217;unico &#8220;desiderio&#8221; di un altro vescovo, <strong>Francesco Milito<\/strong>, titolare della curia di Oppido Mamertina &#8211; Palmi (quella, per essere chiari, del sacro inchino al boss e della pseudoveggente che parlerebbe con la Vergine Maria a giorni prestabiliti pi\u00f9 di un ciclo mestruale) sarebbe quello di essere dimenticato dai Media e dai Social. Ora che la sua immagine \u00e8 apparsa, nottetempo, su tutti i muri della diocesi.<\/p>\n<p><a href=\"https:\/\/blog.ilgiornale.it\/spirli\/files\/2016\/05\/151.jpg\"><img loading=\"lazy\" class=\"alignnone size-medium wp-image-4665\" src=\"https:\/\/blog.ilgiornale.it\/spirli\/files\/2016\/05\/151-300x200.jpg\" alt=\"15\" width=\"300\" height=\"200\" srcset=\"https:\/\/blog.ilgiornale.it\/spirli\/files\/2016\/05\/151-300x200.jpg 300w, https:\/\/blog.ilgiornale.it\/spirli\/files\/2016\/05\/151.jpg 960w\" sizes=\"(max-width: 300px) 100vw, 300px\" \/><\/a><\/p>\n<p>&nbsp;<\/p>\n<p><strong>Vattene! Gli intima la mano senza nome che ha stilato il manifesto.<\/strong> Una mano che, a dirla tutta, sembra pi\u00f9 interna alle incensate sale che esterna alle mille porte sante aperte generosamente dal prelato nelle chiese del suo pascolo in quest&#8217;anno giubilare della Misericordia.<\/p>\n<p><strong>Il manifesto &#8211; <\/strong>scritto da qualche affielato chierico amanuense?<strong> &#8211; \u00a0gli rimprovera un comportamento poco chiaro su pi\u00f9 vicende, tutte tristissime e poco cristiane, in verit\u00e0.<\/strong> A partire dal parroco di uno dei paesini della diocesi, che &#8220;consigli\u00f2&#8221; ad una povera minorenne costantemente violentata di non denunciare i propri aguzzini, fino ad arrivare al suo &#8220;collega&#8221;, titolare di un&#8217;altra parrocchia della stessa curia, che pagava i minorenni per farci sesso. Ma non mancano riferimenti ad un ipotetico atteggiamento <em>sui generis <\/em>del monsignore in molte altre arcane storie avvenute nella Casa di Dio edificata con fatica in questa Piana attonita che va dall&#8217;Aspromonte alle rive del Tirreno.<\/p>\n<p><strong>Una cosa \u00e8 certa: alcune intercettazioni \u00a0di conversazioni telefoniche fra Milito e quel prete pedofilo sono, perlomeno, imbarazzanti.<\/strong> <a href=\"https:\/\/www.ilgiornale.it\/news\/cronache\/prete-pedofilo-vescovo-ha-coperto-non-parlare-coi-carabinier-1206338.html\">&#8220;Non parlare coi Carabinieri\u2026&#8221;<\/a> dice, chiaramente, il prelato al prete sporcaccione. Ma la frittata era gi\u00e0 stata fatta. E, a presentarla a tavola con un ottimo contorno, ci stava pensando proprio lui con i suoi consigli telefonici.<\/p>\n<p><a href=\"https:\/\/blog.ilgiornale.it\/spirli\/files\/2016\/05\/121.jpg\"><img loading=\"lazy\" class=\"alignnone size-medium wp-image-4664\" src=\"https:\/\/blog.ilgiornale.it\/spirli\/files\/2016\/05\/121-200x300.jpg\" alt=\"12\" width=\"200\" height=\"300\" srcset=\"https:\/\/blog.ilgiornale.it\/spirli\/files\/2016\/05\/121-200x300.jpg 200w, https:\/\/blog.ilgiornale.it\/spirli\/files\/2016\/05\/121.jpg 640w\" sizes=\"(max-width: 200px) 100vw, 200px\" \/><\/a><\/p>\n<p><strong>A detta del manifesto senza firma, sembra che Milito stia personalizzando abbondantemente il\u00a0proprio\u00a0mandato pastorale.<\/strong> Anche con presunti sciali ingiustificabili. Sar\u00e0 il suo gusto estetico ratzingeriano a farlo sembrare uno sprecone? Non sarebbe il primo, n\u00e9, purtroppo, l&#8217;ultimo dei rappresentanti di Dio in Terra (anzi, in terra) a godersi qualche brill\u00eco di gemma e un morbido fruscio di sete. Di mio, ricordo un suo dorato piviale damascato, riccamente bordato e ricamato, tanto ampio da coprire anche la larga balaustrata di un altrettanto doratissimo inginocchiatoio. Roba da papa Borgia de noantri\u2026<\/p>\n<p>Anche se, a dirla tutta, incontrandolo in pi\u00f9 occasioni, mi era sembrato pure il male minore in una Chiesa tumorata pi\u00f9 che timorata. <strong>Uno spiritoso paraculo &#8211; mi si passi ironicamente il termine &#8211; che cerca di scansare casini per non danneggiare la propria avanzata verso la porpora romana.<\/strong><\/p>\n<p><a href=\"https:\/\/blog.ilgiornale.it\/spirli\/files\/2016\/05\/141.jpg\"><img loading=\"lazy\" class=\"alignnone size-medium wp-image-4666\" src=\"https:\/\/blog.ilgiornale.it\/spirli\/files\/2016\/05\/141-300x225.jpg\" alt=\"14\" width=\"300\" height=\"225\" srcset=\"https:\/\/blog.ilgiornale.it\/spirli\/files\/2016\/05\/141-300x225.jpg 300w, https:\/\/blog.ilgiornale.it\/spirli\/files\/2016\/05\/141.jpg 960w\" sizes=\"(max-width: 300px) 100vw, 300px\" \/><\/a><\/p>\n<p><strong>Una porpora che si sta scolorendo sempre pi\u00f9.<\/strong> Grazie al candeggio continuo. O per colpa delle brutte correnti \u00a0d&#8217;aria che si incuneano fra le statue e i lini, nei silenziosi corridoi dei sacri &#8211; si fa per dire &#8211; palazzi.<\/p>\n<p><strong>A pensar male\u2026<\/strong><\/p>\n<p>Fra me e me<\/p>\n<p>&nbsp;<\/p>\n<p>&nbsp;<\/p>\n<p>&nbsp;<\/p>\n<p>&nbsp;<\/p>\n","protected":false},"excerpt":{"rendered":"<p><p>Luned\u00ec 23 maggio 2016 &#8211; San Desiderio di Langres, vescovo &#8211; Redazione SUD, Calabria Mai santo del giorno fu pi\u00f9 azzeccato del vescovo Desiderio di Langres, in queste ore in cui l&#8217;unico &#8220;desiderio&#8221; di un altro vescovo, Francesco Milito, titolare della curia di Oppido Mamertina &#8211; Palmi (quella, per essere chiari, del sacro inchino al boss e della pseudoveggente che parlerebbe con la Vergine Maria a giorni prestabiliti pi\u00f9 di un ciclo mestruale) sarebbe quello di essere dimenticato dai Media e dai Social. Ora che la sua immagine \u00e8 apparsa, nottetempo, su tutti i muri della diocesi. &nbsp; Vattene! Gli [&hellip;]<\/p>\n&nbsp;&nbsp;<div class=\"readmore\"><a href=\"https:\/\/blog.ilgiornale.it\/spirli\/2016\/05\/23\/vescovo-al-muro\/\">Continua a leggere...<\/a><\/div><\/p>","protected":false},"author":1022,"featured_media":0,"comment_status":"open","ping_status":"closed","sticky":false,"template":"","format":"standard","meta":[],"categories":[34304],"tags":[83701,83818,29273,83821,83819],"_links":{"self":[{"href":"https:\/\/blog.ilgiornale.it\/spirli\/wp-json\/wp\/v2\/posts\/4656"}],"collection":[{"href":"https:\/\/blog.ilgiornale.it\/spirli\/wp-json\/wp\/v2\/posts"}],"about":[{"href":"https:\/\/blog.ilgiornale.it\/spirli\/wp-json\/wp\/v2\/types\/post"}],"author":[{"embeddable":true,"href":"https:\/\/blog.ilgiornale.it\/spirli\/wp-json\/wp\/v2\/users\/1022"}],"replies":[{"embeddable":true,"href":"https:\/\/blog.ilgiornale.it\/spirli\/wp-json\/wp\/v2\/comments?post=4656"}],"version-history":[{"count":8,"href":"https:\/\/blog.ilgiornale.it\/spirli\/wp-json\/wp\/v2\/posts\/4656\/revisions"}],"predecessor-version":[{"id":4668,"href":"https:\/\/blog.ilgiornale.it\/spirli\/wp-json\/wp\/v2\/posts\/4656\/revisions\/4668"}],"wp:attachment":[{"href":"https:\/\/blog.ilgiornale.it\/spirli\/wp-json\/wp\/v2\/media?parent=4656"}],"wp:term":[{"taxonomy":"category","embeddable":true,"href":"https:\/\/blog.ilgiornale.it\/spirli\/wp-json\/wp\/v2\/categories?post=4656"},{"taxonomy":"post_tag","embeddable":true,"href":"https:\/\/blog.ilgiornale.it\/spirli\/wp-json\/wp\/v2\/tags?post=4656"}],"curies":[{"name":"wp","href":"https:\/\/api.w.org\/{rel}","templated":true}]}}