{"id":4670,"date":"2016-05-26T10:35:46","date_gmt":"2016-05-26T08:35:46","guid":{"rendered":"https:\/\/blog.ilgiornale.it\/spirli\/?p=4670"},"modified":"2016-05-26T10:35:46","modified_gmt":"2016-05-26T08:35:46","slug":"tenerezzastocazzo","status":"publish","type":"post","link":"https:\/\/blog.ilgiornale.it\/spirli\/2016\/05\/26\/tenerezzastocazzo\/","title":{"rendered":"#Tenerezzastocazzo!"},"content":{"rendered":"<p><strong>Gioved\u00ec 26 maggio 2016 &#8211; senza Santi in paradiso &#8211;<\/strong> <a href=\"http:\/\/www.sud656.tv\">Redazione Sud, Calabria<\/a><\/p>\n<p><a href=\"https:\/\/blog.ilgiornale.it\/spirli\/files\/2016\/05\/1tommy.jpg\"><img loading=\"lazy\" class=\"alignnone size-medium wp-image-4673\" src=\"https:\/\/blog.ilgiornale.it\/spirli\/files\/2016\/05\/1tommy-300x200.jpg\" alt=\"1tommy\" width=\"300\" height=\"200\" srcset=\"https:\/\/blog.ilgiornale.it\/spirli\/files\/2016\/05\/1tommy-300x200.jpg 300w, https:\/\/blog.ilgiornale.it\/spirli\/files\/2016\/05\/1tommy-1024x684.jpg 1024w, https:\/\/blog.ilgiornale.it\/spirli\/files\/2016\/05\/1tommy.jpg 1600w\" sizes=\"(max-width: 300px) 100vw, 300px\" \/><\/a><\/p>\n<p>E di cosa mai dovremmo scandalizzarci? <strong>Questo mondaccio schifoso si \u00e8 talmente involgarito, \u00e8 talmente maleducato, talmente abbandonato a se stesso, che, ormai, non proviamo pi\u00f9 vergogna di niente.<\/strong> Siamo in mano agli ignoranti. Scolarizzati di bassa lega, figli di quegli insegnanti del sei politico, del 18 politico, che qualcuno avrebbe dovuto bloccare a cannonate, invece di sdoganarlo. Capre sessantottine senza cultura. Senza stile. Sciatti nella persona e nell\u2019anima, se mai ne avessero una. Tamarri della lingua italiana e dello stile che il mondo ci invidiava. Quelli, per intenderci, che usano \u201cpiuttosto che\u201d come congiunzione. Orrori umani e sociali senza freno, senza ritegno.<\/p>\n<p><strong>Ovunque andiamo, siamo circondati.<\/strong> Dal mercato rionale, dove, se non ti va di acquistare le schifezze di serra dai \u201cpakitaliani\u201d, la frutta te la tirano dietro con i vaffanculo, fino alla chiesa, dove, dall\u2019ambone, insulsi preti senza vocazione n\u00e9 rigoroso contegno parlano della Parola distrattamente e col cellulare in mano. Affondati in scarpe di coccodrillo e ingioiellati come madonne tzigane in processione.<\/p>\n<p><strong>Non trovi quasi pi\u00f9 un \u201cbuon avvocato\u201d un \u201cbravo medico\u201d un \u201cmaestro giudizioso\u201d.<\/strong><\/p>\n<p><strong>A scuola, gli \u201ceducatori\u201d picchiano i bambini. Li seviziano.<\/strong> O, nel migliore dei casi, li lasciano parcheggiati nella pi\u00f9 immonda delle ignoranze. <strong>In ospedale, spesso, molto spesso, medici e para maltrattano i malati. Li abbandonano sulle barelle, li strattonano dandogli quel \u201ctu\u201d che non \u00e8 confidenziale, ma carnefice.<\/strong> Non li curano e, quando va male, li ammazzano e fanno sparire le prove. <strong>Nelle case di riposo, i neonazisti in camice bianco sperimentano sugli anziani il finevita pi\u00f9 immondo che si sia mai potuto immaginare. Fra mart\u00ecri e torture, i nonni d\u2019Italia crepano a schiaffi e calci.<\/strong><\/p>\n<p>Ma la maleducazione non si ferma neanche davanti alle sofferenze pi\u00f9 \u201cdelicate\u201d.<\/p>\n<p>Non ci bastava la cafonaggine dei programmi dedicati ai morti ammazzati, di cui si fa scempio ogni pomeriggio, ogni sera, ogni notte, nelle zotiche tivv\u00f9 italiane. <strong>Ora siamo passati allo scoutismo pi\u00f9 becero e testadicazzo: la responsabile del casting della prossima \u201cfatica\u201d Rai di Francesca Archibugi, Romanzo famigliare, con un annuncio pubblico, cercava:<\/strong><\/p>\n<p><strong>\u201c\u2026 un ragazzo di 15\/18 anni di origine araba, una ragazza di 15\/18 anni di origine araba, una ragazza di 15\/18 anni di origine slava, una ragazza di 15\/18 anni di robusta costituzione, una ragazza di 25\/30 anni di origine slava con neonato e che allatti ancora, minori di 4, 8 e 12 anni, uomini e donne tra i 4 e i 70 anni con accento livornese; un ragazzo di 15\/18 anni nano o con altra disabilit\u00e0 che faccia tenerezza\u201d.<\/strong><\/p>\n<p>Se commento ancora, mi arrestano!!!<\/p>\n<p>Perch\u00e9 non trovo giustificazione alcuna che possa far perdonare una tale stalinata da gulag siberiano!<\/p>\n<p>In molti hanno risposto con la stessa violenza all\u2019annuncio diramato dalla societ\u00e0 che si occupa del reclutamento del cast da corte dei miracoli necessario per chiss\u00e0 quale opera d\u2019arte che la Archibugi vuole mandare in onda. Un padre, invece, ha preferito protestare in maniera pi\u00f9 incisiva. Con coraggioso garbo.<\/p>\n<p>[youtube VkpN10YBmng]<\/p>\n<p><strong>Ora finir\u00e0 tutto all\u2019italiana. La responsabile della gaffe sar\u00e0 mandata a casa, ma i veri colpevoli, quelli che le hanno chiesto di cercare il \u201cnano e il disabile che faccia tenerezza\u201d, la passeranno liscia. E gli italiani avranno la loro fiction nazimelensa.<\/strong><\/p>\n<p>Per un\u2019Italia fatta di immigrati clandestini e truffatori di bassa lega, di onorevoli porche e massoni mafiosi, di vescovi sporcaccioni e zingari ladri di case, <strong>un film sugli \u201cscemi\u201d non ci sta male.<\/strong><\/p>\n<p><strong>A star male siamo noi, che i nostri \u201cscemi\u201d li consideriamo una ricchezza dell\u2019anima.<\/strong> Che li viviamo con amore e rispetto. Fra le mille e mille sofferenze e mancanze di uno Stato che dimentica i propri figli, per ingrassare terrorismo e malaffare.<\/p>\n<p><strong>Altro che nani!<\/strong><\/p>\n<p><strong>#tenerezzastocazzo!<\/strong> Quando sei lasciato da solo e vieni anche deriso o, come oggi, sfruttato per un ciac in pi\u00f9!<\/p>\n<p><strong>Vergogna per la rai del canone e vergogna per chi scrive certe sceneggiature paracule<\/strong><\/p>\n<p><strong>\u00a0<\/strong>Fra me e me<\/p>\n<p>&nbsp;<\/p>\n<p>&nbsp;<\/p>\n","protected":false},"excerpt":{"rendered":"<p><p>Gioved\u00ec 26 maggio 2016 &#8211; senza Santi in paradiso &#8211; Redazione Sud, Calabria E di cosa mai dovremmo scandalizzarci? Questo mondaccio schifoso si \u00e8 talmente involgarito, \u00e8 talmente maleducato, talmente abbandonato a se stesso, che, ormai, non proviamo pi\u00f9 vergogna di niente. Siamo in mano agli ignoranti. Scolarizzati di bassa lega, figli di quegli insegnanti del sei politico, del 18 politico, che qualcuno avrebbe dovuto bloccare a cannonate, invece di sdoganarlo. Capre sessantottine senza cultura. Senza stile. Sciatti nella persona e nell\u2019anima, se mai ne avessero una. Tamarri della lingua italiana e dello stile che il mondo ci invidiava. Quelli, [&hellip;]<\/p>\n&nbsp;&nbsp;<div class=\"readmore\"><a href=\"https:\/\/blog.ilgiornale.it\/spirli\/2016\/05\/26\/tenerezzastocazzo\/\">Continua a leggere...<\/a><\/div><\/p>","protected":false},"author":1022,"featured_media":0,"comment_status":"open","ping_status":"closed","sticky":false,"template":"","format":"standard","meta":[],"categories":[34304,87,34319],"tags":[83822,37766,39329,83824,83823,83825],"_links":{"self":[{"href":"https:\/\/blog.ilgiornale.it\/spirli\/wp-json\/wp\/v2\/posts\/4670"}],"collection":[{"href":"https:\/\/blog.ilgiornale.it\/spirli\/wp-json\/wp\/v2\/posts"}],"about":[{"href":"https:\/\/blog.ilgiornale.it\/spirli\/wp-json\/wp\/v2\/types\/post"}],"author":[{"embeddable":true,"href":"https:\/\/blog.ilgiornale.it\/spirli\/wp-json\/wp\/v2\/users\/1022"}],"replies":[{"embeddable":true,"href":"https:\/\/blog.ilgiornale.it\/spirli\/wp-json\/wp\/v2\/comments?post=4670"}],"version-history":[{"count":4,"href":"https:\/\/blog.ilgiornale.it\/spirli\/wp-json\/wp\/v2\/posts\/4670\/revisions"}],"predecessor-version":[{"id":4675,"href":"https:\/\/blog.ilgiornale.it\/spirli\/wp-json\/wp\/v2\/posts\/4670\/revisions\/4675"}],"wp:attachment":[{"href":"https:\/\/blog.ilgiornale.it\/spirli\/wp-json\/wp\/v2\/media?parent=4670"}],"wp:term":[{"taxonomy":"category","embeddable":true,"href":"https:\/\/blog.ilgiornale.it\/spirli\/wp-json\/wp\/v2\/categories?post=4670"},{"taxonomy":"post_tag","embeddable":true,"href":"https:\/\/blog.ilgiornale.it\/spirli\/wp-json\/wp\/v2\/tags?post=4670"}],"curies":[{"name":"wp","href":"https:\/\/api.w.org\/{rel}","templated":true}]}}