{"id":47,"date":"2013-07-15T09:49:23","date_gmt":"2013-07-15T09:49:23","guid":{"rendered":"https:\/\/blog.ilgiornale.it\/spirli\/?p=47"},"modified":"2013-07-15T10:12:15","modified_gmt":"2013-07-15T10:12:15","slug":"calderoli-e-la-testa-del-battista","status":"publish","type":"post","link":"https:\/\/blog.ilgiornale.it\/spirli\/2013\/07\/15\/calderoli-e-la-testa-del-battista\/","title":{"rendered":"Calderoli e la testa del Battista"},"content":{"rendered":"<p>Luned\u00ec 15 luglio 2013 &#8211; San Bonaventura &#8211; Aspromonte<\/p>\n<p>Sono in auto. Appena partito alla volta di San Luca, il paese dell&#8217;Aspromonte dove la mia Amica Mimma Cacciatore, Preside Coraggio, continua la sua battaglia per la vera scolarizzazione dei pi\u00f9 giovani. Con Lei, la scuola del paese \u00e8 diventata il seme buono del futuro raccolto calabrese! Oggi pomeriggio, la recita degli scolari. Non me la sarei persa per tutto l&#8217;oro del mondo. Mi sarei perso, invece, tutto questo fango sul Governo e sul Parlamento. Calderoli l&#8217;ha fatta proprio fuori dal vaso. Con il tempismo leghista e la personale dabbenaggine, ha offeso nella persona e nell&#8217;incarico la Ministra Kyenge. Ora, la signora non piace a tanti. E questo si sa. Le sue uscite pubbliche corrispondono ad altrettante provocazioni socioculturali alla maggioranza del Popolo Italiano. La sua convinzione personale, condivisa con la signora Boldrini, sul fatto che chi nasce in Italia debba essere considerato a tutti gli effetti italiano, \u00e8, a mio parere, una follia. Uno schiaffo alla Nazione. \u00a0Ospitare \u00e8 un obbligo, assistere un dovere, condividere un piacere. Il resto \u00e8 demagogia e campagna elettorale di bassa lega. Gli Italiani stanno dimostrando una grande capacit\u00e0 di accoglienza: fra mille difficolt\u00e0 e qualche diffidenza, alla fine, chi arriva in Italia ci resta. Quindi, tanto male non sta. Ma, da qui a chiedere l&#8217;eliminazione dei campi per zingari, lo ius soli per chiunque, e l&#8217;integrazione degli italiani alle esigenze degli ospitati, mi sembra veramente troppo. Alle chiese cattoliche, si sono affiancate le sale del regno, le sinagoghe e le moschee. Giustamente. Affiancate, va bene, ma, al posto di, sarebbe come cancellare millenni di storia. Nostra Storia. La signora Kyenge ci guarda con sprezzo. Ma \u00e8 qui. Italiana. E Ministra. La signora Kyenge &#8211; secondo me &#8211; mentre pubblicamente ne chiede la testa, come Salom\u00e8 la pretese del Battista &#8211; E CALDEROLI NON E&#8217; IL BATTISTA! &#8211; , privatamente lo abbraccerebbe \u00a0fraternamente, il Calderoli, per il favore che le sta facendo con le sue offese meschine. Le da, quotidianamente, il diritto alla prima pagina. Nonostante la Ministra non compia grandi atti da Ministra. Tutti sanno chi \u00e8 lei. Pochi ricordano che Emma Bonino \u00e8 Ministro degli Esteri. Perch\u00e9 la Bonino c&#8217;ha da fare. E poco compare sui giornali. Chi \u00e8 il Ministro alle Infrastrutture? E Quello alle Partecipazioni Statali? Eppure, quanto importanti sono? Ecco perch\u00e9, personalmente, mi auguro che il Calderoli lasci l&#8217;incarico di Vice Presidente del Senato e che Kyenge la smetta di provocare inutili polemiche sociali. L&#8217;integrazione la intenda nel verso giusto; e, cio\u00e8, ALLA nostra civilt\u00e0 e non DELLA nostra civilt\u00e0. Tutti noi viaggiamo e, appena tocchiamo suolo estero, ci inginocchiamo rispettosi davanti alla Legge del Paese che ci ospita. Senza pretendere di italianizzare alcuno. Lo stesso facciano i fratelli ospitati.<\/p>\n<p>&#8230; Fra me e me&#8230;<\/p>\n<p>&nbsp;<\/p>\n<p>[photopress:Kyenge_2.jpg,thumb,pp_image]<\/p>\n","protected":false},"excerpt":{"rendered":"<p><p>Luned\u00ec 15 luglio 2013 &#8211; San Bonaventura &#8211; Aspromonte Sono in auto. Appena partito alla volta di San Luca, il paese dell&#8217;Aspromonte dove la mia Amica Mimma Cacciatore, Preside Coraggio, continua la sua battaglia per la vera scolarizzazione dei pi\u00f9 giovani. Con Lei, la scuola del paese \u00e8 diventata il seme buono del futuro raccolto calabrese! Oggi pomeriggio, la recita degli scolari. Non me la sarei persa per tutto l&#8217;oro del mondo. Mi sarei perso, invece, tutto questo fango sul Governo e sul Parlamento. Calderoli l&#8217;ha fatta proprio fuori dal vaso. Con il tempismo leghista e la personale dabbenaggine, ha [&hellip;]<\/p>\n&nbsp;&nbsp;<div class=\"readmore\"><a href=\"https:\/\/blog.ilgiornale.it\/spirli\/2013\/07\/15\/calderoli-e-la-testa-del-battista\/\">Continua a leggere...<\/a><\/div><\/p>","protected":false},"author":1022,"featured_media":0,"comment_status":"open","ping_status":"closed","sticky":false,"template":"","format":"standard","meta":[],"categories":[34304,34288],"tags":[29842,5441,820,29599,34332,3155],"_links":{"self":[{"href":"https:\/\/blog.ilgiornale.it\/spirli\/wp-json\/wp\/v2\/posts\/47"}],"collection":[{"href":"https:\/\/blog.ilgiornale.it\/spirli\/wp-json\/wp\/v2\/posts"}],"about":[{"href":"https:\/\/blog.ilgiornale.it\/spirli\/wp-json\/wp\/v2\/types\/post"}],"author":[{"embeddable":true,"href":"https:\/\/blog.ilgiornale.it\/spirli\/wp-json\/wp\/v2\/users\/1022"}],"replies":[{"embeddable":true,"href":"https:\/\/blog.ilgiornale.it\/spirli\/wp-json\/wp\/v2\/comments?post=47"}],"version-history":[{"count":3,"href":"https:\/\/blog.ilgiornale.it\/spirli\/wp-json\/wp\/v2\/posts\/47\/revisions"}],"predecessor-version":[{"id":49,"href":"https:\/\/blog.ilgiornale.it\/spirli\/wp-json\/wp\/v2\/posts\/47\/revisions\/49"}],"wp:attachment":[{"href":"https:\/\/blog.ilgiornale.it\/spirli\/wp-json\/wp\/v2\/media?parent=47"}],"wp:term":[{"taxonomy":"category","embeddable":true,"href":"https:\/\/blog.ilgiornale.it\/spirli\/wp-json\/wp\/v2\/categories?post=47"},{"taxonomy":"post_tag","embeddable":true,"href":"https:\/\/blog.ilgiornale.it\/spirli\/wp-json\/wp\/v2\/tags?post=47"}],"curies":[{"name":"wp","href":"https:\/\/api.w.org\/{rel}","templated":true}]}}