{"id":4846,"date":"2016-08-27T21:50:20","date_gmt":"2016-08-27T19:50:20","guid":{"rendered":"https:\/\/blog.ilgiornale.it\/spirli\/?p=4846"},"modified":"2016-08-27T21:50:20","modified_gmt":"2016-08-27T19:50:20","slug":"macerie-ditalia-occhio-agli-approfittatori","status":"publish","type":"post","link":"https:\/\/blog.ilgiornale.it\/spirli\/2016\/08\/27\/macerie-ditalia-occhio-agli-approfittatori\/","title":{"rendered":"Macerie d&#8217;Italia. Occhio agli approfittatori!"},"content":{"rendered":"<p><strong>Sabato 27 agosto 2016 &#8211; Santa Monica (madre di Sant&#8217;Agostino) &#8211; a casa, in Calabria<\/strong><\/p>\n<p><a href=\"https:\/\/blog.ilgiornale.it\/spirli\/files\/2016\/08\/Madonna-del-terremoto-col-Bambino-Ges\u00f9.jpg\"><img loading=\"lazy\" class=\"alignnone size-medium wp-image-4849\" src=\"https:\/\/blog.ilgiornale.it\/spirli\/files\/2016\/08\/Madonna-del-terremoto-col-Bambino-Ges\u00f9-300x199.jpg\" alt=\"Madonna del terremoto col Bambino Ges\u00f9\" width=\"300\" height=\"199\" srcset=\"https:\/\/blog.ilgiornale.it\/spirli\/files\/2016\/08\/Madonna-del-terremoto-col-Bambino-Ges\u00f9-300x199.jpg 300w, https:\/\/blog.ilgiornale.it\/spirli\/files\/2016\/08\/Madonna-del-terremoto-col-Bambino-Ges\u00f9.jpg 960w\" sizes=\"(max-width: 300px) 100vw, 300px\" \/><\/a><em><strong>(Madonna del Terremoto con Bambino)<\/strong><\/em><\/p>\n<p><strong>No, non scriver\u00f2 dei neri in hotel e degli Italiani in tenda.<\/strong> E non me ne frega nulla se venti africani abbiano scavato o no fra i detriti: se lo avessero fatto, avrebbero compiuto un milionesimo del loro dovere. Li stiamo facendo rilassare, coccolandoli come principini, in attesa di collocazione in giro per l&#8217;Occidente. Se danno una mano, non fanno certo peccato. Almeno secondo la nostra Fede. La loro non la conosco; se mai ne abbiano una. E buona. Amen.<\/p>\n<p><strong>E non scriver\u00f2 del dolore.<\/strong> Chiunque si sia martoriato sui social e in giro per la Penisola; chiunque abbia sentito la necessit\u00e0 di pubblicare il proprio strazio per la morte di tanti innocenti; chiunque lo abbia fatto, ha sbagliato. Ha vestito panni non suoi e che non competono. La sciagura \u00e8 delle Famiglie che non ci sono pi\u00f9. Le lacrime pi\u00f9 bagnate sono quelle di Chi \u00e8 rimasto solo a piangere su bare sigillate e allineate come tasti di un pianoforte che non suoner\u00e0 nessuna armonia. Noi siamo solo spettatori pi\u00f9 o meno commossi di questa orrenda apocalisse.<\/p>\n<p><strong>Non scriver\u00f2 dei politici costernati,<\/strong> affranti, affratellati, infervorati, impegnati con parola d&#8217;onore. Non scriver\u00f2 di fischi, contestazioni, vaffanculi vari.<\/p>\n<p><strong>Voglio solo ricordare che c&#8217;\u00e8 gi\u00e0 chi sta disegnando palazzine di merda.<\/strong>\u00a0Chi le sta progettando. Chi sta impastando finto cemento. Chi sta stipulando contratti, appalti e subappalti. Chi sta prenotando aerei privati e fughe in qualche paradiso tropicale. <strong>Sono loro: i soliti papponi.<\/strong> Quelli che hanno gi\u00e0 promesso alla moglie la piscina a cuore e all&#8217;amante l&#8217;appartamentino a Miami. Quelli che stanno parlando col direttore della banca dei do ut des\u2026<\/p>\n<p><strong>I maiali di sempre.<\/strong> Quelli che si ingrassano coi terremoti.<\/p>\n<p><strong>Fra me e me.\u00a0<\/strong><\/p>\n<p><strong>#Amatrice #Accumoli #ArquatadelTronto<\/strong><\/p>\n<p>&nbsp;<\/p>\n<p>&nbsp;<\/p>\n<p>&nbsp;<\/p>\n","protected":false},"excerpt":{"rendered":"<p><p>Sabato 27 agosto 2016 &#8211; Santa Monica (madre di Sant&#8217;Agostino) &#8211; a casa, in Calabria (Madonna del Terremoto con Bambino) No, non scriver\u00f2 dei neri in hotel e degli Italiani in tenda. E non me ne frega nulla se venti africani abbiano scavato o no fra i detriti: se lo avessero fatto, avrebbero compiuto un milionesimo del loro dovere. Li stiamo facendo rilassare, coccolandoli come principini, in attesa di collocazione in giro per l&#8217;Occidente. Se danno una mano, non fanno certo peccato. Almeno secondo la nostra Fede. La loro non la conosco; se mai ne abbiano una. E buona. Amen. [&hellip;]<\/p>\n&nbsp;&nbsp;<div class=\"readmore\"><a href=\"https:\/\/blog.ilgiornale.it\/spirli\/2016\/08\/27\/macerie-ditalia-occhio-agli-approfittatori\/\">Continua a leggere...<\/a><\/div><\/p>","protected":false},"author":1022,"featured_media":4849,"comment_status":"open","ping_status":"closed","sticky":false,"template":"","format":"standard","meta":[],"categories":[34304,34319],"tags":[200390,200389,200391,40192,49362,860],"_links":{"self":[{"href":"https:\/\/blog.ilgiornale.it\/spirli\/wp-json\/wp\/v2\/posts\/4846"}],"collection":[{"href":"https:\/\/blog.ilgiornale.it\/spirli\/wp-json\/wp\/v2\/posts"}],"about":[{"href":"https:\/\/blog.ilgiornale.it\/spirli\/wp-json\/wp\/v2\/types\/post"}],"author":[{"embeddable":true,"href":"https:\/\/blog.ilgiornale.it\/spirli\/wp-json\/wp\/v2\/users\/1022"}],"replies":[{"embeddable":true,"href":"https:\/\/blog.ilgiornale.it\/spirli\/wp-json\/wp\/v2\/comments?post=4846"}],"version-history":[{"count":6,"href":"https:\/\/blog.ilgiornale.it\/spirli\/wp-json\/wp\/v2\/posts\/4846\/revisions"}],"predecessor-version":[{"id":4853,"href":"https:\/\/blog.ilgiornale.it\/spirli\/wp-json\/wp\/v2\/posts\/4846\/revisions\/4853"}],"wp:featuredmedia":[{"embeddable":true,"href":"https:\/\/blog.ilgiornale.it\/spirli\/wp-json\/wp\/v2\/media\/4849"}],"wp:attachment":[{"href":"https:\/\/blog.ilgiornale.it\/spirli\/wp-json\/wp\/v2\/media?parent=4846"}],"wp:term":[{"taxonomy":"category","embeddable":true,"href":"https:\/\/blog.ilgiornale.it\/spirli\/wp-json\/wp\/v2\/categories?post=4846"},{"taxonomy":"post_tag","embeddable":true,"href":"https:\/\/blog.ilgiornale.it\/spirli\/wp-json\/wp\/v2\/tags?post=4846"}],"curies":[{"name":"wp","href":"https:\/\/api.w.org\/{rel}","templated":true}]}}