{"id":4946,"date":"2016-10-21T21:19:07","date_gmt":"2016-10-21T19:19:07","guid":{"rendered":"https:\/\/blog.ilgiornale.it\/spirli\/?p=4946"},"modified":"2016-10-21T21:19:07","modified_gmt":"2016-10-21T19:19:07","slug":"e-se-celebrassimo-messa-alla-mecca","status":"publish","type":"post","link":"https:\/\/blog.ilgiornale.it\/spirli\/2016\/10\/21\/e-se-celebrassimo-messa-alla-mecca\/","title":{"rendered":"E se celebrassimo Messa alla mecca?"},"content":{"rendered":"<p><strong>Venerd\u00ec 21 ottobre 2016 &#8211; Sant&#8217;Orsola e Compagne &#8211; a casa, in Calabria<\/strong><\/p>\n<p><strong>Sfrontati, provocatori e arroganti!<\/strong><\/p>\n<p><strong><a href=\"https:\/\/blog.ilgiornale.it\/spirli\/files\/2016\/10\/112.jpg\"><img loading=\"lazy\" class=\"alignnone size-medium wp-image-4948\" src=\"https:\/\/blog.ilgiornale.it\/spirli\/files\/2016\/10\/112-300x100.jpg\" alt=\"112\" width=\"300\" height=\"100\" srcset=\"https:\/\/blog.ilgiornale.it\/spirli\/files\/2016\/10\/112-300x100.jpg 300w, https:\/\/blog.ilgiornale.it\/spirli\/files\/2016\/10\/112.jpg 665w\" sizes=\"(max-width: 300px) 100vw, 300px\" \/><\/a><\/strong><\/p>\n<p><strong>Si son fatti fotografati col culo a ponte a fianco al Colosseo e all&#8217;Arco di Costantino, insolenti, protervi, sfacciati!<\/strong> Invadono il cuore della Cristianit\u00e0, pensando di possederla gi\u00e0. E, invece, si sbagliano! E di grosso! Stanno solo facendo lievitare un odio profondo nei confronti loro e nei confronti di tutto quello in cui credono. <strong>Ci stanno stancando cos\u00ec tanto che manco ai loro poveri facciamo pi\u00f9 l&#8217;elemosina.<\/strong> Non consegniamo pi\u00f9 abiti o alimenti alle organizzazioni di carit\u00e0, buone con clandestini e maomettani e fredde e sorde con gli italiani. Non andiamo a comprare la frutta nei loro negozi, n\u00e9 i fiori nei loro chioschi. Manco li salutiamo, se li incrociamo davanti alle scuole dei nostri figli.<\/p>\n<p>Pi\u00f9 insistono a volerci imporre la loro ostinata presenza, pi\u00f9 ci fanno allontanare da qualsivoglia forma di accoglienza o, anche solo, di tolleranza.<\/p>\n<p><strong>A vederli proni alla pecorina con il simbolo della nostra Civilt\u00e0 Occidentale sullo sfondo, verrebbe voglia di andare a prenderli a calci in culo a raffica!<\/strong><\/p>\n<p>Si lamentano perch\u00e9 gli chiudiamo i garage nei quali si riuniscono per blaterare di guerra santa e &#8220;manifestano&#8221; nel ventre materno della millenaria Roma? E noi rispondiamo col biasimo pi\u00f9 potente!<\/p>\n<p><strong>La stanno facendo proprio fuori dal vaso, direbbe mio nonno. Perch\u00e9 questi non cercano il dialogo, ma si sentono, invece, gi\u00e0 padroni di casa.<\/strong> Pensano che siamo tutti pronti a calare la testa e accettare non solo la presenza, ma il dominio.\u00a0Temo che, da qui a poco, qualcuno si far\u00e0 girare cos\u00ec tanto i maroni, che le cronache smetteranno di occuparsi dei panda cinesi e delle magagne di Fabrizio Corona.<\/p>\n<p><strong>Meglio sarebbe se i nostri governanti cominciassero a guardare con occhio diverso questa invasione. &#8220;Altrettanto meglio&#8221; sarebbe se in Vaticano ci fosse una nuova fumata bianca. L&#8217;ultima non \u00e8 venuta cos\u00ec bene: avranno bruciato incensi d&#8217;arabia\u2026<\/strong><\/p>\n<p>E, a proposito di arabia, <strong>cosa succederebbe se un migliaio di buoni Credenti Cristiani si recassero presso la piazza della pietra nera e cominciassero a recitare il Santo Rosario<\/strong>, o, ancora meglio, celebrassero una Santa Messa? Suppongo una strage.<\/p>\n<p><strong>E, dunque, basta con questa ignavia infernale! Imbracciamo la Croce e difendiamo il nostro avvenire.<\/strong><\/p>\n<p>Fra me e me, a squarciagola e con la finestra aperta sul mondo<\/p>\n<p>&nbsp;<\/p>\n<p>&nbsp;<\/p>\n<p>&nbsp;<\/p>\n","protected":false},"excerpt":{"rendered":"<p><p>Venerd\u00ec 21 ottobre 2016 &#8211; Sant&#8217;Orsola e Compagne &#8211; a casa, in Calabria Sfrontati, provocatori e arroganti! Si son fatti fotografati col culo a ponte a fianco al Colosseo e all&#8217;Arco di Costantino, insolenti, protervi, sfacciati! Invadono il cuore della Cristianit\u00e0, pensando di possederla gi\u00e0. E, invece, si sbagliano! E di grosso! Stanno solo facendo lievitare un odio profondo nei confronti loro e nei confronti di tutto quello in cui credono. Ci stanno stancando cos\u00ec tanto che manco ai loro poveri facciamo pi\u00f9 l&#8217;elemosina. Non consegniamo pi\u00f9 abiti o alimenti alle organizzazioni di carit\u00e0, buone con clandestini e maomettani e [&hellip;]<\/p>\n&nbsp;&nbsp;<div class=\"readmore\"><a href=\"https:\/\/blog.ilgiornale.it\/spirli\/2016\/10\/21\/e-se-celebrassimo-messa-alla-mecca\/\">Continua a leggere...<\/a><\/div><\/p>","protected":false},"author":1022,"featured_media":0,"comment_status":"open","ping_status":"closed","sticky":false,"template":"","format":"standard","meta":[],"categories":[34304,34319],"tags":[200419,200418,6546,200415,200417,28291],"_links":{"self":[{"href":"https:\/\/blog.ilgiornale.it\/spirli\/wp-json\/wp\/v2\/posts\/4946"}],"collection":[{"href":"https:\/\/blog.ilgiornale.it\/spirli\/wp-json\/wp\/v2\/posts"}],"about":[{"href":"https:\/\/blog.ilgiornale.it\/spirli\/wp-json\/wp\/v2\/types\/post"}],"author":[{"embeddable":true,"href":"https:\/\/blog.ilgiornale.it\/spirli\/wp-json\/wp\/v2\/users\/1022"}],"replies":[{"embeddable":true,"href":"https:\/\/blog.ilgiornale.it\/spirli\/wp-json\/wp\/v2\/comments?post=4946"}],"version-history":[{"count":7,"href":"https:\/\/blog.ilgiornale.it\/spirli\/wp-json\/wp\/v2\/posts\/4946\/revisions"}],"predecessor-version":[{"id":4954,"href":"https:\/\/blog.ilgiornale.it\/spirli\/wp-json\/wp\/v2\/posts\/4946\/revisions\/4954"}],"wp:attachment":[{"href":"https:\/\/blog.ilgiornale.it\/spirli\/wp-json\/wp\/v2\/media?parent=4946"}],"wp:term":[{"taxonomy":"category","embeddable":true,"href":"https:\/\/blog.ilgiornale.it\/spirli\/wp-json\/wp\/v2\/categories?post=4946"},{"taxonomy":"post_tag","embeddable":true,"href":"https:\/\/blog.ilgiornale.it\/spirli\/wp-json\/wp\/v2\/tags?post=4946"}],"curies":[{"name":"wp","href":"https:\/\/api.w.org\/{rel}","templated":true}]}}