{"id":5074,"date":"2016-12-15T01:05:05","date_gmt":"2016-12-14T23:05:05","guid":{"rendered":"https:\/\/blog.ilgiornale.it\/spirli\/?p=5074"},"modified":"2016-12-15T01:05:05","modified_gmt":"2016-12-14T23:05:05","slug":"a-natale-e-natale","status":"publish","type":"post","link":"https:\/\/blog.ilgiornale.it\/spirli\/2016\/12\/15\/a-natale-e-natale\/","title":{"rendered":"A Natale, \u00e8 Natale!"},"content":{"rendered":"<p><strong>Gioved\u00ec 15 dicembre 2016 &#8211; Santa Virginia &#8211; a casa, a Taurianova<\/strong><\/p>\n<p><a href=\"https:\/\/blog.ilgiornale.it\/spirli\/files\/2016\/12\/1Carlo_Maratta_-_nativit\u00e0.jpg\"><img loading=\"lazy\" class=\"alignnone size-medium wp-image-5080\" src=\"https:\/\/blog.ilgiornale.it\/spirli\/files\/2016\/12\/1Carlo_Maratta_-_nativit\u00e0-300x222.jpg\" alt=\"The Holy Night by Carlo Maratta\" width=\"300\" height=\"222\" srcset=\"https:\/\/blog.ilgiornale.it\/spirli\/files\/2016\/12\/1Carlo_Maratta_-_nativit\u00e0-300x222.jpg 300w, https:\/\/blog.ilgiornale.it\/spirli\/files\/2016\/12\/1Carlo_Maratta_-_nativit\u00e0-1024x758.jpg 1024w, https:\/\/blog.ilgiornale.it\/spirli\/files\/2016\/12\/1Carlo_Maratta_-_nativit\u00e0.jpg 1621w\" sizes=\"(max-width: 300px) 100vw, 300px\" \/><\/a><\/p>\n<p><strong>Si spande per la casa, il profumo del Natale.<\/strong> Una tiepida brezza un po&#8217; esotica di Terra Santa, un po&#8217; domestica, di muschio d&#8217;ulivo e sabbia della fiumara. Scivola, docile e materna, di camera in camera, l&#8217;attesa dell&#8217;eterno Miracolo della Nascita: mia Madre ed io, fissati in un disegno antico, attendiamo fiduciosi che si ripeta anche quest&#8217;anno. Anche in questa nostra casa silenziosa. Da quando Pap\u00e0 ha attraversato il velo e si \u00e8 &#8220;trasferito nel mondo a fianco&#8221;, il Natale, \u00e8 vero, non ha pi\u00f9 quel Suo colore un po&#8217; bislacco, fatto di decorazioni in puro stile kitsch americano e di quel presepe con le casette di legno e sughero di cui ricordo solo le facciate colorate di rosso cupo, con le persianine alle finestre disegnate\u2026 Ma \u00e8 Natale. Natale di ricordi festosi di ieri e risate argentine di oggi di nipoti e pronipotini, di regali semplici e di zeppole con l&#8217;acciuga. Natale di torrone di mandorle e pistacchi ancora caldo e filante, come quello che Taverna ci faceva consegnare da un suo aiutante con le ali ai piedi. Natale di Famiglia e Amici. Di preghiere e devozione. Natale di Ges\u00f9 Bambino a Cui \u00e8 destinata, oggi come ieri, la lampadina pi\u00f9 luccicosa.<\/p>\n<p><strong>S\u00ec, \u00e8 Natale ancora. Con fatica, ma \u00e8 Natale.<\/strong><\/p>\n<p>Gi\u00e0! Faticoso Natale, in questi anni di Cristianesimo schiaffeggiato, offeso, svuotato, martoriato, stuprato, schiavizzato e ammazzato in ogni Cristiano schiaffeggiato, offeso, svuotato, martoriato, stuprato, schiavizzato e ammazzato. Faticoso Natale, cancellato dalle recite scolastiche, dai lavoretti dell&#8217;asilo, dalle attivit\u00e0 delle associazioni, dalle feste dei circoli ricreativi\u2026 Faticoso Natale, se, per rispettare chi non Lo rispetta, viene gettato nel fango della negazione. Ma, Natale! Sempre e comunque, Natale!<\/p>\n<p>No, non ci riescono, a cancellarcelo dal cuore e dall&#8217;anima, il Natale. Perch\u00e9, credenti o no, ci piace questo Bambinello con il Suo ottimismo, l&#8217;amore per il Bello, per il Buono. Ci piace questa festa della speranza, che, nel cuore dell&#8217;inverno, ci riscalda pi\u00f9 del solleone. Ci stempera le preoccupazioni, le ansie, le paure. Ci rimette in sella; perch\u00e9 a Natale le pile si ricaricano a prescindere.<\/p>\n<p>Natale non \u00e8 festa di un giorno. Sono settimane di attesa, una notte magica, un giorno caldo e generoso, e un arrivederci lungo un anno. Per ricchi spensierati e anche per la povera gente. Per persone comuni e per personaggi speciali. Per umili. Per supereroi. Natale \u00e8 Natale.<\/p>\n<p>E&#8217; Giorno di Vita. E&#8217; Luce. E sogno di Serenit\u00e0.<\/p>\n<p><strong>E lo abbiamo avuto in dono proprio noi. I Cristiani.<\/strong><\/p>\n<p>Scrive Spirl\u00ec<\/p>\n<p><em>(Un pensiero offerto come preghiera per il Popolo di Ges\u00f9 che sta patendo nel mondo)<\/em><\/p>\n","protected":false},"excerpt":{"rendered":"<p><p>Gioved\u00ec 15 dicembre 2016 &#8211; Santa Virginia &#8211; a casa, a Taurianova Si spande per la casa, il profumo del Natale. Una tiepida brezza un po&#8217; esotica di Terra Santa, un po&#8217; domestica, di muschio d&#8217;ulivo e sabbia della fiumara. Scivola, docile e materna, di camera in camera, l&#8217;attesa dell&#8217;eterno Miracolo della Nascita: mia Madre ed io, fissati in un disegno antico, attendiamo fiduciosi che si ripeta anche quest&#8217;anno. Anche in questa nostra casa silenziosa. Da quando Pap\u00e0 ha attraversato il velo e si \u00e8 &#8220;trasferito nel mondo a fianco&#8221;, il Natale, \u00e8 vero, non ha pi\u00f9 quel Suo colore [&hellip;]<\/p>\n&nbsp;&nbsp;<div class=\"readmore\"><a href=\"https:\/\/blog.ilgiornale.it\/spirli\/2016\/12\/15\/a-natale-e-natale\/\">Continua a leggere...<\/a><\/div><\/p>","protected":false},"author":1022,"featured_media":0,"comment_status":"open","ping_status":"closed","sticky":false,"template":"","format":"standard","meta":[],"categories":[34304,87],"tags":[13311,1307,58343,17040,51222,59016],"_links":{"self":[{"href":"https:\/\/blog.ilgiornale.it\/spirli\/wp-json\/wp\/v2\/posts\/5074"}],"collection":[{"href":"https:\/\/blog.ilgiornale.it\/spirli\/wp-json\/wp\/v2\/posts"}],"about":[{"href":"https:\/\/blog.ilgiornale.it\/spirli\/wp-json\/wp\/v2\/types\/post"}],"author":[{"embeddable":true,"href":"https:\/\/blog.ilgiornale.it\/spirli\/wp-json\/wp\/v2\/users\/1022"}],"replies":[{"embeddable":true,"href":"https:\/\/blog.ilgiornale.it\/spirli\/wp-json\/wp\/v2\/comments?post=5074"}],"version-history":[{"count":6,"href":"https:\/\/blog.ilgiornale.it\/spirli\/wp-json\/wp\/v2\/posts\/5074\/revisions"}],"predecessor-version":[{"id":5081,"href":"https:\/\/blog.ilgiornale.it\/spirli\/wp-json\/wp\/v2\/posts\/5074\/revisions\/5081"}],"wp:attachment":[{"href":"https:\/\/blog.ilgiornale.it\/spirli\/wp-json\/wp\/v2\/media?parent=5074"}],"wp:term":[{"taxonomy":"category","embeddable":true,"href":"https:\/\/blog.ilgiornale.it\/spirli\/wp-json\/wp\/v2\/categories?post=5074"},{"taxonomy":"post_tag","embeddable":true,"href":"https:\/\/blog.ilgiornale.it\/spirli\/wp-json\/wp\/v2\/tags?post=5074"}],"curies":[{"name":"wp","href":"https:\/\/api.w.org\/{rel}","templated":true}]}}