{"id":5351,"date":"2017-03-26T21:44:29","date_gmt":"2017-03-26T19:44:29","guid":{"rendered":"https:\/\/blog.ilgiornale.it\/spirli\/?p=5351"},"modified":"2017-03-26T21:44:29","modified_gmt":"2017-03-26T19:44:29","slug":"ubriachi-di-francesco","status":"publish","type":"post","link":"https:\/\/blog.ilgiornale.it\/spirli\/2017\/03\/26\/ubriachi-di-francesco\/","title":{"rendered":"Ubriachi di Francesco"},"content":{"rendered":"<p><strong>Domenica 26 marzo 2017 &#8211; Sant&#8217;Emanuele &#8211; a casa, in Calabria<\/strong><\/p>\n<p><a href=\"https:\/\/blog.ilgiornale.it\/spirli\/files\/2017\/03\/1.jpg\"><img loading=\"lazy\" class=\"alignnone size-medium wp-image-5358\" src=\"https:\/\/blog.ilgiornale.it\/spirli\/files\/2017\/03\/1-300x225.jpg\" alt=\"1\" width=\"300\" height=\"225\" srcset=\"https:\/\/blog.ilgiornale.it\/spirli\/files\/2017\/03\/1-300x225.jpg 300w, https:\/\/blog.ilgiornale.it\/spirli\/files\/2017\/03\/1.jpg 1024w\" sizes=\"(max-width: 300px) 100vw, 300px\" \/><\/a><\/p>\n<p><strong>E Boom! E&#8217; bastata una capatina a Milano per risollevare l&#8217;indice di gradimento di Don Bergoglio, il papa pi\u00f9 controverso della storia contemporanea della Chiesa Cattolica.\u00a0<\/strong><\/p>\n<p><strong>Fino a qualche settimana fa, i Cattolici Italiani e quelli occidentali, americani compresi, prendevano le distanze da certe affermazioni fin troppo &#8220;rivoluzionarie&#8221; di questo strano papa della fine del mondo. <\/strong>Soprattutto, in tema di islam, la religione di beduini e gente confinante. La religione dei palestinesi eredi di arraff\u00e0t, che sparano quotidianamente\u00a0contro i nostri fratelli maggiori, in Israele. La religione dei terroristi sanguinari che ci ammazzano fin dentro casa nostra ululando all\u00e0 acb\u00e0r. La religione dei tagliagole di occidentali nelle foreste filippine. La religione dei pedofili dello iemen, che, depravati di sessant&#8217;anni e pi\u00f9, sposano innocenti bambine di sei e anche meno. La religione dei bitrilionari dell&#8217;aureo brun\u00e8i, degli emiri del riciclaggio e del petrolio, degli agac\u00e0n che valgono tanto oro quanto pesano. La religione dei nostri invasori portati in trionfo dalle associazioni cattocomuniste e dalle massomafie che si riempiono il budello di soldi proprio grazie ai loro sbarchi programmati. La religione che odia mortalmente la nostra Fede.<\/p>\n<p><strong>E <em>Fransisco<\/em>, il papa centralinista, volutamente dimentico\u00a0delle sante parole di Papa Benedetto XVI a Ratisbona, di questo islam \u00e8 fratello e amico<\/strong>. In barba alla storia insanguinata del Cristianesimo. In offesa ai milioni di martiri della Fede, sacrificati nella pur orrenda guerra contro queste belve assetate di sangue. Il nostro.<\/p>\n<p><strong>Anzi, fosse per lui, la fratellanza la spargerebbe come zucchero al velo su un pandoro: abbondantemente e confusamente.<\/strong> Ma Ges\u00f9 di Nazareth, Amore Puro, una certa differenza la merita, mi sembra. Perch\u00e9, in fatto di Fede non tutto \u00e8 miele. Anzi\u2026 mi sembra evidente che dalle patrie dei datteri\u00a0il fiele arriva ad ettolitri. Dunque, basta saper e voler discernere\u2026<\/p>\n<p><strong>Ecco. Se Ges\u00f9, Nostro Signore, \u00e8 miele divino, chi Ges\u00f9 non \u00e8 (e per &#8220;Ges\u00f9&#8221; intendo anche e soprattutto il Suo messaggio di vera Fratellanza), senza dubbio alcuno, \u00e8 fiele d&#8217;inferno.<\/strong><\/p>\n<p><em>&#8220;Avere una fede chiara, secondo il Credo della Chiesa, viene spesso etichettato come fondamentalismo. Mentre il relativismo, cio\u00e8 il lasciarsi portare \u201cqua e l\u00e0 da qualsiasi vento di dottrina\u201d, appare come l\u2019unico atteggiamento all\u2019altezza dei tempi odierni. Si va costituendo una dittatura del relativismo che non riconosce nulla come definitivo e che lascia come ultima misura solo il proprio io e le sue voglie.<\/em><\/p>\n<p><em>Noi, invece, abbiamo un\u2019altra misura: il Figlio di Dio, il vero uomo. \u00c9 lui la misura del vero umanesimo. \u201cAdulta\u201d non \u00e8 una fede che segue le onde della moda e l\u2019ultima novit\u00e0; adulta e matura \u00e8 una fede profondamente radicata nell\u2019amicizia con Cristo. \u00c9 quest\u2019amicizia che ci apre a tutto ci\u00f2 che \u00e8 buono e ci dona il criterio per discernere tra vero e falso, tra inganno e verit\u00e0. Questa fede adulta dobbiamo maturare, a questa fede dobbiamo guidare il gregge di Cristo. Ed \u00e8 questa fede &#8211; solo la fede &#8211; che crea unit\u00e0 e si realizza nella carit\u00e0. San Paolo ci offre a questo proposito \u2013 in contrasto con le continue peripezie di coloro che sono come fanciulli sballottati dalle onde \u2013 una bella parola: fare la verit\u00e0 nella carit\u00e0, come formula fondamentale dell\u2019esistenza cristiana. In Cristo, coincidono verit\u00e0 e carit\u00e0. Nella misura in cui ci avviciniamo a Cristo, anche nella nostra vita, verit\u00e0 e carit\u00e0 si fondono. La carit\u00e0 senza verit\u00e0 sarebbe cieca; la verit\u00e0 senza carit\u00e0 sarebbe come \u201cun cembalo che tintinna\u201d (1 Cor 13, 1).&#8221; \u00a0<strong>(Joseph Ratzinger &#8211; Papa Benedetto XVI)<\/strong><\/em><\/p>\n<p><strong>E, cos\u00ec, tutte le libere e strumentali &#8220;interpretazioni&#8221; del messaggio di Cristo altro non sono se non false scorciatoie che portano, inevitabilmente, a smarrire il Cammino.<\/strong><\/p>\n<p><strong>Ubriacarsi della chiesetta \u00a0buonina buonina proposta\u00a0dall&#8217;attuale vescovo di Roma, \u00e8 pari ad imboccare il sentierino che ci dovrebbe far guadagnare tempo sul cammino verso il Cielo<\/strong><b>\u2026<\/b>\u00a0che ci conduce, invece, all&#8217;abisso di una fede annacquata e inutile.<\/p>\n<p><strong>Lontano, dunque, dal voler abbandonare la Via intrapresa col Battesimo e confermata con la Cresima, resto fedele al meraviglioso patto di Fede stretto con Ges\u00f9, mio Dio.<\/strong> Innamorato della mia religione Cristiana Cattolica, ne seguo &#8211; umanamente &#8211; i precetti, cercando &#8211; faticosamente &#8211; di non farmi indurre in tentazione. Mi affido, durante il difficilissimo e pur dolcissimo viaggio, ai pastori, dimenticandone gli errori e denunciandone le colpe. E i reati.<\/p>\n<p><strong>Per ci\u00f2 che riguarda l&#8217;obbedienza al Sommo Pontefice, lo voglio immaginare senza nome e senza carne, ma trasparente come il cristallo e impastato di Verbo<\/strong>. A volte, apro gli occhi e ne riconosco belle &#8220;umane&#8221; fattezze (<strong>Benedetto XVI, Pio XII, Pio X, Giulio II, Pietro<\/strong>,\u2026); spesso, no. Come in questi anni di doncamillismo inutile. Anzi, dannoso.<\/p>\n<p><strong>Io, umilmente ubriaco di Cristo e astemio di mezzipapi.<\/strong><\/p>\n<p><em><strong>Amen<\/strong><\/em><\/p>\n<p>&nbsp;<\/p>\n","protected":false},"excerpt":{"rendered":"<p><p>Domenica 26 marzo 2017 &#8211; Sant&#8217;Emanuele &#8211; a casa, in Calabria E Boom! E&#8217; bastata una capatina a Milano per risollevare l&#8217;indice di gradimento di Don Bergoglio, il papa pi\u00f9 controverso della storia contemporanea della Chiesa Cattolica.\u00a0 Fino a qualche settimana fa, i Cattolici Italiani e quelli occidentali, americani compresi, prendevano le distanze da certe affermazioni fin troppo &#8220;rivoluzionarie&#8221; di questo strano papa della fine del mondo. Soprattutto, in tema di islam, la religione di beduini e gente confinante. La religione dei palestinesi eredi di arraff\u00e0t, che sparano quotidianamente\u00a0contro i nostri fratelli maggiori, in Israele. La religione dei terroristi sanguinari [&hellip;]<\/p>\n&nbsp;&nbsp;<div class=\"readmore\"><a href=\"https:\/\/blog.ilgiornale.it\/spirli\/2017\/03\/26\/ubriachi-di-francesco\/\">Continua a leggere...<\/a><\/div><\/p>","protected":false},"author":1022,"featured_media":0,"comment_status":"open","ping_status":"closed","sticky":false,"template":"","format":"standard","meta":[],"categories":[34304,87,247,34319],"tags":[152422,34383,44090,17156,38913,200424],"_links":{"self":[{"href":"https:\/\/blog.ilgiornale.it\/spirli\/wp-json\/wp\/v2\/posts\/5351"}],"collection":[{"href":"https:\/\/blog.ilgiornale.it\/spirli\/wp-json\/wp\/v2\/posts"}],"about":[{"href":"https:\/\/blog.ilgiornale.it\/spirli\/wp-json\/wp\/v2\/types\/post"}],"author":[{"embeddable":true,"href":"https:\/\/blog.ilgiornale.it\/spirli\/wp-json\/wp\/v2\/users\/1022"}],"replies":[{"embeddable":true,"href":"https:\/\/blog.ilgiornale.it\/spirli\/wp-json\/wp\/v2\/comments?post=5351"}],"version-history":[{"count":7,"href":"https:\/\/blog.ilgiornale.it\/spirli\/wp-json\/wp\/v2\/posts\/5351\/revisions"}],"predecessor-version":[{"id":5360,"href":"https:\/\/blog.ilgiornale.it\/spirli\/wp-json\/wp\/v2\/posts\/5351\/revisions\/5360"}],"wp:attachment":[{"href":"https:\/\/blog.ilgiornale.it\/spirli\/wp-json\/wp\/v2\/media?parent=5351"}],"wp:term":[{"taxonomy":"category","embeddable":true,"href":"https:\/\/blog.ilgiornale.it\/spirli\/wp-json\/wp\/v2\/categories?post=5351"},{"taxonomy":"post_tag","embeddable":true,"href":"https:\/\/blog.ilgiornale.it\/spirli\/wp-json\/wp\/v2\/tags?post=5351"}],"curies":[{"name":"wp","href":"https:\/\/api.w.org\/{rel}","templated":true}]}}