{"id":5447,"date":"2017-05-14T14:45:31","date_gmt":"2017-05-14T12:45:31","guid":{"rendered":"https:\/\/blog.ilgiornale.it\/spirli\/?p=5447"},"modified":"2017-05-14T14:45:31","modified_gmt":"2017-05-14T12:45:31","slug":"mamma","status":"publish","type":"post","link":"https:\/\/blog.ilgiornale.it\/spirli\/2017\/05\/14\/mamma\/","title":{"rendered":"Mamma"},"content":{"rendered":"<p><strong>Domenica 14 maggio 2017 &#8211; San Michel Garico\u00efts &#8211; a casa Spirl\u00ec, in Calabria<\/strong><\/p>\n<p><a href=\"https:\/\/blog.ilgiornale.it\/spirli\/files\/2017\/05\/Mamma.jpg\"><img loading=\"lazy\" class=\"alignnone size-medium wp-image-5448\" src=\"https:\/\/blog.ilgiornale.it\/spirli\/files\/2017\/05\/Mamma-300x200.jpg\" alt=\"Mamma\" width=\"300\" height=\"200\" srcset=\"https:\/\/blog.ilgiornale.it\/spirli\/files\/2017\/05\/Mamma-300x200.jpg 300w, https:\/\/blog.ilgiornale.it\/spirli\/files\/2017\/05\/Mamma.jpg 960w\" sizes=\"(max-width: 300px) 100vw, 300px\" \/><\/a><a href=\"https:\/\/blog.ilgiornale.it\/spirli\/files\/2017\/05\/Mamma-bella.jpg\"><img loading=\"lazy\" class=\"alignnone size-medium wp-image-5449\" src=\"https:\/\/blog.ilgiornale.it\/spirli\/files\/2017\/05\/Mamma-bella-300x200.jpg\" alt=\"Mamma bella\" width=\"300\" height=\"200\" srcset=\"https:\/\/blog.ilgiornale.it\/spirli\/files\/2017\/05\/Mamma-bella-300x200.jpg 300w, https:\/\/blog.ilgiornale.it\/spirli\/files\/2017\/05\/Mamma-bella.jpg 960w\" sizes=\"(max-width: 300px) 100vw, 300px\" \/><\/a><strong><em>(la mia, di Mamma)<\/em><\/strong><\/p>\n<p><strong>Mamma Mamma Mamma Mamma Mamma Mamma Mamma Mamma Mamma Mamma Mamma Mamma\u00a0<\/strong><b>\u2026\u00a0\u2026\u00a0\u2026<\/b><\/p>\n<p>Lo diremmo all&#8217;infinito. Lo bisbiglieremmo, urleremmo, declameremmo, scandiremmo, canteremmo quel nome meraviglioso, senza farci fermare dal tempo, dalle distanze, dal destino, da ogni fine. Anche l&#8217;ultima.<\/p>\n<p>Mamma \u00e8 la prima sensazione che proviamo, immersi nel Suo liquido, dolcemente voraci della vita che ci passa attraverso un cordone, al buio di una sacca che solo Lei sente assieme a noi. Ci fidiamo di quel buio perch\u00e9 \u00e8 il Nostro buio: il Suo e quello di quel bruchino pacioso che siamo noi. Sappiamo gi\u00e0 ci\u00f2 che diventeremo, e solo perch\u00e9 il Suo Amore e il Suo sangue ce lo dicono, senza parole.<\/p>\n<p>Attraversiamo un canale stretto, un giorno, e con dolore reciproco, solamente perch\u00e9 ce lo fa attraversare Lei, patendo per noi. Raccogliamo nell&#8217;aria la Sua gioia, nella confusione del parto, e La cerchiamo al primo respiro, per ritrovare la pace del ventre. Ci affidiamo al Suo latte e alle Sue braccia. Ci abbandoniamo alle Sue cure. Anche qualche scapaccione, nei lunghi e ribelli giorni dell&#8217;infanzia e dell&#8217;adolescenza, se viene dalle Sue mani, \u00e8 preso e dimenticato.<\/p>\n<p>Ci allontaniamo da Lei, da adulti, tornando a Lei in ogni modo. Col cuore, col pensiero, col ricordo. O, semplicemente, andandoLa a trovare. Lei aspetta. E, spesso, aspettando, si incammina verso di noi.<\/p>\n<p>Quando sente che ci circonda un pericolo; quando avverte gli attacchi del male; quando non sa starsene lontana mentre noi siamo impegnati nella lotta.<\/p>\n<p>Una madre fa per cento figli, cento figli non sanno fare per una madre: lo dicevano i nostri vecchi. In parte avevano ragione. Perch\u00e9, spesso, cento figli sono tutti intorno alla Mamma. Soprattutto quando quella Mamma ha saputo e potuto essere Mamma.<\/p>\n<p>Questo terzo millennio sta minando ogni riferimento naturale, \u00e8 vero. Ogni certezza divina. Anche quel meraviglioso silenzio denso di vita che \u00e8 filo d&#8217;oro fra Madre e figlio.<\/p>\n<p>I figli sono impastati in laboratorio. Sulle carte, la Mamma si chiama, a volte, genitoreuno, o, a volte, genitoredue. Il demonio vestito da progresso tende a ridicolizzare non solo il ruolo, ma anche la parola Mamma. E, cos\u00ec, molte donne rinunciano e si fanno chiamare per nome di battesimo o nomignolo dai propri figli. E, se la casa \u00e8 ricca e la banca amica, accade anche pi\u00f9 spesso di quanto non dovrebbe\u2026<\/p>\n<p>Fortunatamente, per\u00f2, esistono i poveri. Fra la gente senza fisime borghesi, non c&#8217;\u00e8 tempo per certe volgarit\u00e0. E la Mamma \u00a0resta e continua. Si chiama Mamma, allatta e nutre, e, per farlo, spesso rinuncia al proprio pezzo di pane. Gi\u00e0 solo per questo bisognerebbe che ricevessero dal Cielo e dal mondo il premio del benessere e della salute.<\/p>\n<p>Tanto da poter consentire ad ogni figlio di rendere grazie e premiare Chi, senza pretendere premio, ha offerto la propria vita per consentire all&#8217;Uomo di continuare ad Essere.<\/p>\n<p><strong>Mamma, grazie.<\/strong><\/p>\n<p><a href=\"https:\/\/blog.ilgiornale.it\/spirli\/files\/2017\/05\/Famiglia-AMUSO.jpg\"><img loading=\"lazy\" class=\"alignnone size-medium wp-image-5450\" src=\"https:\/\/blog.ilgiornale.it\/spirli\/files\/2017\/05\/Famiglia-AMUSO-300x188.jpg\" alt=\"Famiglia AMUSO\" width=\"300\" height=\"188\" srcset=\"https:\/\/blog.ilgiornale.it\/spirli\/files\/2017\/05\/Famiglia-AMUSO-300x188.jpg 300w, https:\/\/blog.ilgiornale.it\/spirli\/files\/2017\/05\/Famiglia-AMUSO.jpg 719w\" sizes=\"(max-width: 300px) 100vw, 300px\" \/><\/a><strong><em>(1 La mia Mamma, con la Sua Mamma e la Loro Famiglia)<\/em><\/strong><\/p>\n<p><a href=\"https:\/\/blog.ilgiornale.it\/spirli\/files\/2017\/05\/Famiglia-Spirl\u00ec.jpg\"><img loading=\"lazy\" class=\"alignnone size-medium wp-image-5451\" src=\"https:\/\/blog.ilgiornale.it\/spirli\/files\/2017\/05\/Famiglia-Spirl\u00ec-300x208.jpg\" alt=\"Famiglia Spirl\u00ec\" width=\"300\" height=\"208\" srcset=\"https:\/\/blog.ilgiornale.it\/spirli\/files\/2017\/05\/Famiglia-Spirl\u00ec-300x208.jpg 300w, https:\/\/blog.ilgiornale.it\/spirli\/files\/2017\/05\/Famiglia-Spirl\u00ec-1024x711.jpg 1024w, https:\/\/blog.ilgiornale.it\/spirli\/files\/2017\/05\/Famiglia-Spirl\u00ec.jpg 2000w\" sizes=\"(max-width: 300px) 100vw, 300px\" \/><\/a><em><strong>(2 La mia Mamma con la Nostra Famiglia)<\/strong><\/em><\/p>\n<p>&nbsp;<\/p>\n","protected":false},"excerpt":{"rendered":"<p><p>Domenica 14 maggio 2017 &#8211; San Michel Garico\u00efts &#8211; a casa Spirl\u00ec, in Calabria (la mia, di Mamma) Mamma Mamma Mamma Mamma Mamma Mamma Mamma Mamma Mamma Mamma Mamma Mamma\u00a0\u2026\u00a0\u2026\u00a0\u2026 Lo diremmo all&#8217;infinito. Lo bisbiglieremmo, urleremmo, declameremmo, scandiremmo, canteremmo quel nome meraviglioso, senza farci fermare dal tempo, dalle distanze, dal destino, da ogni fine. Anche l&#8217;ultima. Mamma \u00e8 la prima sensazione che proviamo, immersi nel Suo liquido, dolcemente voraci della vita che ci passa attraverso un cordone, al buio di una sacca che solo Lei sente assieme a noi. Ci fidiamo di quel buio perch\u00e9 \u00e8 il Nostro buio: il [&hellip;]<\/p>\n&nbsp;&nbsp;<div class=\"readmore\"><a href=\"https:\/\/blog.ilgiornale.it\/spirli\/2017\/05\/14\/mamma\/\">Continua a leggere...<\/a><\/div><\/p>","protected":false},"author":1022,"featured_media":0,"comment_status":"open","ping_status":"closed","sticky":false,"template":"","format":"standard","meta":[],"categories":[34304,87,34319],"tags":[261460,225839,16073,11288,34372,261461],"_links":{"self":[{"href":"https:\/\/blog.ilgiornale.it\/spirli\/wp-json\/wp\/v2\/posts\/5447"}],"collection":[{"href":"https:\/\/blog.ilgiornale.it\/spirli\/wp-json\/wp\/v2\/posts"}],"about":[{"href":"https:\/\/blog.ilgiornale.it\/spirli\/wp-json\/wp\/v2\/types\/post"}],"author":[{"embeddable":true,"href":"https:\/\/blog.ilgiornale.it\/spirli\/wp-json\/wp\/v2\/users\/1022"}],"replies":[{"embeddable":true,"href":"https:\/\/blog.ilgiornale.it\/spirli\/wp-json\/wp\/v2\/comments?post=5447"}],"version-history":[{"count":2,"href":"https:\/\/blog.ilgiornale.it\/spirli\/wp-json\/wp\/v2\/posts\/5447\/revisions"}],"predecessor-version":[{"id":5453,"href":"https:\/\/blog.ilgiornale.it\/spirli\/wp-json\/wp\/v2\/posts\/5447\/revisions\/5453"}],"wp:attachment":[{"href":"https:\/\/blog.ilgiornale.it\/spirli\/wp-json\/wp\/v2\/media?parent=5447"}],"wp:term":[{"taxonomy":"category","embeddable":true,"href":"https:\/\/blog.ilgiornale.it\/spirli\/wp-json\/wp\/v2\/categories?post=5447"},{"taxonomy":"post_tag","embeddable":true,"href":"https:\/\/blog.ilgiornale.it\/spirli\/wp-json\/wp\/v2\/tags?post=5447"}],"curies":[{"name":"wp","href":"https:\/\/api.w.org\/{rel}","templated":true}]}}