{"id":5791,"date":"2018-02-09T18:05:11","date_gmt":"2018-02-09T16:05:11","guid":{"rendered":"https:\/\/blog.ilgiornale.it\/spirli\/?p=5791"},"modified":"2018-02-09T22:34:06","modified_gmt":"2018-02-09T20:34:06","slug":"caro-dio-ti-scrivo","status":"publish","type":"post","link":"https:\/\/blog.ilgiornale.it\/spirli\/2018\/02\/09\/caro-dio-ti-scrivo\/","title":{"rendered":"#Foibe. Caro Dio, Ti scrivo&#8230;"},"content":{"rendered":"<p><strong>Venerd\u00ec 9 febbraio 2018 &#8211; Santa Apollonia, Vergine e Martire &#8211; a Casa Spirl\u00ec, in Calabria<\/strong><\/p>\n<p><a href=\"https:\/\/blog.ilgiornale.it\/spirli\/files\/2018\/02\/1foibe-ricordo.jpg\"><img loading=\"lazy\" class=\"alignnone size-medium wp-image-5796\" src=\"https:\/\/blog.ilgiornale.it\/spirli\/files\/2018\/02\/1foibe-ricordo-300x225.jpg\" alt=\"1foibe-ricordo\" width=\"300\" height=\"225\" srcset=\"https:\/\/blog.ilgiornale.it\/spirli\/files\/2018\/02\/1foibe-ricordo-300x225.jpg 300w, https:\/\/blog.ilgiornale.it\/spirli\/files\/2018\/02\/1foibe-ricordo-1024x768.jpg 1024w, https:\/\/blog.ilgiornale.it\/spirli\/files\/2018\/02\/1foibe-ricordo.jpg 1200w\" sizes=\"(max-width: 300px) 100vw, 300px\" \/><\/a><\/p>\n<p><strong>Mio Carissimo Padre e Fratello, <\/strong>oggi, nel giorno dedicato alla venerazione della Santa Apollonia, <strong>martire della Fede in Te, Cristo Signore,<\/strong> aggiungo alle mie preghiere questa lettera resa pubblica nella speranza di una pi\u00f9 ampia condivisione fra il popolo Tuo.<\/p>\n<p><strong>Ti prego, Eterno Padre,<\/strong> di ricordarTi, oggi e sempre, di tutti quei martiri che, avvolti dall&#8217;odio titino, hanno incontrato la morte tragica nel buio delle <strong>#FOIBE, <\/strong>uccisi senza alcuna piet\u00e0 perch\u00e9 Italiani. Donne e Uomini di ogni et\u00e0. Vittime di una guerra \u00a0infame. <strong>Vittime del vero odio razziale.<\/strong><\/p>\n<p><strong>RicordaTi, Signore,<\/strong> dei <strong>milioni di morti per mano nazista,<\/strong> nei lager di mezza Europa, e nel silenzio complice di tutti coloro che sapevano e tacevano. Responsabili quanto i dem\u00f2ni che accendevano i forni, sprigionavano i gas, sparavano alla nuca&#8230; Ipocritamente muti, fintamente\u00a0inconsapevoli, spalmavano burro sul pane caldo, seduti alla indegna tavola familiare, mentre l&#8217;odore acre dei fumi dei forni crematori li inzuppava miseramente di colpa mortale. Di peccato. Prego cristianamente per la loro memoria e per i loro figli; prego perch\u00e9 possano, oggi, nell&#8217;inferno del rimorso, poter sentire ed ascoltare da lontano il canto degli angeli. Lontano quanto lontano si sforzavano di immaginare la cattiveria umana che abitava dietro l&#8217;angolo della loro ignobile casa.<\/p>\n<p><strong>Invoco il Tuo perdono,<\/strong> <strong><em>Domine<\/em><\/strong>, per Stalin e i suoi boia, responsabili del martirio di centinaia di milioni di morti in URSS e in tutti i Paesi invasi dai soldati rossi. E, se puoi, perdona tutti quei comunisti che sapevano e sanno e tacevano e tacciono. Assassini anche essi, non chiedono scusa, n\u00e9 invocano perdono. Anzi! Si ergono, deridendoTi o negandoTi, a paladini della libert\u00e0 e della democrazia. Continuando, invece, a seminare odio sociale, politico, religioso. Odio puro, che procura dolore e lutti. Ecco, per loro, Ti chiedo un perdono particolare. Se puoi&#8230;<\/p>\n<p><strong>Signore Dio, Trino e Unico,\u00a0<\/strong>ricordati di Mao, Fidel, PolPot, Ataturk, Breznev, Ho Chi Min, Guevara, Arafat, Saddam, Bokassa, Idi Amin, Pinochet, Videla, Viola, dei cannoni americani, delle bombe cinesi, dei terroristi islamici, degli africani collusi e corrotti, e di tutti i loro misfatti. Della loro crudelt\u00e0&#8230; Consenti loro di presenziare, in un modo o nell&#8217;altro, al Giudizio Finale&#8230;<\/p>\n<p><strong>Piet\u00e0 di me, mio Dio,<\/strong> perch\u00e9 non so perdonare i bugiardi, i traditori, i cattivi, i furbi, gli scaltri, gli inetti, gli ignavi, i finti, gli ipocriti, gli spavaldi, gli arroganti, i cafoni, i pervertiti, i violenti, chi uccide in nome di un dio, chi offende la Patria altrui, chi ruba, chi stupra, chi invade&#8230;<\/p>\n<p><strong>Sii pietoso per tutte le volte che ho sbagliato<\/strong> e che sbaglier\u00f2. Tento di non farlo, ma, a volte, lo ammetto, scappa di mano&#8230;<\/p>\n<p>&nbsp;<\/p>\n","protected":false},"excerpt":{"rendered":"<p><p>Venerd\u00ec 9 febbraio 2018 &#8211; Santa Apollonia, Vergine e Martire &#8211; a Casa Spirl\u00ec, in Calabria Mio Carissimo Padre e Fratello, oggi, nel giorno dedicato alla venerazione della Santa Apollonia, martire della Fede in Te, Cristo Signore, aggiungo alle mie preghiere questa lettera resa pubblica nella speranza di una pi\u00f9 ampia condivisione fra il popolo Tuo. Ti prego, Eterno Padre, di ricordarTi, oggi e sempre, di tutti quei martiri che, avvolti dall&#8217;odio titino, hanno incontrato la morte tragica nel buio delle #FOIBE, uccisi senza alcuna piet\u00e0 perch\u00e9 Italiani. Donne e Uomini di ogni et\u00e0. Vittime di una guerra \u00a0infame. Vittime [&hellip;]<\/p>\n&nbsp;&nbsp;<div class=\"readmore\"><a href=\"https:\/\/blog.ilgiornale.it\/spirli\/2018\/02\/09\/caro-dio-ti-scrivo\/\">Continua a leggere...<\/a><\/div><\/p>","protected":false},"author":1022,"featured_media":0,"comment_status":"open","ping_status":"closed","sticky":false,"template":"","format":"standard","meta":[],"categories":[34304,87,34319],"tags":[40791,280761,38874,280760,280762,5321],"_links":{"self":[{"href":"https:\/\/blog.ilgiornale.it\/spirli\/wp-json\/wp\/v2\/posts\/5791"}],"collection":[{"href":"https:\/\/blog.ilgiornale.it\/spirli\/wp-json\/wp\/v2\/posts"}],"about":[{"href":"https:\/\/blog.ilgiornale.it\/spirli\/wp-json\/wp\/v2\/types\/post"}],"author":[{"embeddable":true,"href":"https:\/\/blog.ilgiornale.it\/spirli\/wp-json\/wp\/v2\/users\/1022"}],"replies":[{"embeddable":true,"href":"https:\/\/blog.ilgiornale.it\/spirli\/wp-json\/wp\/v2\/comments?post=5791"}],"version-history":[{"count":6,"href":"https:\/\/blog.ilgiornale.it\/spirli\/wp-json\/wp\/v2\/posts\/5791\/revisions"}],"predecessor-version":[{"id":5798,"href":"https:\/\/blog.ilgiornale.it\/spirli\/wp-json\/wp\/v2\/posts\/5791\/revisions\/5798"}],"wp:attachment":[{"href":"https:\/\/blog.ilgiornale.it\/spirli\/wp-json\/wp\/v2\/media?parent=5791"}],"wp:term":[{"taxonomy":"category","embeddable":true,"href":"https:\/\/blog.ilgiornale.it\/spirli\/wp-json\/wp\/v2\/categories?post=5791"},{"taxonomy":"post_tag","embeddable":true,"href":"https:\/\/blog.ilgiornale.it\/spirli\/wp-json\/wp\/v2\/tags?post=5791"}],"curies":[{"name":"wp","href":"https:\/\/api.w.org\/{rel}","templated":true}]}}