{"id":5890,"date":"2018-04-01T09:29:45","date_gmt":"2018-04-01T07:29:45","guid":{"rendered":"https:\/\/blog.ilgiornale.it\/spirli\/?p=5890"},"modified":"2018-04-01T09:29:45","modified_gmt":"2018-04-01T07:29:45","slug":"e-cristo-la-luce","status":"publish","type":"post","link":"https:\/\/blog.ilgiornale.it\/spirli\/2018\/04\/01\/e-cristo-la-luce\/","title":{"rendered":"\u00c8 Cristo, la Luce!"},"content":{"rendered":"<p><strong>Domenica di Pasqua<\/strong> &#8211; a Casa Spirl\u00ec, in Calabria<\/p>\n<p><a href=\"https:\/\/blog.ilgiornale.it\/spirli\/files\/2018\/04\/affresco-resurrezione-piero-della-francesca.jpg\"><img loading=\"lazy\" class=\"alignnone size-medium wp-image-5891\" src=\"https:\/\/blog.ilgiornale.it\/spirli\/files\/2018\/04\/affresco-resurrezione-piero-della-francesca-283x300.jpg\" alt=\"affresco-resurrezione-piero-della-francesca\" width=\"283\" height=\"300\" srcset=\"https:\/\/blog.ilgiornale.it\/spirli\/files\/2018\/04\/affresco-resurrezione-piero-della-francesca-283x300.jpg 283w, https:\/\/blog.ilgiornale.it\/spirli\/files\/2018\/04\/affresco-resurrezione-piero-della-francesca-964x1024.jpg 964w, https:\/\/blog.ilgiornale.it\/spirli\/files\/2018\/04\/affresco-resurrezione-piero-della-francesca.jpg 1130w\" sizes=\"(max-width: 283px) 100vw, 283px\" \/><\/a><\/p>\n<p><strong>Col Padre e lo Spirito Santo, prima di tutti i tempi. Dio Uno e Trino. Consustanziale al Padre. Figlio e Padre del Padre. Figlio, incarnato nel grembo di Maria Vergine. Figlio, Sposo e Padre della Madre Celeste. Nato, vissuto, morto e Risorto. Via, Verit\u00e0, Vita. \u00c8 Ges\u00f9 Cristo. Uno di noi e nostro Signore. <\/strong><\/p>\n<p><strong>Questa \u00e8 la nostra Fede, la fiducia dei Cristiani. La certezza di essere salvi perch\u00e9, scelti, abbiamo scelto!<\/strong><\/p>\n<p><strong>Questa nostra meravigliosa Fede &#8211; la pi\u00f9 sorridente, la pi\u00f9 ottimista, la pi\u00f9 libera &#8211; ci chiede solo di Credere, pur dubitando e\u00a0domandando.\u00a0<\/strong> Perch\u00e9 ogni umano quesito trova risposta nell&#8217;elementare spiegazione che Cristo stesso offre del grande Mysterium Fidei: e la spiegazione, svelata al mondo, \u00a0\u00e8 tangibile, evidente, nella <strong>Resurrezione da morte. <\/strong>Dio ci libera dalla pietra del sepolcro, ogni volta che noi &#8220;moriamo&#8221;. Insegnandoci la speranza nella Misericordia. Cosa vorremmo mai di pi\u00f9? Non \u00e8 la certezza del perdono che ci fortifica e ci insegna a migliorare? Guai a perderla, la certezza dell&#8217;accoglienza fra le braccia del Padre e della Madre Celeste! Sarebbe una vita rifiutata e maledetta. Una vita senza m\u00e8ta, una vita da infedele. Una vita coperta da un manto nero. Cancellata dalla Storia del mondo. Sarebbe morte senza tempo e senza dove. Senza coscienza.<\/p>\n<p><strong>\u00c8 \u00a0nella coscienza della Resurrezione, invece, che diventiamo Cristiani.<\/strong> La Vita oltre la morte ci fa Figli di Dio e Suoi prediletti. Altro non c&#8217;\u00e8.<\/p>\n<p><strong><em>Credo in unum Deum,<\/em><\/strong><br \/>\n<strong><em>Patrem omnipot\u00e9ntem,<\/em><\/strong><br \/>\n<strong><em>Factorem c\u00e6li et terr\u00e6,<\/em><\/strong><br \/>\n<strong><em>visib\u00edlium \u00f3mnium et invisibilium<\/em><\/strong><br \/>\n<strong><em>Et in unum D\u00f3minum Iesum<\/em><\/strong><br \/>\n<strong><em>Christum,<\/em><\/strong><br \/>\n<strong><em>Filium Dei unig\u00e9nitum<\/em><\/strong><br \/>\n<strong><em>et ex Patre natum<\/em><\/strong><br \/>\n<strong><em>ante \u00f3mnia s\u01fdcula:<\/em><\/strong><br \/>\n<strong><em>Deum de Deo, Lumen de L\u00famine,<\/em><\/strong><br \/>\n<strong><em>Deum verum de Deo vero,<\/em><\/strong><br \/>\n<strong><em>g\u00e9nitum, non factum, consubstanti\u00e1lem Patri: per quem \u00f3mnia<\/em><\/strong><br \/>\n<strong><em>facta sunt;<\/em><\/strong><br \/>\n<strong><em>qui propter nos h\u00f3mines<\/em><\/strong><br \/>\n<strong><em>et propter nostram sal\u00fatem,<\/em><\/strong><br \/>\n<strong><em>desc\u00e9ndit de c\u00e6lis, et incarn\u00e1tus est<\/em><\/strong><br \/>\n<strong><em>de Sp\u00edritu Sancto ex Maria V\u00edrgine<\/em><\/strong><br \/>\n<strong><em>et homo factus est, crucif\u00edxus \u00e9tiam<\/em><\/strong><br \/>\n<strong><em>pro nobis sub P\u00f3ntio Pil\u00e1to, passus<\/em><\/strong><br \/>\n<strong><em>et sep\u00faltus est, et resurr\u00e9xit t\u00e9rtia<\/em><\/strong><br \/>\n<strong><em>die sec\u00fandum Script\u00faras,<\/em><\/strong><br \/>\n<strong><em>et asc\u00e9ndit in c\u00e6lum, sedet ad<\/em><\/strong><br \/>\n<strong><em>d\u00e9xteram Patris, et \u00edterum vent\u00farus<\/em><\/strong><br \/>\n<strong><em>est cum gl\u00f3ria, iudic\u00e1re vivos et<\/em><\/strong><br \/>\n<strong><em>m\u00f3rtuos, cuius regni non erit finis.<\/em><\/strong><\/p>\n<p><strong><em>Credo in Sp\u00edritum Sanctum, Dominum et vivific\u00e1ntem, qui ex Patre<\/em><\/strong><br \/>\n<strong><em>Fili\u00f3que proc\u00e9dit, qui cum Patre et<\/em><\/strong><br \/>\n<strong><em>F\u00edlio simul ador\u00e1tur et conglorific\u00e1tur, qui loc\u00fatus est per proph\u00e9tas.<\/em><\/strong><\/p>\n<p><strong><em>Et unam sanctam cath\u00f3licam<\/em><\/strong><br \/>\n<strong><em>et apost\u00f3licam Eccl\u00e9siam.<\/em><\/strong><\/p>\n<p><strong><em>Conf\u00edteor unum Bapt\u00edsma<\/em><\/strong><br \/>\n<strong><em>in remissi\u00f3nem peccat\u00f3rum.<\/em><\/strong><br \/>\n<strong><em>Et exsp\u00e9cto resurrecti\u00f3nem mortu\u00f3rum,<\/em><\/strong><br \/>\n<strong><em>et vitam vent\u00fari s\u00e6culi.<\/em><\/strong><\/p>\n<p><strong><em><img class=\"centrovert\" src=\"http:\/\/www.preghiamo.org\/img\/grafiche\/croce-greca-r.png\" alt=\"Croce\" \/> Amen.<\/em><\/strong><\/p>\n<p><strong>Rinnovato nella Pasqua del Signore, auguro una Santa Pasqua anche a Tutti Voi<\/strong><\/p>\n<p><strong>#BuonaPasqua #SantaPasqua #PasquadiResurrezione #CristoRisorto<\/strong><\/p>\n","protected":false},"excerpt":{"rendered":"<p><p>Domenica di Pasqua &#8211; a Casa Spirl\u00ec, in Calabria Col Padre e lo Spirito Santo, prima di tutti i tempi. Dio Uno e Trino. Consustanziale al Padre. Figlio e Padre del Padre. Figlio, incarnato nel grembo di Maria Vergine. Figlio, Sposo e Padre della Madre Celeste. Nato, vissuto, morto e Risorto. Via, Verit\u00e0, Vita. \u00c8 Ges\u00f9 Cristo. Uno di noi e nostro Signore. Questa \u00e8 la nostra Fede, la fiducia dei Cristiani. La certezza di essere salvi perch\u00e9, scelti, abbiamo scelto! Questa nostra meravigliosa Fede &#8211; la pi\u00f9 sorridente, la pi\u00f9 ottimista, la pi\u00f9 libera &#8211; ci chiede solo di [&hellip;]<\/p>\n&nbsp;&nbsp;<div class=\"readmore\"><a href=\"https:\/\/blog.ilgiornale.it\/spirli\/2018\/04\/01\/e-cristo-la-luce\/\">Continua a leggere...<\/a><\/div><\/p>","protected":false},"author":1022,"featured_media":0,"comment_status":"open","ping_status":"closed","sticky":false,"template":"","format":"standard","meta":[],"categories":[34304,87],"tags":[34459,297922,297923,66467,44087,297920,58992],"_links":{"self":[{"href":"https:\/\/blog.ilgiornale.it\/spirli\/wp-json\/wp\/v2\/posts\/5890"}],"collection":[{"href":"https:\/\/blog.ilgiornale.it\/spirli\/wp-json\/wp\/v2\/posts"}],"about":[{"href":"https:\/\/blog.ilgiornale.it\/spirli\/wp-json\/wp\/v2\/types\/post"}],"author":[{"embeddable":true,"href":"https:\/\/blog.ilgiornale.it\/spirli\/wp-json\/wp\/v2\/users\/1022"}],"replies":[{"embeddable":true,"href":"https:\/\/blog.ilgiornale.it\/spirli\/wp-json\/wp\/v2\/comments?post=5890"}],"version-history":[{"count":5,"href":"https:\/\/blog.ilgiornale.it\/spirli\/wp-json\/wp\/v2\/posts\/5890\/revisions"}],"predecessor-version":[{"id":5896,"href":"https:\/\/blog.ilgiornale.it\/spirli\/wp-json\/wp\/v2\/posts\/5890\/revisions\/5896"}],"wp:attachment":[{"href":"https:\/\/blog.ilgiornale.it\/spirli\/wp-json\/wp\/v2\/media?parent=5890"}],"wp:term":[{"taxonomy":"category","embeddable":true,"href":"https:\/\/blog.ilgiornale.it\/spirli\/wp-json\/wp\/v2\/categories?post=5890"},{"taxonomy":"post_tag","embeddable":true,"href":"https:\/\/blog.ilgiornale.it\/spirli\/wp-json\/wp\/v2\/tags?post=5890"}],"curies":[{"name":"wp","href":"https:\/\/api.w.org\/{rel}","templated":true}]}}