{"id":5898,"date":"2018-04-03T12:25:21","date_gmt":"2018-04-03T10:25:21","guid":{"rendered":"https:\/\/blog.ilgiornale.it\/spirli\/?p=5898"},"modified":"2018-04-03T12:25:21","modified_gmt":"2018-04-03T10:25:21","slug":"zingari-a-mano-armata","status":"publish","type":"post","link":"https:\/\/blog.ilgiornale.it\/spirli\/2018\/04\/03\/zingari-a-mano-armata\/","title":{"rendered":"Zingari &#8220;a mano armata&#8221;"},"content":{"rendered":"<p><strong>Marted\u00ec 3 aprile 2018 &#8211; San Riccardo &#8211; a Casa Spirl\u00ec, in Calabria<\/strong><\/p>\n<p><a href=\"https:\/\/blog.ilgiornale.it\/spirli\/files\/2018\/04\/1485823183109.jpg-caos_in_un_campo_nomadi_di_roma__agenti_sparano_a_un_rom_in_fuga.jpg\"><img loading=\"lazy\" class=\"alignnone size-medium wp-image-5899\" src=\"https:\/\/blog.ilgiornale.it\/spirli\/files\/2018\/04\/1485823183109.jpg-caos_in_un_campo_nomadi_di_roma__agenti_sparano_a_un_rom_in_fuga-300x163.jpg\" alt=\"1485823183109.jpg--caos_in_un_campo_nomadi_di_roma__agenti_sparano_a_un_rom_in_fuga\" width=\"300\" height=\"163\" srcset=\"https:\/\/blog.ilgiornale.it\/spirli\/files\/2018\/04\/1485823183109.jpg-caos_in_un_campo_nomadi_di_roma__agenti_sparano_a_un_rom_in_fuga-300x163.jpg 300w, https:\/\/blog.ilgiornale.it\/spirli\/files\/2018\/04\/1485823183109.jpg-caos_in_un_campo_nomadi_di_roma__agenti_sparano_a_un_rom_in_fuga.jpg 750w\" sizes=\"(max-width: 300px) 100vw, 300px\" \/><\/a><\/p>\n<p>E ancora, ancora, ancora&#8230; <strong>Campi nomadi \u00a0sempre pi\u00f9 &#8220;armati&#8221; di arroganza, violenza e &#8230; spranghe!<\/strong><\/p>\n<p>L&#8217;ultima sassaiola \u00e8 di qualche giorno fa. Precisamente, delle ore in cui Nostro Signore stava resuscitando&#8230; <strong>Gli agenti della Polizia tentano di fare il proprio lavoro, cercando di arrestare dei LADRI, ma vengono aggrediti e picchiati violentemente da qualche centinaio di nomadi di uno dei campi &#8211; quello di via dei Gordiani &#8211; \u00a0pi\u00f9 chiacchierati e controversi della Capitale.<\/strong> Spranghe, pietre, bottiglie e chiss\u00e0 cos&#8217;altro in quel mare magnum di &#8220;monnezza&#8221; che \u00e8 piovuto sui poliziotti per un tempo interminabile, con l&#8217;intento di evitare la cattura dei malfattori. E, pi\u00f9 gli eroici agenti avanzavano, pi\u00f9 l&#8217;assalto si infuocava.<\/p>\n<p><strong>MA NON HANNO VINTO LORO!\u00a0<\/strong><\/p>\n<p><strong>I poliziotti hanno trovato la refurtiva<\/strong> e i responsabili di un furto in un appartamento romano. <strong>Proprio dei\u00a0nomadi, guarda un po&#8217;!<\/strong><\/p>\n<p><a href=\"https:\/\/blog.ilgiornale.it\/spirli\/files\/2018\/04\/campo-rom.jpg\"><img loading=\"lazy\" class=\"alignnone size-medium wp-image-5904\" src=\"https:\/\/blog.ilgiornale.it\/spirli\/files\/2018\/04\/campo-rom-300x156.jpg\" alt=\"campo-rom\" width=\"300\" height=\"156\" srcset=\"https:\/\/blog.ilgiornale.it\/spirli\/files\/2018\/04\/campo-rom-300x156.jpg 300w, https:\/\/blog.ilgiornale.it\/spirli\/files\/2018\/04\/campo-rom.jpg 500w\" sizes=\"(max-width: 300px) 100vw, 300px\" \/><\/a><\/p>\n<p><strong>Non \u00e8 la prima volta che scrivo dei nomadi delinquenti<\/strong> che vivono, senza controllo alcuno, su tutto il territorio Italiano. Rischio, ogni volta, l&#8217;accusa di razzismo, rigettandola ai mittenti. Ho avuto modo di lavorare, anni fa, \u00a0su un progetto dedicato ai bambini zingari, su richiesta di un caro amico monsignore, oggi vescovo, che vivevano nel campo non autorizzato vicino Ponte Milvio, a Roma. Ragazzini sveglissimi e molto creativi. Anche simpatici, direi. Seppur, ai primi incontri, molto guardinghi e chiusi come sepolcri. In quell&#8217;occasione, ho avuto modo di confrontarmi con loro, le loro famiglie, la loro comunit\u00e0. <strong>Senza pregiudizi, mi avvicinai a quella &#8220;cultura&#8221;.<\/strong> <strong>Che non capii!!!<\/strong> Non mi capacitavo, per esempio, \u00a0come si potessero celebrare &#8220;matrimoni&#8221; fra bambini di 12 13 anni, che neanche si conoscevano. Oppure come potesse essere &#8220;naturale&#8221; farli lavorare, a sei sette anni, \u00a0fino alle due tre di notte, a vendere rose a piazza Navona. Non volevo accettare che non frequentassero una scuola. <strong>Destinati, com&#8217;erano, ad una vita ai margini del tempo e dei luoghi. Fuori del cammino della Storia dell&#8217;Umanit\u00e0. Medievali al tempo dei viaggi su Marte. Una follia!<\/strong><\/p>\n<p>Li osservavo uscire dal sentiero spietato del progresso, del quale strappavano, qua e l\u00e0, qualche frammento, utilizzandolo con interpretazione elementare. Quasi paleolitica. Come fare di un microchip, un orecchino&#8230; Peccato!<\/p>\n<p>Ecco qual \u00e8 il danno! Quale, il punto di scontro e di rottura.<strong> La mancanza di volont\u00e0 di elevarsi, di crescere, di compartecipare e condividere. Una bulimia di autoreferenzialit\u00e0<\/strong> uccider\u00e0 il popolo zingaro, relegandolo in un angolo, pur apparecchiato con ori e sete, anticamera della fine.<\/p>\n<p><strong>Le sassaiole in difesa di ladruncoli non finiranno.<\/strong> Non finir\u00e0 il loro sospetto\u00a0nei nostri, e il nostro nei loro, confronti. Non finir\u00e0 lo scontro epocale. <strong>Perch\u00e9 l&#8217;Identit\u00e0 la rafforzano le radici.<\/strong> E le radici non sono trasportabili su roulotte. <strong>Senza radici, le regole si abbandonano ai giochi\u00a0bizzarri del vento. Come le foglie morte&#8230;<\/strong><\/p>\n<p><strong>E zingaro \u00e8 parola Italiana<\/strong><\/p>\n<p><a href=\"https:\/\/blog.ilgiornale.it\/spirli\/files\/2018\/04\/Schermata-2018-04-03-alle-10.56.40.png\"><img loading=\"lazy\" class=\"alignnone size-medium wp-image-5902\" src=\"https:\/\/blog.ilgiornale.it\/spirli\/files\/2018\/04\/Schermata-2018-04-03-alle-10.56.40-300x198.png\" alt=\"Schermata 2018-04-03 alle 10.56.40\" width=\"300\" height=\"198\" srcset=\"https:\/\/blog.ilgiornale.it\/spirli\/files\/2018\/04\/Schermata-2018-04-03-alle-10.56.40-300x198.png 300w, https:\/\/blog.ilgiornale.it\/spirli\/files\/2018\/04\/Schermata-2018-04-03-alle-10.56.40.png 924w\" sizes=\"(max-width: 300px) 100vw, 300px\" \/><\/a><\/p>\n<p>&nbsp;<\/p>\n<p>&nbsp;<\/p>\n<h2><\/h2>\n<p>&nbsp;<\/p>\n","protected":false},"excerpt":{"rendered":"<p><p>Marted\u00ec 3 aprile 2018 &#8211; San Riccardo &#8211; a Casa Spirl\u00ec, in Calabria E ancora, ancora, ancora&#8230; Campi nomadi \u00a0sempre pi\u00f9 &#8220;armati&#8221; di arroganza, violenza e &#8230; spranghe! L&#8217;ultima sassaiola \u00e8 di qualche giorno fa. Precisamente, delle ore in cui Nostro Signore stava resuscitando&#8230; Gli agenti della Polizia tentano di fare il proprio lavoro, cercando di arrestare dei LADRI, ma vengono aggrediti e picchiati violentemente da qualche centinaio di nomadi di uno dei campi &#8211; quello di via dei Gordiani &#8211; \u00a0pi\u00f9 chiacchierati e controversi della Capitale. Spranghe, pietre, bottiglie e chiss\u00e0 cos&#8217;altro in quel mare magnum di &#8220;monnezza&#8221; che [&hellip;]<\/p>\n&nbsp;&nbsp;<div class=\"readmore\"><a href=\"https:\/\/blog.ilgiornale.it\/spirli\/2018\/04\/03\/zingari-a-mano-armata\/\">Continua a leggere...<\/a><\/div><\/p>","protected":false},"author":1022,"featured_media":0,"comment_status":"open","ping_status":"closed","sticky":false,"template":"","format":"standard","meta":[],"categories":[34304,87,34319],"tags":[38803,34372,297924,2669,297925,225789],"_links":{"self":[{"href":"https:\/\/blog.ilgiornale.it\/spirli\/wp-json\/wp\/v2\/posts\/5898"}],"collection":[{"href":"https:\/\/blog.ilgiornale.it\/spirli\/wp-json\/wp\/v2\/posts"}],"about":[{"href":"https:\/\/blog.ilgiornale.it\/spirli\/wp-json\/wp\/v2\/types\/post"}],"author":[{"embeddable":true,"href":"https:\/\/blog.ilgiornale.it\/spirli\/wp-json\/wp\/v2\/users\/1022"}],"replies":[{"embeddable":true,"href":"https:\/\/blog.ilgiornale.it\/spirli\/wp-json\/wp\/v2\/comments?post=5898"}],"version-history":[{"count":7,"href":"https:\/\/blog.ilgiornale.it\/spirli\/wp-json\/wp\/v2\/posts\/5898\/revisions"}],"predecessor-version":[{"id":5908,"href":"https:\/\/blog.ilgiornale.it\/spirli\/wp-json\/wp\/v2\/posts\/5898\/revisions\/5908"}],"wp:attachment":[{"href":"https:\/\/blog.ilgiornale.it\/spirli\/wp-json\/wp\/v2\/media?parent=5898"}],"wp:term":[{"taxonomy":"category","embeddable":true,"href":"https:\/\/blog.ilgiornale.it\/spirli\/wp-json\/wp\/v2\/categories?post=5898"},{"taxonomy":"post_tag","embeddable":true,"href":"https:\/\/blog.ilgiornale.it\/spirli\/wp-json\/wp\/v2\/tags?post=5898"}],"curies":[{"name":"wp","href":"https:\/\/api.w.org\/{rel}","templated":true}]}}