{"id":5981,"date":"2018-06-02T16:44:32","date_gmt":"2018-06-02T14:44:32","guid":{"rendered":"https:\/\/blog.ilgiornale.it\/spirli\/?p=5981"},"modified":"2018-06-02T16:44:32","modified_gmt":"2018-06-02T14:44:32","slug":"caro-salvini-lettera-aperta-al-ministro-degli-interni","status":"publish","type":"post","link":"https:\/\/blog.ilgiornale.it\/spirli\/2018\/06\/02\/caro-salvini-lettera-aperta-al-ministro-degli-interni\/","title":{"rendered":"Caro Salvini&#8230; Lettera aperta al Ministro degli Interni"},"content":{"rendered":"<p><strong>Sabato 2 giugno 2018 &#8211; San Pietro Esorcista &#8211; Festa della Repubblica &#8211; da Casa Spirl\u00ec, a Taurianova<\/strong><\/p>\n<p><a href=\"https:\/\/blog.ilgiornale.it\/spirli\/files\/2018\/03\/27857836_1017013581770124_7986127651620488651_n.jpg\"><img loading=\"lazy\" class=\"alignnone size-medium wp-image-5852\" src=\"https:\/\/blog.ilgiornale.it\/spirli\/files\/2018\/03\/27857836_1017013581770124_7986127651620488651_n-300x225.jpg\" alt=\"27857836_1017013581770124_7986127651620488651_n\" width=\"300\" height=\"225\" srcset=\"https:\/\/blog.ilgiornale.it\/spirli\/files\/2018\/03\/27857836_1017013581770124_7986127651620488651_n-300x225.jpg 300w, https:\/\/blog.ilgiornale.it\/spirli\/files\/2018\/03\/27857836_1017013581770124_7986127651620488651_n.jpg 960w\" sizes=\"(max-width: 300px) 100vw, 300px\" \/><\/a><\/p>\n<p><strong>Buona festa della Repubblica, Ministro Salvini!<\/strong><\/p>\n<p><strong>Le\/Ti scrivo oggi per non veder scolorire l&#8217;entusiasmo e la gioia<\/strong> che, in queste ore vittoriose, mi sconvolge e mi anima. Mi piace questo <strong>Governo del Cambiamento.<\/strong> Mi appaga e mi incuriosisce allo stesso tempo. Mi sento, finalmente, pi\u00f9 Italiano, pi\u00f9 sereno; pi\u00f9 fiducioso, oso dire. <strong>Pongo in Lei\/Te quella stessa fiducia<\/strong> che part\u00ec, ormai due anni maturi e pi\u00f9, con un mio primo articolo di giornale e che fu\u00a0sancita dalla materiale prima stretta di mano in terra di Sicilia. Mentre, sui territori, simpatizzanti e primi fedeli tentavano di farsi le scarpe a vicenda, io mi consegnai a Te\/Lei, offrendo quella copia sfrontata del mio <strong>Diario di una vecchia checca.<\/strong> Fu un modo affettuoso e familiare di presentarLe\/Ti, non solo la mia (im)modesta persona, ma, soprattutto, l&#8217;anima profonda di un combattente nella perenne e umana guerra della vita.<\/p>\n<p><strong>Come dire, ci piacemmo a prima botta,<\/strong> se, oggi come e pi\u00f9 di quelle ore, siamo ancora qui a confrontarci ed incontrarci. <strong>E, dunque, s\u00ec, auguri, Ministro degli Interni e Amico mio!<\/strong><\/p>\n<p><strong>Su tanto ci troviamo d&#8217;accordo.<\/strong> Probabilmente, su tutto. Sulla volont\u00e0 \u00a0che l&#8217;Italia sia la Casa degli Italiani. Sulla necessit\u00e0 \u00a0che la Casa sia sicura. Sulla certezza che la Casa sia il rifugio e il tempio della Famiglia. Sulla consapevolezza che la Famiglia sia composta come il Creatore, la Natura e il Buonsenso dettano insieme, uniti in una parallela ed unica Trinit\u00e0. Convergiamo sulla difesa dei confini nazionali. Sulla inconfutabile urgenza di aiuto alle Famiglie, ai Lavoratori, ai Deboli e agli Abbandonati.<\/p>\n<p><strong>Siamo concordi nel voler tutelare la Fede dei Padri,<\/strong> l&#8217;Amor di Patria, la Fratellanza Nazionale, la nobilt\u00e0 delle Forze dell&#8217;Ordine e il servizio degli uomini della politica, strumenti e non armi del Popolo che li sceglie.<\/p>\n<p><strong>Mi aspetto da Lei\/Te che mantenga gli impegni presi con la Nazione<\/strong> e che riesca a convincere chi, della Nazione, non sia ancora riuscito a liberarsi di una letale perplessit\u00e0 o, addirittura, di un ottuso rifiuto. Il Suo\/Tuo lavoro sia dedicato a Tutti gli Italiani.<\/p>\n<p>Ma, come \u00e8 noto (e non voglio credere che Lei\/Tu l&#8217;abbia dimenticato) <strong>sono stati i voti dei Calabresi a contribuire fattivamente a che la Sua\/Tua elezione a Senatore<\/strong>, e, di conseguenza, a Ministro e VicePremier, potesse avvenire. E, allora, ai Calabresi, cos\u00ec lontani da Pontida, una porzione di gratitudine spetta di diritto. A tutti quegli elettori Calabresi (e Le\/Ti assicuro che NON ce ne siano stati di serie A e serie B) che hanno creduto e credono nella nobilt\u00e0 del Suo\/Tuo programma. Tutti si aspettano che, in quanto Senatore dei Calabresi, Lei\/Tu NON manchi dall&#8217;organizzazione della Lega in questi territori difficili. Sospettosi, magari. Tutti chiedono la Sua\/Tua PERSONALE e definitiva decisione su metodo, tempi, luoghi e persone. Coscienti, Tutti, che ogni interpretazione periferica, spesso, passi attraverso la bocca della serva del palazzo e non arrivi direttamente dall&#8217;intelligenza del Signore.<\/p>\n<p><a href=\"https:\/\/blog.ilgiornale.it\/spirli\/files\/2018\/06\/29366334_100561264122810_8889898741494972416_n.jpg\"><img loading=\"lazy\" class=\"alignnone size-medium wp-image-5987\" src=\"https:\/\/blog.ilgiornale.it\/spirli\/files\/2018\/06\/29366334_100561264122810_8889898741494972416_n-300x225.jpg\" alt=\"29366334_100561264122810_8889898741494972416_n\" width=\"300\" height=\"225\" srcset=\"https:\/\/blog.ilgiornale.it\/spirli\/files\/2018\/06\/29366334_100561264122810_8889898741494972416_n-300x225.jpg 300w, https:\/\/blog.ilgiornale.it\/spirli\/files\/2018\/06\/29366334_100561264122810_8889898741494972416_n.jpg 960w\" sizes=\"(max-width: 300px) 100vw, 300px\" \/><\/a><\/p>\n<p><strong>La Calabria ha scelto Lei\/Te.<\/strong> Da Lei\/Te si aspetta presenza, ascolto, disponibilit\u00e0 e attenzione. Come Ministro degli Affari Interni, nell&#8217;attenta analisi di fatti, persone e progetti futuri. Come VicePremier, nella cura degli interessi delle classi pi\u00f9 indifese. Come Senatore del territorio, verso tutti i propri elettori. Come Capo della Lega, nell&#8217;organizzazione intelligente e premurosa del Partito.<\/p>\n<p><strong>Grazie. E Auguri, Signor Ministro!<\/strong><\/p>\n<p>P.S.: <em>&#8230; un sms ad un Caro Amico sarebbe stato troppo lungo&#8230;<\/em><\/p>\n<p><strong>Ninospirl\u00ec<\/strong><\/p>\n<p>#MatteoSalvini #MatteoSalviniMinistroInterni #MatteoSalviniVicePremier #GovernodelCambiamento #GovernoConte #FestadellaRepubblica #SalviniSenatoredellaCalabria<\/p>\n<p>&nbsp;<\/p>\n<p>&nbsp;<\/p>\n<p>&nbsp;<\/p>\n","protected":false},"excerpt":{"rendered":"<p><p>Sabato 2 giugno 2018 &#8211; San Pietro Esorcista &#8211; Festa della Repubblica &#8211; da Casa Spirl\u00ec, a Taurianova Buona festa della Repubblica, Ministro Salvini! Le\/Ti scrivo oggi per non veder scolorire l&#8217;entusiasmo e la gioia che, in queste ore vittoriose, mi sconvolge e mi anima. Mi piace questo Governo del Cambiamento. Mi appaga e mi incuriosisce allo stesso tempo. Mi sento, finalmente, pi\u00f9 Italiano, pi\u00f9 sereno; pi\u00f9 fiducioso, oso dire. Pongo in Lei\/Te quella stessa fiducia che part\u00ec, ormai due anni maturi e pi\u00f9, con un mio primo articolo di giornale e che fu\u00a0sancita dalla materiale prima stretta di mano [&hellip;]<\/p>\n&nbsp;&nbsp;<div class=\"readmore\"><a href=\"https:\/\/blog.ilgiornale.it\/spirli\/2018\/06\/02\/caro-salvini-lettera-aperta-al-ministro-degli-interni\/\">Continua a leggere...<\/a><\/div><\/p>","protected":false},"author":1022,"featured_media":0,"comment_status":"open","ping_status":"closed","sticky":false,"template":"","format":"standard","meta":[],"categories":[34304,34319,64],"tags":[297944,297941,17143,261496,297943,297942],"_links":{"self":[{"href":"https:\/\/blog.ilgiornale.it\/spirli\/wp-json\/wp\/v2\/posts\/5981"}],"collection":[{"href":"https:\/\/blog.ilgiornale.it\/spirli\/wp-json\/wp\/v2\/posts"}],"about":[{"href":"https:\/\/blog.ilgiornale.it\/spirli\/wp-json\/wp\/v2\/types\/post"}],"author":[{"embeddable":true,"href":"https:\/\/blog.ilgiornale.it\/spirli\/wp-json\/wp\/v2\/users\/1022"}],"replies":[{"embeddable":true,"href":"https:\/\/blog.ilgiornale.it\/spirli\/wp-json\/wp\/v2\/comments?post=5981"}],"version-history":[{"count":7,"href":"https:\/\/blog.ilgiornale.it\/spirli\/wp-json\/wp\/v2\/posts\/5981\/revisions"}],"predecessor-version":[{"id":5991,"href":"https:\/\/blog.ilgiornale.it\/spirli\/wp-json\/wp\/v2\/posts\/5981\/revisions\/5991"}],"wp:attachment":[{"href":"https:\/\/blog.ilgiornale.it\/spirli\/wp-json\/wp\/v2\/media?parent=5981"}],"wp:term":[{"taxonomy":"category","embeddable":true,"href":"https:\/\/blog.ilgiornale.it\/spirli\/wp-json\/wp\/v2\/categories?post=5981"},{"taxonomy":"post_tag","embeddable":true,"href":"https:\/\/blog.ilgiornale.it\/spirli\/wp-json\/wp\/v2\/tags?post=5981"}],"curies":[{"name":"wp","href":"https:\/\/api.w.org\/{rel}","templated":true}]}}