{"id":6123,"date":"2018-10-10T21:45:36","date_gmt":"2018-10-10T19:45:36","guid":{"rendered":"https:\/\/blog.ilgiornale.it\/spirli\/?p=6123"},"modified":"2018-10-10T21:45:36","modified_gmt":"2018-10-10T19:45:36","slug":"italia-maleducata-e-caciarona","status":"publish","type":"post","link":"https:\/\/blog.ilgiornale.it\/spirli\/2018\/10\/10\/italia-maleducata-e-caciarona\/","title":{"rendered":"Italia maleducata e caciarona."},"content":{"rendered":"<p><strong>Mercoled\u00ec, 10 ottobre 2018 &#8211; San Cassio martire &#8211; da Casa Spirl\u00ec, in Calabria<\/strong><\/p>\n<p>Ignoranti, cialtroni e maleducati. Il popolo dal passato pi\u00f9 artistico e culturale del mondo \u00e8 caduto! Gli italiani di oggi, Dio perdoni!, sono un&#8217;offesa ai Padri Antichi. Della grazia, della cortesia, della gentilezza, del garbo che hanno fatto della nostra gente un modello amato da tutto il mondo, non rimane che un flebile ricordo. Pochi anziani usano ancora il &#8220;Grazie&#8221;, lo &#8220;Scusi&#8221;, il &#8220;Per favore&#8221;&#8230; Qualche\u00a0adulto fa ancora precedere la domanda da un nobile &#8220;Posso&#8230;&#8221;. Rari, i ragazzini che sono da esempio di educazione per i propri coetanei. Il resto, una ciurma di masnadieri. Spietati e cafoni, arroganti e caciaroni, stiamo sparendo dal panorama delle cose belle di questo nostro Paese, per cedere\u00a0lo spazio alle macchiette volgari da bordello televisivo, da troiaio di piazza, da\u00a0follower&#8217;s club&#8230;<\/p>\n<p>Cos&#8217;\u00e8 successo agli Italiani eleganti e sobri? Dove abbiamo perso il filo? Chi ci ha cancellato dal galateo? Del piacere dell&#8217;ascolto, della finezza della conversazione, del millenario savoir faire italico, non restano che le ceneri impastate col fango dell&#8217;impudicizia odierna. Nessun ritegno, oggi. Purtroppo.<\/p>\n<p>1) Maledetti cellulari antropoisolanti, direi, se mi si passa il neologismo. L&#8217;onanistico uso del pi\u00f9 popolare mezzo di comunicazione, lo priva della primaria funzione: la comunicazione. Usiamo il cellulare per fare tutto da soli, tranne che per contattare gli altri. Con-tattare:\u00a0avvicinare, accostare, interpellare, rivolgersi, \u00a0incontrare. E quando mai? Ormai, contattare \u00e8 un verbo da cancellare. Oggi, l&#8217;altro lo tagghiamo, a prescindere se ci risponder\u00e0 o meno; lo messaggiamo, per non incontrarlo; lo chattiamo, evitando di guardarlo negli occhi. Litighiamo e ci amiamo tramite tastiera e schermo. Non conosciamo, degli altri, l&#8217;odore, i colori, i piccoli gesti. E, quando ci incontriamo, ci avviciniamo, talmente abituati a non accoglierci pi\u00f9 vicendevolmente, ci scanniamo come draghi.<\/p>\n<p>2) Orrida televisione maleducativa, aggiungerei. La massima parte delle proposte televisive, ormai, \u00e8 infarcita di urlacci, baracconate, volgarit\u00e0. Conduttori semianalfabeti, giornalisti semianalfabeti, ospiti semianalfabeti. Lontani dalla sobriet\u00e0 di un passato neanche troppo remoto, hanno invaso gli studi televisivi, passando da divani, sottoscrivanie, gar\u00e7onniere&#8230; Un circo grottesco e offensivo del buongusto e della morale.<\/p>\n<p>3) Scuola incolta e incompetente. Sforna cataste di ragazzini che sciamano verso un baratro morale e sociale, senza poter sperare in un&#8217;ombra di salvamento. Zucconi e senza freni inibitori, sudano violenza come fosse acqua d&#8217;ascella. Violenti e strafottenti, non sanno di storia e geografia, ma si muovono bene fra le foglie della canapa e i germogli di mariuana. Intossicati di centri sociali, non troveranno futuro fra le birre bevute per strada e le vomitate consegnate ai pneumatici delle macchine parcheggiate.<\/p>\n<p>4) Luoghi di lavoro&#8230;<\/p>\n<p>5) Le case&#8230;<\/p>\n<p>6) La strada&#8230;<\/p>\n<p>Eppure&#8230;<\/p>\n<p>&#8230; vado ad acquistare i tappi per i vasetti della marmellata di cotogne e il figlio decenne di Simona, la titolare del negozio di casalinghi, mi investe col suo innocente amore per il sapere. Propriet\u00e0 di linguaggio e alta conoscenza che mi sotterrano di felicit\u00e0. Deo gratias!<\/p>\n<p>#frameeme<\/p>\n<p>&nbsp;<\/p>\n","protected":false},"excerpt":{"rendered":"<p><p>Mercoled\u00ec, 10 ottobre 2018 &#8211; San Cassio martire &#8211; da Casa Spirl\u00ec, in Calabria Ignoranti, cialtroni e maleducati. Il popolo dal passato pi\u00f9 artistico e culturale del mondo \u00e8 caduto! Gli italiani di oggi, Dio perdoni!, sono un&#8217;offesa ai Padri Antichi. Della grazia, della cortesia, della gentilezza, del garbo che hanno fatto della nostra gente un modello amato da tutto il mondo, non rimane che un flebile ricordo. Pochi anziani usano ancora il &#8220;Grazie&#8221;, lo &#8220;Scusi&#8221;, il &#8220;Per favore&#8221;&#8230; Qualche\u00a0adulto fa ancora precedere la domanda da un nobile &#8220;Posso&#8230;&#8221;. Rari, i ragazzini che sono da esempio di educazione per i [&hellip;]<\/p>\n&nbsp;&nbsp;<div class=\"readmore\"><a href=\"https:\/\/blog.ilgiornale.it\/spirli\/2018\/10\/10\/italia-maleducata-e-caciarona\/\">Continua a leggere...<\/a><\/div><\/p>","protected":false},"author":1022,"featured_media":0,"comment_status":"open","ping_status":"closed","sticky":false,"template":"","format":"standard","meta":[],"categories":[34304,87,34319],"tags":[297974,26,27591,44566,18095],"_links":{"self":[{"href":"https:\/\/blog.ilgiornale.it\/spirli\/wp-json\/wp\/v2\/posts\/6123"}],"collection":[{"href":"https:\/\/blog.ilgiornale.it\/spirli\/wp-json\/wp\/v2\/posts"}],"about":[{"href":"https:\/\/blog.ilgiornale.it\/spirli\/wp-json\/wp\/v2\/types\/post"}],"author":[{"embeddable":true,"href":"https:\/\/blog.ilgiornale.it\/spirli\/wp-json\/wp\/v2\/users\/1022"}],"replies":[{"embeddable":true,"href":"https:\/\/blog.ilgiornale.it\/spirli\/wp-json\/wp\/v2\/comments?post=6123"}],"version-history":[{"count":10,"href":"https:\/\/blog.ilgiornale.it\/spirli\/wp-json\/wp\/v2\/posts\/6123\/revisions"}],"predecessor-version":[{"id":6133,"href":"https:\/\/blog.ilgiornale.it\/spirli\/wp-json\/wp\/v2\/posts\/6123\/revisions\/6133"}],"wp:attachment":[{"href":"https:\/\/blog.ilgiornale.it\/spirli\/wp-json\/wp\/v2\/media?parent=6123"}],"wp:term":[{"taxonomy":"category","embeddable":true,"href":"https:\/\/blog.ilgiornale.it\/spirli\/wp-json\/wp\/v2\/categories?post=6123"},{"taxonomy":"post_tag","embeddable":true,"href":"https:\/\/blog.ilgiornale.it\/spirli\/wp-json\/wp\/v2\/tags?post=6123"}],"curies":[{"name":"wp","href":"https:\/\/api.w.org\/{rel}","templated":true}]}}