{"id":6214,"date":"2018-11-20T18:01:29","date_gmt":"2018-11-20T16:01:29","guid":{"rendered":"https:\/\/blog.ilgiornale.it\/spirli\/?p=6214"},"modified":"2018-11-20T18:01:29","modified_gmt":"2018-11-20T16:01:29","slug":"pezzo-di-merda-a-chi","status":"publish","type":"post","link":"https:\/\/blog.ilgiornale.it\/spirli\/2018\/11\/20\/pezzo-di-merda-a-chi\/","title":{"rendered":"Pezzo di merda, a chi?"},"content":{"rendered":"<p><strong>Marted\u00ec, 20 novembre 2018 &#8211; San Gregorio il Decapolita &#8211; a Casa Spirl\u00ec, in Calabria<\/strong><\/p>\n<p>[youtube cK5pmR3LyHg]<\/p>\n<p><strong>Gira per i social una protesta furiosa contro una signora, tale\u00a0Angela\u00a0Finocchiaro,<\/strong>\u00a0la quale, nei panni d&#8217;attrice che dovrebbe far ridere, si \u00e8 lasciata andare, davanti ad un pubblico di bambine, ad una delle peggiori violenze e volgarit\u00e0 che la storia della televisione italiana possa &#8220;vantare&#8221; a propria imperitura vergogna. \u00a0Qualche sera fa, infatti, durante la messa in onda del programma di RaiTre<em> &#8220;La tv delle ragazze&#8221;<\/em>, <strong>la cosiddetta comica<\/strong> (a me non fa ridere mai)<strong>\u00a0ha sentenziato, davanti a delle bambine attonite, che \u00a0&#8220;gli uomini sono tutti dei pezzi di merda&#8221;. E, ad una fanciullina che le chiedeva se anche il proprio pap\u00e0 lo fosse, Finocchiaro ha risposto, con malcelato rancore femminista,\u00a0&#8220;soprattutto il tuo pap\u00e0&#8221;.<\/strong><\/p>\n<p>Potrei, in questo istante, cadere nella trappola e tradurre al femminile, con epiteti altrettanto sudici, la schifezza prodotta dalla tizia. Ma, quella trappola, la conosco e la aggiro. Perch\u00e9 io non penso proprio che le donne siano quella cosa l\u00ec. Cos\u00ec come sono certo che gli uomini NON siano pezzi di merda.<\/p>\n<p><strong>Sar\u00e0 che io ho come esempio le donne e gli uomini della mia Famiglia.<\/strong> Sar\u00e0 che anche i miei Amici e le mie Amiche non lo sono. Sar\u00e0 che, nella mia vita ultracinquantenaria, non sono mai riuscito a &#8220;categorizzare&#8221; nessuno, nel bene e nel male. Sar\u00e0 quel che sar\u00e0, ma all&#8217;offensiva affermazione della tipa, peraltro cos\u00ec ottusamente categorica, \u00a0rispondo semplicemente con un sonoro <strong>&#8220;Cretina!&#8221;<\/strong><\/p>\n<p><strong>Questa, del resto, \u00e8 la deriva a cui ci ha condotti un pericolosissimo comunismo violento, cafone, maleducato, becero e falsamente intellettuale,<\/strong> che, per rabbia premortale, sta perdendo\u00a0anche il flebile ricordo di un&#8217;eventuale improbabile origine pseudofilosofica. <strong>S\u00ec, questo \u00e8 lo sbando<\/strong> causato da un incontrollato e triviale <strong>permissivismo<\/strong>, ignorante e arrogante, in una Comunicazione banale, senza rispetto per alcuno, dai bambini agli anziani, e figlio di una rivoluzione zoppa e senza cervello; <strong>\u00e8 il naufragio sociale<\/strong> causato da un sudiciume (im)morale e vergognoso, tipico di una sequela di generazioni postsessantottine, drogate marce e ubriache m\u00e9zze di alcol e robacce da distilleria clandestina, che ha, ormai e purtroppo, invaso le case di tanti Italiani deboli e indifesi, trasformandoli in trogloditi senza controllo, senza buongusto, senza buonsenso.<\/p>\n<p><strong>\u00c8 tempo di reagire! \u00c8 tempo di agire!\u00a0<\/strong>Con fermezza e <em>sine p\u00efetate. <\/em>Ghigliottinando qualsiasi remora, qualsiasi concessione.<\/p>\n<p><strong>Cacciamoli a calci sul grugno dai luoghi del buon esempio e ripuliamo questa Italia offesa,<\/strong> prima che i nostri giovani si trasformino in quadrumani primitivi da pianeta delle scimmie! Difendiamo quel che resta di buono, visto che i campi di grano della nostra Cultura e della nostra Identit\u00e0\u00a0\u00a0si stanno, via via, trasformando in tundre aride e desolate&#8230; <strong>Custodiamo i pi\u00f9 indifesi &#8211;\u00a0<\/strong>rifiutando e sputando all&#8217;inferno questa teppa che ha fatto il proprio tempo &#8211;<strong>\u00a0e affidiamoli a veri artisti, veri educatori, veri Amici.<\/strong><\/p>\n<p><strong>#LItalias\u00e8desta #Railiberata #Rairinnovata #Rairipulita #Raiaffidabile #RaiAmica #pezzodimerdaachi?<\/strong><\/p>\n<p><strong>\u00a0<\/strong><\/p>\n<p>&nbsp;<\/p>\n<p>&nbsp;<\/p>\n<p>&nbsp;<\/p>\n","protected":false},"excerpt":{"rendered":"<p><p>Marted\u00ec, 20 novembre 2018 &#8211; San Gregorio il Decapolita &#8211; a Casa Spirl\u00ec, in Calabria [youtube cK5pmR3LyHg] Gira per i social una protesta furiosa contro una signora, tale\u00a0Angela\u00a0Finocchiaro,\u00a0la quale, nei panni d&#8217;attrice che dovrebbe far ridere, si \u00e8 lasciata andare, davanti ad un pubblico di bambine, ad una delle peggiori violenze e volgarit\u00e0 che la storia della televisione italiana possa &#8220;vantare&#8221; a propria imperitura vergogna. \u00a0Qualche sera fa, infatti, durante la messa in onda del programma di RaiTre &#8220;La tv delle ragazze&#8221;, la cosiddetta comica (a me non fa ridere mai)\u00a0ha sentenziato, davanti a delle bambine attonite, che \u00a0&#8220;gli uomini [&hellip;]<\/p>\n&nbsp;&nbsp;<div class=\"readmore\"><a href=\"https:\/\/blog.ilgiornale.it\/spirli\/2018\/11\/20\/pezzo-di-merda-a-chi\/\">Continua a leggere...<\/a><\/div><\/p>","protected":false},"author":1022,"featured_media":0,"comment_status":"open","ping_status":"closed","sticky":false,"template":"","format":"standard","meta":[],"categories":[34304,87,34319],"tags":[347663,34372,20873,51882,347662],"_links":{"self":[{"href":"https:\/\/blog.ilgiornale.it\/spirli\/wp-json\/wp\/v2\/posts\/6214"}],"collection":[{"href":"https:\/\/blog.ilgiornale.it\/spirli\/wp-json\/wp\/v2\/posts"}],"about":[{"href":"https:\/\/blog.ilgiornale.it\/spirli\/wp-json\/wp\/v2\/types\/post"}],"author":[{"embeddable":true,"href":"https:\/\/blog.ilgiornale.it\/spirli\/wp-json\/wp\/v2\/users\/1022"}],"replies":[{"embeddable":true,"href":"https:\/\/blog.ilgiornale.it\/spirli\/wp-json\/wp\/v2\/comments?post=6214"}],"version-history":[{"count":7,"href":"https:\/\/blog.ilgiornale.it\/spirli\/wp-json\/wp\/v2\/posts\/6214\/revisions"}],"predecessor-version":[{"id":6221,"href":"https:\/\/blog.ilgiornale.it\/spirli\/wp-json\/wp\/v2\/posts\/6214\/revisions\/6221"}],"wp:attachment":[{"href":"https:\/\/blog.ilgiornale.it\/spirli\/wp-json\/wp\/v2\/media?parent=6214"}],"wp:term":[{"taxonomy":"category","embeddable":true,"href":"https:\/\/blog.ilgiornale.it\/spirli\/wp-json\/wp\/v2\/categories?post=6214"},{"taxonomy":"post_tag","embeddable":true,"href":"https:\/\/blog.ilgiornale.it\/spirli\/wp-json\/wp\/v2\/tags?post=6214"}],"curies":[{"name":"wp","href":"https:\/\/api.w.org\/{rel}","templated":true}]}}