{"id":6315,"date":"2019-01-25T01:30:15","date_gmt":"2019-01-24T23:30:15","guid":{"rendered":"https:\/\/blog.ilgiornale.it\/spirli\/?p=6315"},"modified":"2019-01-25T01:30:15","modified_gmt":"2019-01-24T23:30:15","slug":"chiese-vuote-fedeli-in-fuga-da-bergoglio","status":"publish","type":"post","link":"https:\/\/blog.ilgiornale.it\/spirli\/2019\/01\/25\/chiese-vuote-fedeli-in-fuga-da-bergoglio\/","title":{"rendered":"Chiese vuote, fedeli in fuga da Bergoglio"},"content":{"rendered":"<p><strong>Gioved\u00ec, 24 gennaio 2019 &#8211; San Francesco di Sales, Patrono di Scrittori e Giornalisti &#8211; da Casa Spirl\u00ec, in Calabria<\/strong><\/p>\n<p><a href=\"https:\/\/blog.ilgiornale.it\/spirli\/files\/2019\/01\/11.jpg\"><img loading=\"lazy\" class=\"alignnone size-full wp-image-6316\" src=\"https:\/\/blog.ilgiornale.it\/spirli\/files\/2019\/01\/11.jpg\" alt=\"1\" width=\"291\" height=\"173\" \/><\/a><\/p>\n<p><strong>Non ce l&#8217;ha fatta! Il pastore dei pastori, e di tutte le greggi che formano IL Gregge, non ha convinto.<\/strong> Non ci ha &#8220;acchiappati&#8221; quella sua aria fintamente bonaria. Tantomeno il suo tono istrionicamente paterno. Non ci hanno calamitato le battute fuori copione, n\u00e9 i rimbrotti da compagno di bevute. Volevamo un Papa, non un nonno rompicoglioni e cos\u00ec poco ieratico.<\/p>\n<p><strong>Ci eravamo abituati bene, col Pastore Polacco dall&#8217;Anima antica,<\/strong>\u00a0il <strong>Papa Wojtyla figlio della guerra<\/strong>, che ha patito pubblicamente le piaghe della sua Croce fino alla fine dei giorni. <strong>Meglio ci era andata con un Santo vivente, quel Benedetto XVI,<\/strong> ancora e per sempre Papa, che incarna<strong> il Cristianesimo, il Cattolicesimo,<\/strong> come nessuno mai! Ma con lui, col don Camillo gesuita da bassifondi che viene dalla fine del mondo &#8211; in tutti i sensi &#8211; abbiamo perso proprio la bussola! Non ci guida in nessun pascolo, non ci insegna nulla di nuovo, ma ci cancella secoli di Dogmi che ci servono, e ci piacciono, nella nostra parentela con la Santa Trinit\u00e0. Ci allontana dagli altari, facendoci dubitare della divinit\u00e0 di Nostro Signore. <strong>Un Ges\u00f9 socialista lo avevamo gi\u00e0 sentito biascicare a qualche becero comunistoide con senso di colpa, ma da un Sommo Pontefice&#8230; mmmhmmm&#8230;. ci aspettavamo ben altre Verit\u00e0!<\/strong><\/p>\n<p><strong>Le chiese si svuotano, perch\u00e9 lui le tratta come trattorie per clandestini<\/strong> e ufficio di collocamento per preti politicizzati; perch\u00e9 i santi sacerdoti che difendono i propri voti si stanno sentendo, a sua cagione, quasi fuori luogo; perch\u00e9 noi credenti, praticanti e non, la <strong>Casa di Dio<\/strong> vogliamo che resti quel luogo sacro nel quale sentire ancora quel senso di filiale disagio solo ad entrarci. Quel sacro timore, quel balbettio che ci pervadono le carni, consce di aver sbagliato in qualcosa. In un pensiero, una parola, un&#8217;opera, un&#8217;omissione, come teniamo a dichiarare nel <strong><em>Confiteor<\/em><\/strong>. \u00a0Perch\u00e9, se devo entrare spavaldo in una sala di un&#8217;associazione invece che in un tempio, allora scelgo il Circolo del burraco.<\/p>\n<p>Il fatto \u00e8 che, invece, <strong>la Fede mi conduce in quella meraviglia che \u00e8 lo scrigno che racchiude il Tabernacolo. La Casa del <em>Mysterium Fidei.<\/em><\/strong>\u00a0Davanti a quella porticina che protegge il <strong>Corpo di Cristo, mio Signore, mio Dio. Del Quale, non solo non mi vergogno, ma mi compiaccio!\u00a0<\/strong><\/p>\n<p><strong>Ah! Quanto amo essere e manifestarmi Cristiano. E Cattolico!<\/strong> Quanto mi appassiona la recita giornaliera del <strong>Santo Rosario<\/strong>! Quanto mi onora questo <strong>Scapolare del Carmelo<\/strong> che indosso h24 come un ulteriore e pi\u00f9 nobile strato di pelle!<\/p>\n<p>Ma, devo essere sincero, fosse per questo vescovo di Roma, del quale dubitiamo, fra l&#8217;altro, la\u00a0legittimit\u00e0, avrei gi\u00e0 chiesto ai fratelli ortodossi di aiutarmi a raggiungerli. Nonostante il dramma del <em><strong>Filioque<\/strong><\/em>&#8230;<\/p>\n<p>Bergoglio \u00e8 divisivo, fingendo di voler globalizzare. Fissato con un cristianesimo da centro sociale, dimentica che <strong>Dio SI \u00c8 SCELTO UN POPOLO!<\/strong> \u00a0E che <strong>CRISTO ha SCELTO I PROPRI DISCEPOLI<\/strong>! E che i <strong>Vangeli<\/strong> sono pieni di affermazioni di <strong>GES\u00d9<\/strong> sulla necessit\u00e0 di SCEGLIERLO.<\/p>\n<p><strong>CRISTO NON \u00c8 PER TUTTI!\u00a0<\/strong>E essere <strong>CRISTIANI\u00a0<\/strong>\u00e8 un impegno preciso. Duro, s\u00ec, ma addolcito dall&#8217;Amore del <strong>Padre<\/strong> e dalla Sua Misericordia. Oltre che dalla materna pazienza di <strong>Maria<\/strong>\u00a0<strong>Madre di tutte le madri<\/strong>.<\/p>\n<p><strong>A chi ci odia, non rispondiamo con lo stesso sentimento, ma nemmeno con la consegna passiva.<\/strong> La <strong>Croce<\/strong> l&#8217;ha gi\u00e0 &#8220;indossata&#8221; per noi, il nostro <strong>Dio<\/strong>: a noi tocca difender<strong>Lo<\/strong> dalla dabbenaggine, dal relativismo, dalla negazione. <strong>Dal demonio, insomma. Che, oggi, veste fin troppi abiti.<\/strong><\/p>\n<p><strong>A volte, anche la tonaca.<\/strong><\/p>\n<p>&nbsp;<\/p>\n","protected":false},"excerpt":{"rendered":"<p><p>Gioved\u00ec, 24 gennaio 2019 &#8211; San Francesco di Sales, Patrono di Scrittori e Giornalisti &#8211; da Casa Spirl\u00ec, in Calabria Non ce l&#8217;ha fatta! Il pastore dei pastori, e di tutte le greggi che formano IL Gregge, non ha convinto. Non ci ha &#8220;acchiappati&#8221; quella sua aria fintamente bonaria. Tantomeno il suo tono istrionicamente paterno. Non ci hanno calamitato le battute fuori copione, n\u00e9 i rimbrotti da compagno di bevute. Volevamo un Papa, non un nonno rompicoglioni e cos\u00ec poco ieratico. Ci eravamo abituati bene, col Pastore Polacco dall&#8217;Anima antica,\u00a0il Papa Wojtyla figlio della guerra, che ha patito pubblicamente le [&hellip;]<\/p>\n&nbsp;&nbsp;<div class=\"readmore\"><a href=\"https:\/\/blog.ilgiornale.it\/spirli\/2019\/01\/25\/chiese-vuote-fedeli-in-fuga-da-bergoglio\/\">Continua a leggere...<\/a><\/div><\/p>","protected":false},"author":1022,"featured_media":0,"comment_status":"open","ping_status":"closed","sticky":false,"template":"","format":"standard","meta":[],"categories":[34304,87,247],"tags":[4069,34383,44090,347687,13311,347686,4584],"_links":{"self":[{"href":"https:\/\/blog.ilgiornale.it\/spirli\/wp-json\/wp\/v2\/posts\/6315"}],"collection":[{"href":"https:\/\/blog.ilgiornale.it\/spirli\/wp-json\/wp\/v2\/posts"}],"about":[{"href":"https:\/\/blog.ilgiornale.it\/spirli\/wp-json\/wp\/v2\/types\/post"}],"author":[{"embeddable":true,"href":"https:\/\/blog.ilgiornale.it\/spirli\/wp-json\/wp\/v2\/users\/1022"}],"replies":[{"embeddable":true,"href":"https:\/\/blog.ilgiornale.it\/spirli\/wp-json\/wp\/v2\/comments?post=6315"}],"version-history":[{"count":2,"href":"https:\/\/blog.ilgiornale.it\/spirli\/wp-json\/wp\/v2\/posts\/6315\/revisions"}],"predecessor-version":[{"id":6318,"href":"https:\/\/blog.ilgiornale.it\/spirli\/wp-json\/wp\/v2\/posts\/6315\/revisions\/6318"}],"wp:attachment":[{"href":"https:\/\/blog.ilgiornale.it\/spirli\/wp-json\/wp\/v2\/media?parent=6315"}],"wp:term":[{"taxonomy":"category","embeddable":true,"href":"https:\/\/blog.ilgiornale.it\/spirli\/wp-json\/wp\/v2\/categories?post=6315"},{"taxonomy":"post_tag","embeddable":true,"href":"https:\/\/blog.ilgiornale.it\/spirli\/wp-json\/wp\/v2\/tags?post=6315"}],"curies":[{"name":"wp","href":"https:\/\/api.w.org\/{rel}","templated":true}]}}