{"id":6326,"date":"2019-02-17T21:27:54","date_gmt":"2019-02-17T19:27:54","guid":{"rendered":"https:\/\/blog.ilgiornale.it\/spirli\/?p=6326"},"modified":"2019-02-17T21:27:54","modified_gmt":"2019-02-17T19:27:54","slug":"bergoglio-i-selfie-la-chiesa-in-declino","status":"publish","type":"post","link":"https:\/\/blog.ilgiornale.it\/spirli\/2019\/02\/17\/bergoglio-i-selfie-la-chiesa-in-declino\/","title":{"rendered":"Bergoglio, i selfie, la Chiesa in declino"},"content":{"rendered":"<p><strong>Luned\u00ec, 18 febbraio 2019 &#8211; senza santi in paradiso &#8211; da Casa Spirl\u00ec, Calabria<\/strong><\/p>\n<p><a href=\"https:\/\/blog.ilgiornale.it\/spirli\/files\/2019\/02\/1selfie.jpg\"><img loading=\"lazy\" class=\"alignnone size-medium wp-image-6328\" src=\"https:\/\/blog.ilgiornale.it\/spirli\/files\/2019\/02\/1selfie-300x125.jpg\" alt=\"1selfie\" width=\"300\" height=\"125\" srcset=\"https:\/\/blog.ilgiornale.it\/spirli\/files\/2019\/02\/1selfie-300x125.jpg 300w, https:\/\/blog.ilgiornale.it\/spirli\/files\/2019\/02\/1selfie.jpg 960w\" sizes=\"(max-width: 300px) 100vw, 300px\" \/><\/a><\/p>\n<p><strong>Bastaaaaa! Fermatelo! Ditegli qualcosa che lo convinca a smettere questa farsa del papa della porta accanto!<\/strong> I Cristiani hanno ancora bisogno di un Santo Padre, di un SOMMO Pontefice, di Sua Santit\u00e0. Di preti socialcomunisti, rovina della Chiesa, ne abbiamo avuti e ne abbiamo gi\u00e0 fin troppi!<\/p>\n<p>Basta, con queste esternazioni da libero pensatore! <strong>(<em>Bergoglio, se non te ne sei accorto, IL CONCLAVE ti ha eletto PAPA! Ha sbagliato, va bene, ma, ormai, la frittata l&#8217;ha fatta! )<\/em><\/strong><\/p>\n<p>Questo vescovo non perde occasione per sminuire, polverizzare, annichilire la Maest\u00e0 del ruolo. Non gli piacciono le corone? Beh, allora dovrebbe cambiare tutte le preghiere del Cattolicesimo, del Cristianesimo addirittura; dovrebbe &#8220;Scoronare&#8221; la Vergine Maria; dovrebbe correggere tutta la Bibbia, dalla Genesi all&#8217;Apocalisse&#8230; eccetera eccetera&#8230;<\/p>\n<p><strong>Al Papa non \u00e8 richiesto, n\u00e9 consentito, prendere parte ad alcuna lotta partigiana.<\/strong> Il Papa \u00e8 super partes e riferimento per tutti, a prescindere da ogni umana miseria&#8230;<\/p>\n<p>Diteglielo, a questo gaucho sordo e testone! <strong>Da quando c&#8217;\u00e8 lui appoggiato al Trono di Pietro, la Chiesa ha perso smalto e credibilit\u00e0. Non \u00e8 pi\u00f9 il Riferimento del gregge!<\/strong><\/p>\n<p>Se non se ne va, questo pastore bislacco ci condurr\u00e0 all&#8217;abisso. A meno che, o gregge del Signore, non lo accontentiamo e lo aggiriamo: oKKupiamo la Chiesa e autogestiamoci fino alla prossima Sede Vacante&#8230;<\/p>\n<p><strong>Ci mancava solo il selfie sindacale&#8230;<\/strong><\/p>\n<p>#Dioperdonaperch\u00e9nonsaquelchefa #Bergoglioselfie #selfieBergoglio<\/p>\n<p>#Cattolicesimo #ChiesaCattolica #Cristianesimo #Pontifex #Papa #MisterodellaFede #Ges\u00f9Cristo #Ges\u00f9<\/p>\n<p>&nbsp;<\/p>\n","protected":false},"excerpt":{"rendered":"<p><p>Luned\u00ec, 18 febbraio 2019 &#8211; senza santi in paradiso &#8211; da Casa Spirl\u00ec, Calabria Bastaaaaa! Fermatelo! Ditegli qualcosa che lo convinca a smettere questa farsa del papa della porta accanto! I Cristiani hanno ancora bisogno di un Santo Padre, di un SOMMO Pontefice, di Sua Santit\u00e0. Di preti socialcomunisti, rovina della Chiesa, ne abbiamo avuti e ne abbiamo gi\u00e0 fin troppi! Basta, con queste esternazioni da libero pensatore! (Bergoglio, se non te ne sei accorto, IL CONCLAVE ti ha eletto PAPA! Ha sbagliato, va bene, ma, ormai, la frittata l&#8217;ha fatta! ) Questo vescovo non perde occasione per sminuire, polverizzare, [&hellip;]<\/p>\n&nbsp;&nbsp;<div class=\"readmore\"><a href=\"https:\/\/blog.ilgiornale.it\/spirli\/2019\/02\/17\/bergoglio-i-selfie-la-chiesa-in-declino\/\">Continua a leggere...<\/a><\/div><\/p>","protected":false},"author":1022,"featured_media":0,"comment_status":"open","ping_status":"closed","sticky":false,"template":"","format":"standard","meta":[],"categories":[34304,87,34319],"tags":[34383,34459,116,13311,16137,23456],"_links":{"self":[{"href":"https:\/\/blog.ilgiornale.it\/spirli\/wp-json\/wp\/v2\/posts\/6326"}],"collection":[{"href":"https:\/\/blog.ilgiornale.it\/spirli\/wp-json\/wp\/v2\/posts"}],"about":[{"href":"https:\/\/blog.ilgiornale.it\/spirli\/wp-json\/wp\/v2\/types\/post"}],"author":[{"embeddable":true,"href":"https:\/\/blog.ilgiornale.it\/spirli\/wp-json\/wp\/v2\/users\/1022"}],"replies":[{"embeddable":true,"href":"https:\/\/blog.ilgiornale.it\/spirli\/wp-json\/wp\/v2\/comments?post=6326"}],"version-history":[{"count":5,"href":"https:\/\/blog.ilgiornale.it\/spirli\/wp-json\/wp\/v2\/posts\/6326\/revisions"}],"predecessor-version":[{"id":6332,"href":"https:\/\/blog.ilgiornale.it\/spirli\/wp-json\/wp\/v2\/posts\/6326\/revisions\/6332"}],"wp:attachment":[{"href":"https:\/\/blog.ilgiornale.it\/spirli\/wp-json\/wp\/v2\/media?parent=6326"}],"wp:term":[{"taxonomy":"category","embeddable":true,"href":"https:\/\/blog.ilgiornale.it\/spirli\/wp-json\/wp\/v2\/categories?post=6326"},{"taxonomy":"post_tag","embeddable":true,"href":"https:\/\/blog.ilgiornale.it\/spirli\/wp-json\/wp\/v2\/tags?post=6326"}],"curies":[{"name":"wp","href":"https:\/\/api.w.org\/{rel}","templated":true}]}}