{"id":6334,"date":"2019-03-03T22:06:43","date_gmt":"2019-03-03T20:06:43","guid":{"rendered":"https:\/\/blog.ilgiornale.it\/spirli\/?p=6334"},"modified":"2019-03-03T22:06:43","modified_gmt":"2019-03-03T20:06:43","slug":"ma-la-malapolitica","status":"publish","type":"post","link":"https:\/\/blog.ilgiornale.it\/spirli\/2019\/03\/03\/ma-la-malapolitica\/","title":{"rendered":"Ma la malapolitica?"},"content":{"rendered":"<p><strong>Domenica 3 marzo 2019 &#8211; San Marino &#8211; da Casa Spirl\u00ec, Calabria\u00a0<\/strong><\/p>\n<p>Non ne avevamo proprio bisogno, di imbarcare altre &#8220;giovani generazioni&#8221; di parlamentari ignoranti di politica e di amministrazione della Cosa Pubblica. Cos\u00ec come speravamo che non rimanesse neanche il ricordo delle mignotte di Stato di precedenti forniture. E cos\u00ec come pregavamo gli dei\u00a0che i caini malfattori di canuto pelo si autodistruggessero prima dell&#8217;apertura dei seggi elettorali del marzo 2018. Invece, no!<\/p>\n<p>Su quegli scranni continua a sedere di tutto. Come in quel passato orrido, durante il quale ci siamo affielati per la presenza di pornoattrici, terroristi assassini, confusi sessuali, stragisti, massomafiosi, mafiomassoni, cocainomani, ladroni, truffatori, violenti&#8230;<\/p>\n<p>Fra tanti onesti, che ci credono, nel Palazzo gozzoviglia, ancora una volta, un popolo di masnadieri che continua a danneggiare l&#8217;Italia. Con la protervia di chi sa di aver guadagnato, in quell&#8217;urna di cartone, la gestione del potere. E non il mandato di rappresentare gli Italiani. La #malapolitica non \u00e8 morta e non morir\u00e0 per ora. Anzi! \u00c8 viva, sta bene, ed \u00e8 spalmata, democraticamente, da levante a ponente, dallo Zenith al Nadir.<\/p>\n<p>Ci siamo cascati ancora, nella trappola della speranza. La &#8220;Maledetta Speranza&#8221; che, Ultima Dea, non vuole chiudere gli occhi e schiattare. E, a causa sua e della sua tenacia, noi continuiamo a farci fottere\u00a0dalle orde barbariche! &#8220;Speriamo che questo sia quello buono&#8230; Speriamo che faccia qualcosa di giusto&#8230; Speriamo che non si dimentichi di noi&#8230;&#8221; Speriamo sempre che quel disonesto, che sappiamo disonesto, sia il disonesto buono&#8230;<\/p>\n<p>Li ascolto, mentre, osannati\u00a0come santi all&#8217;altare da intervistatori proni come schiavi egizi altrettanto ignoranti e mascalzoni, vomitano come candele sciolte le solite tiritere sul <em>vedremo<\/em> e <em>cercheremo.\u00a0<\/em>Fra congiuntivi schiaffeggiati e presi a calci, strafalcioni lessicali, &#8220;<em>piuttosto che<\/em>&#8221; usati a cazzo di cane, cercano con cura magistrale di fare lo slalom fra i paletti dell&#8217;onest\u00e0 e della correttezza morale.<\/p>\n<p>Stanno l\u00ec, al sicuro, tutelati dalle distanze e dalle scorte armate: ci parlano dai giornali, dai computer, dagli schermi tv, e, spenti i riflettori, se ne vanno a zonzo a spese nostre. Meno localari dei predecessori, oggi, gli on e i sen si rintanano nelle case degli sponsor a impastare cene e promesse. Fra loro. Modello loggia. Come ieri. Come domani. Hanno solo qualche lacuna sintattica in pi\u00f9, per il resto, tutto uguale a prima.<\/p>\n<p>La #malapolitica non muore. Si riproduce per autofecondazione.<\/p>\n<p>(continua)<\/p>\n<p>&nbsp;<\/p>\n<p>&nbsp;<\/p>\n<p>&nbsp;<\/p>\n","protected":false},"excerpt":{"rendered":"<p><p>Domenica 3 marzo 2019 &#8211; San Marino &#8211; da Casa Spirl\u00ec, Calabria\u00a0 Non ne avevamo proprio bisogno, di imbarcare altre &#8220;giovani generazioni&#8221; di parlamentari ignoranti di politica e di amministrazione della Cosa Pubblica. Cos\u00ec come speravamo che non rimanesse neanche il ricordo delle mignotte di Stato di precedenti forniture. E cos\u00ec come pregavamo gli dei\u00a0che i caini malfattori di canuto pelo si autodistruggessero prima dell&#8217;apertura dei seggi elettorali del marzo 2018. Invece, no! Su quegli scranni continua a sedere di tutto. Come in quel passato orrido, durante il quale ci siamo affielati per la presenza di pornoattrici, terroristi assassini, confusi [&hellip;]<\/p>\n&nbsp;&nbsp;<div class=\"readmore\"><a href=\"https:\/\/blog.ilgiornale.it\/spirli\/2019\/03\/03\/ma-la-malapolitica\/\">Continua a leggere...<\/a><\/div><\/p>","protected":false},"author":1022,"featured_media":0,"comment_status":"open","ping_status":"closed","sticky":false,"template":"","format":"standard","meta":[],"categories":[34304,87,64],"tags":[34296,261504,347694,34372,52222,347693],"_links":{"self":[{"href":"https:\/\/blog.ilgiornale.it\/spirli\/wp-json\/wp\/v2\/posts\/6334"}],"collection":[{"href":"https:\/\/blog.ilgiornale.it\/spirli\/wp-json\/wp\/v2\/posts"}],"about":[{"href":"https:\/\/blog.ilgiornale.it\/spirli\/wp-json\/wp\/v2\/types\/post"}],"author":[{"embeddable":true,"href":"https:\/\/blog.ilgiornale.it\/spirli\/wp-json\/wp\/v2\/users\/1022"}],"replies":[{"embeddable":true,"href":"https:\/\/blog.ilgiornale.it\/spirli\/wp-json\/wp\/v2\/comments?post=6334"}],"version-history":[{"count":9,"href":"https:\/\/blog.ilgiornale.it\/spirli\/wp-json\/wp\/v2\/posts\/6334\/revisions"}],"predecessor-version":[{"id":6343,"href":"https:\/\/blog.ilgiornale.it\/spirli\/wp-json\/wp\/v2\/posts\/6334\/revisions\/6343"}],"wp:attachment":[{"href":"https:\/\/blog.ilgiornale.it\/spirli\/wp-json\/wp\/v2\/media?parent=6334"}],"wp:term":[{"taxonomy":"category","embeddable":true,"href":"https:\/\/blog.ilgiornale.it\/spirli\/wp-json\/wp\/v2\/categories?post=6334"},{"taxonomy":"post_tag","embeddable":true,"href":"https:\/\/blog.ilgiornale.it\/spirli\/wp-json\/wp\/v2\/tags?post=6334"}],"curies":[{"name":"wp","href":"https:\/\/api.w.org\/{rel}","templated":true}]}}