{"id":6385,"date":"2019-04-21T00:15:12","date_gmt":"2019-04-20T22:15:12","guid":{"rendered":"https:\/\/blog.ilgiornale.it\/spirli\/?p=6385"},"modified":"2019-04-21T00:15:12","modified_gmt":"2019-04-20T22:15:12","slug":"se-bergoglio-tacesse-e-il-papa-parlasse","status":"publish","type":"post","link":"https:\/\/blog.ilgiornale.it\/spirli\/2019\/04\/21\/se-bergoglio-tacesse-e-il-papa-parlasse\/","title":{"rendered":"Se Bergoglio tacesse e il Papa parlasse&#8230;"},"content":{"rendered":"<p><strong>Domenica, 21 aprile 2019 &#8211; Pasqua di Resurrezione di Nostro Signore Ges\u00f9 Cristo &#8211; da Casa Spirl\u00ec, in Calabria<\/strong><\/p>\n<p><a href=\"https:\/\/blog.ilgiornale.it\/spirli\/files\/2018\/06\/1Francesco-3.jpg\"><img loading=\"lazy\" class=\"alignnone size-medium wp-image-6018\" src=\"https:\/\/blog.ilgiornale.it\/spirli\/files\/2018\/06\/1Francesco-3-300x200.jpg\" alt=\"????????????????????????????????????????????????????????????????????????????????????????????????????????????????????????????????????????????????????????????????\" width=\"300\" height=\"200\" srcset=\"https:\/\/blog.ilgiornale.it\/spirli\/files\/2018\/06\/1Francesco-3-300x200.jpg 300w, https:\/\/blog.ilgiornale.it\/spirli\/files\/2018\/06\/1Francesco-3.jpg 433w\" sizes=\"(max-width: 300px) 100vw, 300px\" \/><\/a><\/p>\n<p>\u00c8 la notte della Resurrezione. Dovrei pregare, riflettere, riconciliarmi. Ma ho un gran peso sull&#8217;anima. Un macigno che soffoca ogni Ave, Pater e Gloria. Un masso che ha rotto il sentiero verso Dio. Un cono di silenzio nel canto dell&#8217;Alleluia. Quasi una bestemmia, per un umile pellegrino in faticoso cammino, quale sono io.<\/p>\n<p>La mia Fede bambina e innocente \u00e8 continuamente schiaffeggiata, confusa, stressata da questa maniacale ansia di chi indossa la veste bianca di umanizzare fino allo spasimo la Carne Divina dell&#8217;Agnello.<\/p>\n<p>Se avessi voluto seguire un guru, un filosofo, un capopopolo, non avrei consegnato la mia vita al Mysterium Fidei, a Dio, a Ges\u00f9, alla Sua Santa e Immacolata Madre: avrei cercato fra i vecchi libri del liceo \u00a0e mi sarei inebriato delle eleganti pagine scritte da Platone. Il mio adorato compagno di giovent\u00f9. L&#8217;amico a cui mi affidavo quando, bollente\u00a0e rivoluzionario, \u00a0volevo capire cosa significasse accettare la Legge a costo della vita&#8230;<\/p>\n<p>Ma non voglio un compagno di passeggiata, n\u00e9 un maestro di vita. Non mi basta pi\u00f9! Ora che L&#8217;ho trovato, dopo anni di dolori profondi e gioie fugaci, voglio poter riposare nel cuore di Dio. E non permetto ad un vecchio signore, che indossa, spesso sciattamente, un trasparente grembiule bianco sopra ad evidenti abiti da pensionato, di annichilire il Mistero e trattarlo come fosse una rivendicazione sindacale.<\/p>\n<p>In questi giorni, chi veste di bianco dovrebbe riflettere su quanti morti stia consegnando il popolo di Cristo a crudeli assassini che, legittimati dalla confusione della Chiesa, si credono giustizieri e non abominevoli e diabolici boia! Sembra che ammazzare i Cristiani, metaforicamente o realmente, sia quasi permesso, dovuto. Mentre il ricollocamento di delinquenti, clandestini e mignotte sia diventato il nuovo sacramento.<\/p>\n<p>No! Questo peso sulla mia Fede non glielo perdono. Questo malanimo che mi trasmette, mi procura, ogni giorno, non glielo posso proprio perdonare. Questo pianto di rabbia che mi sgorga dalle viscere ad ogni comizio travestito da omelia, lo dovr\u00e0 pur scontare, il signor Bergoglio. Perch\u00e9 non \u00e8 da Papa che parla, ma da attivista di periferia disagiata. Da assistente sociale di favela.<\/p>\n<p>Il Papato \u00e8 altro. E il rispetto della scelta dello Spirito Santo ce lo deve, il prete di strada\u00a0venuto dalla fine del mondo&#8230;<\/p>\n<p>&#8230; il vitello d&#8217;oro 2.0 \u00e8 l&#8217;imbarbarimento della predicazione, la dimenticanza della liturgia, l&#8217;annacquamento del messaggio evangelico, del rigore paolino e petrino&#8230; martiri per niente, ormai.<\/p>\n<p>Ci pensi, Bergoglio. E Viva il Papa!<\/p>\n<p>&nbsp;<\/p>\n<p>&nbsp;<\/p>\n","protected":false},"excerpt":{"rendered":"<p><p>Domenica, 21 aprile 2019 &#8211; Pasqua di Resurrezione di Nostro Signore Ges\u00f9 Cristo &#8211; da Casa Spirl\u00ec, in Calabria \u00c8 la notte della Resurrezione. Dovrei pregare, riflettere, riconciliarmi. Ma ho un gran peso sull&#8217;anima. Un macigno che soffoca ogni Ave, Pater e Gloria. Un masso che ha rotto il sentiero verso Dio. Un cono di silenzio nel canto dell&#8217;Alleluia. Quasi una bestemmia, per un umile pellegrino in faticoso cammino, quale sono io. La mia Fede bambina e innocente \u00e8 continuamente schiaffeggiata, confusa, stressata da questa maniacale ansia di chi indossa la veste bianca di umanizzare fino allo spasimo la Carne [&hellip;]<\/p>\n&nbsp;&nbsp;<div class=\"readmore\"><a href=\"https:\/\/blog.ilgiornale.it\/spirli\/2019\/04\/21\/se-bergoglio-tacesse-e-il-papa-parlasse\/\">Continua a leggere...<\/a><\/div><\/p>","protected":false},"author":1022,"featured_media":0,"comment_status":"open","ping_status":"closed","sticky":false,"template":"","format":"standard","meta":[],"categories":[34304,87],"tags":[34383,34459,13311,17156,44087,16137,68128],"_links":{"self":[{"href":"https:\/\/blog.ilgiornale.it\/spirli\/wp-json\/wp\/v2\/posts\/6385"}],"collection":[{"href":"https:\/\/blog.ilgiornale.it\/spirli\/wp-json\/wp\/v2\/posts"}],"about":[{"href":"https:\/\/blog.ilgiornale.it\/spirli\/wp-json\/wp\/v2\/types\/post"}],"author":[{"embeddable":true,"href":"https:\/\/blog.ilgiornale.it\/spirli\/wp-json\/wp\/v2\/users\/1022"}],"replies":[{"embeddable":true,"href":"https:\/\/blog.ilgiornale.it\/spirli\/wp-json\/wp\/v2\/comments?post=6385"}],"version-history":[{"count":5,"href":"https:\/\/blog.ilgiornale.it\/spirli\/wp-json\/wp\/v2\/posts\/6385\/revisions"}],"predecessor-version":[{"id":6391,"href":"https:\/\/blog.ilgiornale.it\/spirli\/wp-json\/wp\/v2\/posts\/6385\/revisions\/6391"}],"wp:attachment":[{"href":"https:\/\/blog.ilgiornale.it\/spirli\/wp-json\/wp\/v2\/media?parent=6385"}],"wp:term":[{"taxonomy":"category","embeddable":true,"href":"https:\/\/blog.ilgiornale.it\/spirli\/wp-json\/wp\/v2\/categories?post=6385"},{"taxonomy":"post_tag","embeddable":true,"href":"https:\/\/blog.ilgiornale.it\/spirli\/wp-json\/wp\/v2\/tags?post=6385"}],"curies":[{"name":"wp","href":"https:\/\/api.w.org\/{rel}","templated":true}]}}