{"id":6423,"date":"2019-05-18T23:40:51","date_gmt":"2019-05-18T21:40:51","guid":{"rendered":"https:\/\/blog.ilgiornale.it\/spirli\/?p=6423"},"modified":"2019-05-18T23:40:51","modified_gmt":"2019-05-18T21:40:51","slug":"grazie-a-dio-abbiamo-due-papi","status":"publish","type":"post","link":"https:\/\/blog.ilgiornale.it\/spirli\/2019\/05\/18\/grazie-a-dio-abbiamo-due-papi\/","title":{"rendered":"Grazie a Dio, abbiamo due Papi"},"content":{"rendered":"<p><em><strong>Domenica, 19 maggio 2019 &#8211; San Celestino V Papa &#8211; da Casa Spirl\u00ec, in Calabria<\/strong><\/em><\/p>\n<p><a href=\"https:\/\/blog.ilgiornale.it\/spirli\/files\/2019\/05\/Visita-Papa-Emerito-Concistoro-2018.jpg\"><img loading=\"lazy\" class=\"alignnone size-medium wp-image-6424\" src=\"https:\/\/blog.ilgiornale.it\/spirli\/files\/2019\/05\/Visita-Papa-Emerito-Concistoro-2018-300x200.jpg\" alt=\"2018.06.28 Concistoro CPF\" width=\"300\" height=\"200\" srcset=\"https:\/\/blog.ilgiornale.it\/spirli\/files\/2019\/05\/Visita-Papa-Emerito-Concistoro-2018-300x200.jpg 300w, https:\/\/blog.ilgiornale.it\/spirli\/files\/2019\/05\/Visita-Papa-Emerito-Concistoro-2018-1024x683.jpg 1024w, https:\/\/blog.ilgiornale.it\/spirli\/files\/2019\/05\/Visita-Papa-Emerito-Concistoro-2018.jpg 1920w\" sizes=\"(max-width: 300px) 100vw, 300px\" \/><\/a><strong><em>(Tre Papi?)<\/em><\/strong><\/p>\n<p><em><strong>Proprio oggi, nella celebrazione del 723esimo anniversario del Ritorno al Padre di Sua Santit\u00e0 Celestino V, non mi addormento prima di aver dato corpo ad una personale constatazione.<\/strong><\/em><\/p>\n<p><strong>Ringraziamo lo Spirito Santo che ci ha regalato, per questi anni confusi e contraddittori, la possibilit\u00e0 di essere pecore del Pastore che sentiamo pi\u00f9 vicino.<\/strong> Due Papi, un solo gregge, la possibilit\u00e0 di brucare in due pascoli distinti. Uno, quello di Benedetto, santo, evangelico, trascendente, mistico, che riconosce Ges\u00f9 nella Sua Essenza Divina. L&#8217;altro, quello di Francesco, di strada, di periferia, pragmatico, politico, sindacale, meno mistico e pi\u00f9 socialista. Quasi agnostico.<\/p>\n<p>[youtube ujbL0f8aCEo]<\/p>\n<p><strong>Un Papa nonno buono, tutto bianco,<\/strong> rispettoso della Parola, dei Dogmi, della Chiesa e della sua storia, della Dottrina, della Preghiera, della Liturgia. Un Papa che suona il pianoforte, che scrive, che ama la Poesia, gli animali, che accarezza le anime con lo sguardo di velluto, ma difende Cristo e la Santa Madre con la potenza di un Crociato.<\/p>\n<p><strong>Un Papa, l&#8217;altro, che viene dalla fine del mondo.<\/strong> Politico. Caratteriale, scontroso, aggressivo perfino. Che NON si inginocchia mai davanti al SS Sacramento, ma che trova la forza di baciare, carponi, \u00a0le scarpe a quattro africani signori della guerra. Un papa che NON conosce il cerimoniale e che mischia le lingue. Un papa che rifiuta\u00a0le sacre stanze e vive in un pensionato per religiosi misti.<\/p>\n<p><strong>Il Papa Benedetto \u00e8 una sorta di autostrada di Fede che porta dritto verso il Mysterium, in Cielo.<\/strong><\/p>\n<p><strong>Il suo contemporaneo, Francesco, \u00e8 un compagno di lotta di chiunque, in Terra.<\/strong><\/p>\n<p>Io, nella consapevolezza dei miei errori, mi affido alla dolce e paterna protezione del Pastore Benedetto. L&#8217;altro mi confonde. Mi repelle.<\/p>\n<p><strong>Nel Nome del Padre, del Figlio e dello Spirito Santo.<\/strong><\/p>\n<p><strong>\u00a0<\/strong><\/p>\n<p>&nbsp;<\/p>\n<p>&nbsp;<\/p>\n<p>&nbsp;<\/p>\n","protected":false},"excerpt":{"rendered":"<p><p>Domenica, 19 maggio 2019 &#8211; San Celestino V Papa &#8211; da Casa Spirl\u00ec, in Calabria (Tre Papi?) Proprio oggi, nella celebrazione del 723esimo anniversario del Ritorno al Padre di Sua Santit\u00e0 Celestino V, non mi addormento prima di aver dato corpo ad una personale constatazione. Ringraziamo lo Spirito Santo che ci ha regalato, per questi anni confusi e contraddittori, la possibilit\u00e0 di essere pecore del Pastore che sentiamo pi\u00f9 vicino. Due Papi, un solo gregge, la possibilit\u00e0 di brucare in due pascoli distinti. Uno, quello di Benedetto, santo, evangelico, trascendente, mistico, che riconosce Ges\u00f9 nella Sua Essenza Divina. L&#8217;altro, quello [&hellip;]<\/p>\n&nbsp;&nbsp;<div class=\"readmore\"><a href=\"https:\/\/blog.ilgiornale.it\/spirli\/2019\/05\/18\/grazie-a-dio-abbiamo-due-papi\/\">Continua a leggere...<\/a><\/div><\/p>","protected":false},"author":1022,"featured_media":6424,"comment_status":"open","ping_status":"closed","sticky":false,"template":"","format":"standard","meta":[],"categories":[34304,87,247,34319],"tags":[34383,44090,17156,200424,28945,347723],"_links":{"self":[{"href":"https:\/\/blog.ilgiornale.it\/spirli\/wp-json\/wp\/v2\/posts\/6423"}],"collection":[{"href":"https:\/\/blog.ilgiornale.it\/spirli\/wp-json\/wp\/v2\/posts"}],"about":[{"href":"https:\/\/blog.ilgiornale.it\/spirli\/wp-json\/wp\/v2\/types\/post"}],"author":[{"embeddable":true,"href":"https:\/\/blog.ilgiornale.it\/spirli\/wp-json\/wp\/v2\/users\/1022"}],"replies":[{"embeddable":true,"href":"https:\/\/blog.ilgiornale.it\/spirli\/wp-json\/wp\/v2\/comments?post=6423"}],"version-history":[{"count":4,"href":"https:\/\/blog.ilgiornale.it\/spirli\/wp-json\/wp\/v2\/posts\/6423\/revisions"}],"predecessor-version":[{"id":6428,"href":"https:\/\/blog.ilgiornale.it\/spirli\/wp-json\/wp\/v2\/posts\/6423\/revisions\/6428"}],"wp:featuredmedia":[{"embeddable":true,"href":"https:\/\/blog.ilgiornale.it\/spirli\/wp-json\/wp\/v2\/media\/6424"}],"wp:attachment":[{"href":"https:\/\/blog.ilgiornale.it\/spirli\/wp-json\/wp\/v2\/media?parent=6423"}],"wp:term":[{"taxonomy":"category","embeddable":true,"href":"https:\/\/blog.ilgiornale.it\/spirli\/wp-json\/wp\/v2\/categories?post=6423"},{"taxonomy":"post_tag","embeddable":true,"href":"https:\/\/blog.ilgiornale.it\/spirli\/wp-json\/wp\/v2\/tags?post=6423"}],"curies":[{"name":"wp","href":"https:\/\/api.w.org\/{rel}","templated":true}]}}